{"id":108957,"date":"2019-12-18T14:39:23","date_gmt":"2019-12-18T11:39:23","guid":{"rendered":"http:\/\/arantv.az\/?p=108957"},"modified":"2019-12-18T14:39:23","modified_gmt":"2019-12-18T11:39:23","slug":"dask%c9%99ndd%c9%99-metro-tikintisi-zamani-ucqun-bas-verdi","status":"publish","type":"post","link":"https:\/\/arantv.az\/?p=108957","title":{"rendered":"Da\u015fk\u0259ndd\u0259 metro tikintisi zaman\u0131 u\u00e7qun ba\u015f verdi"},"content":{"rendered":"<p>\u00d6zb\u0259kistan\u0131n paytaxt\u0131 Da\u015fk\u0259ndd\u0259 metronun Yunusabad x\u0259ttinin tikintisi zaman\u0131 u\u00e7qun ba\u015f verib.<\/p>\n<p>\u00d6zb\u0259kistan D\u0259mir Yollar\u0131 M\u0259tbuat Xidm\u0259tind\u0259n bildirilib ki, leysan ya\u011f\u0131\u015flar\u0131 n\u0259tic\u0259sind\u0259 tikinti sah\u0259sinin a\u00e7\u0131q \u0259razisind\u0259 f\u00f6vq\u0259lad\u0259 v\u0259ziyy\u0259t yaran\u0131b.<\/p>\n<div id=\"AdviadNativeVideo0\" class=\"AdviadNativeVideo\"><\/div>\n<p>Q\u0259za ba\u015f ver\u0259n \u0259razid\u0259 Ba\u015f nazirin birinci m\u00fcavini, N\u0259qliyyat nazirinin k\u00f6m\u0259k\u00e7isi A\u00e7ilbay Ramatovun \u015f\u0259xsi n\u0259zar\u0259ti il\u0259 t\u0259hqiqat apar\u0131l\u0131r.<\/p>\n<p>Bu d\u0259qiq\u0259y\u0259 q\u0259d\u0259r \u00f6l\u0259n v\u0259 yaralananlar haqq\u0131nda m\u0259lumat yoxdur.<\/p>\n","protected":false},"excerpt":{"rendered":"<p>\u00d6zb\u0259kistan\u0131n paytaxt\u0131 Da\u015fk\u0259ndd\u0259 metronun Yunusabad x\u0259ttinin tikintisi zaman\u0131 u\u00e7qun ba\u015f verib. \u00d6zb\u0259kistan D\u0259mir Yollar\u0131 M\u0259tbuat Xidm\u0259tind\u0259n bildirilib ki, leysan ya\u011f\u0131\u015flar\u0131 n\u0259tic\u0259sind\u0259 tikinti sah\u0259sinin a\u00e7\u0131q \u0259razisind\u0259 f\u00f6vq\u0259lad\u0259 v\u0259ziyy\u0259t yaran\u0131b. Q\u0259za ba\u015f ver\u0259n \u0259razid\u0259 Ba\u015f nazirin birinci m\u00fcavini, N\u0259qliyyat nazirinin k\u00f6m\u0259k\u00e7isi A\u00e7ilbay Ramatovun \u015f\u0259xsi n\u0259zar\u0259ti il\u0259 t\u0259hqiqat apar\u0131l\u0131r. Bu d\u0259qiq\u0259y\u0259 q\u0259d\u0259r \u00f6l\u0259n v\u0259 yaralananlar haqq\u0131nda m\u0259lumat yoxdur.<\/p>\n","protected":false},"author":2,"featured_media":108958,"comment_status":"closed","ping_status":"closed","sticky":false,"template":"","format":"standard","meta":{"om_disable_all_campaigns":false,"_monsterinsights_skip_tracking":false,"_monsterinsights_sitenote_active":false,"_monsterinsights_sitenote_note":"","_monsterinsights_sitenote_category":0},"categories":[7],"tags":[],"aioseo_notices":[],"gutentor_comment":0,"rttpg_featured_image_url":{"full":["https:\/\/arantv.az\/wp-content\/uploads\/2019\/12\/1576660287_photo_2019-12-18_14-05-59.jpg",620,351,false],"landscape":["https:\/\/arantv.az\/wp-content\/uploads\/2019\/12\/1576660287_photo_2019-12-18_14-05-59.jpg",620,351,false],"portraits":["https:\/\/arantv.az\/wp-content\/uploads\/2019\/12\/1576660287_photo_2019-12-18_14-05-59.jpg",620,351,false],"thumbnail":["https:\/\/arantv.az\/wp-content\/uploads\/2019\/12\/1576660287_photo_2019-12-18_14-05-59-150x150.jpg",150,150,true],"medium":["https:\/\/arantv.az\/wp-content\/uploads\/2019\/12\/1576660287_photo_2019-12-18_14-05-59-300x170.jpg",300,170,true],"large":["https:\/\/arantv.az\/wp-content\/uploads\/2019\/12\/1576660287_photo_2019-12-18_14-05-59.jpg",620,351,false],"1536x1536":["https:\/\/arantv.az\/wp-content\/uploads\/2019\/12\/1576660287_photo_2019-12-18_14-05-59.jpg",620,351,false],"2048x2048":["https:\/\/arantv.az\/wp-content\/uploads\/2019\/12\/1576660287_photo_2019-12-18_14-05-59.jpg",620,351,false],"post-thumbnail":["https:\/\/arantv.az\/wp-content\/uploads\/2019\/12\/1576660287_photo_2019-12-18_14-05-59-240x172.jpg",240,172,true],"advps-thumb-one":["https:\/\/arantv.az\/wp-content\/uploads\/2019\/12\/1576660287_photo_2019-12-18_14-05-59.jpg",620,351,false]},"rttpg_author":{"display_name":"V\u00fcsal Rafiqo\u011flu","author_link":"https:\/\/arantv.az\/?author=2"},"rttpg_comment":0,"rttpg_category":"<a href=\"https:\/\/arantv.az\/?cat=7\" rel=\"category\">D\u00fcnya<\/a>","rttpg_excerpt":"\u00d6zb\u0259kistan\u0131n paytaxt\u0131 Da\u015fk\u0259ndd\u0259 metronun Yunusabad x\u0259ttinin tikintisi zaman\u0131 u\u00e7qun ba\u015f verib. \u00d6zb\u0259kistan D\u0259mir Yollar\u0131 M\u0259tbuat Xidm\u0259tind\u0259n bildirilib ki, leysan ya\u011f\u0131\u015flar\u0131 n\u0259tic\u0259sind\u0259 tikinti sah\u0259sinin a\u00e7\u0131q \u0259razisind\u0259 f\u00f6vq\u0259lad\u0259 v\u0259ziyy\u0259t yaran\u0131b. Q\u0259za ba\u015f ver\u0259n \u0259razid\u0259 Ba\u015f nazirin birinci m\u00fcavini, N\u0259qliyyat nazirinin k\u00f6m\u0259k\u00e7isi A\u00e7ilbay Ramatovun \u015f\u0259xsi n\u0259zar\u0259ti il\u0259 t\u0259hqiqat apar\u0131l\u0131r. Bu d\u0259qiq\u0259y\u0259 q\u0259d\u0259r \u00f6l\u0259n v\u0259 yaralananlar haqq\u0131nda m\u0259lumat yoxdur.","_links":{"self":[{"href":"https:\/\/arantv.az\/index.php?rest_route=\/wp\/v2\/posts\/108957"}],"collection":[{"href":"https:\/\/arantv.az\/index.php?rest_route=\/wp\/v2\/posts"}],"about":[{"href":"https:\/\/arantv.az\/index.php?rest_route=\/wp\/v2\/types\/post"}],"author":[{"embeddable":true,"href":"https:\/\/arantv.az\/index.php?rest_route=\/wp\/v2\/users\/2"}],"replies":[{"embeddable":true,"href":"https:\/\/arantv.az\/index.php?rest_route=%2Fwp%2Fv2%2Fcomments&post=108957"}],"version-history":[{"count":0,"href":"https:\/\/arantv.az\/index.php?rest_route=\/wp\/v2\/posts\/108957\/revisions"}],"wp:featuredmedia":[{"embeddable":true,"href":"https:\/\/arantv.az\/index.php?rest_route=\/wp\/v2\/media\/108958"}],"wp:attachment":[{"href":"https:\/\/arantv.az\/index.php?rest_route=%2Fwp%2Fv2%2Fmedia&parent=108957"}],"wp:term":[{"taxonomy":"category","embeddable":true,"href":"https:\/\/arantv.az\/index.php?rest_route=%2Fwp%2Fv2%2Fcategories&post=108957"},{"taxonomy":"post_tag","embeddable":true,"href":"https:\/\/arantv.az\/index.php?rest_route=%2Fwp%2Fv2%2Ftags&post=108957"}],"curies":[{"name":"wp","href":"https:\/\/api.w.org\/{rel}","templated":true}]}}