{"id":108973,"date":"2019-12-18T15:23:25","date_gmt":"2019-12-18T12:23:25","guid":{"rendered":"http:\/\/arantv.az\/?p=108973"},"modified":"2019-12-18T15:23:25","modified_gmt":"2019-12-18T12:23:25","slug":"bu-hal-t%c9%99nqidl%c9%99r%c9%99-s%c9%99b%c9%99b-olur-nazir","status":"publish","type":"post","link":"https:\/\/arantv.az\/?p=108973","title":{"rendered":"Bu hal t\u0259nqidl\u0259r\u0259 s\u0259b\u0259b olur &#8211; Nazir"},"content":{"rendered":"<p>&#8220;T\u0259hsil \u00fczr\u0259 b\u0259zi beyn\u0259lxalq qiym\u0259tl\u0259ndirm\u0259l\u0259rd\u0259 Az\u0259rbaycan\u0131n yeri \u00e7ox y\u00fcks\u0259k g\u00f6r\u00fcnm\u0259y\u0259 bil\u0259r. Bu, b\u0259zi hallarda t\u0259nqidl\u0259r\u0259 d\u0259 s\u0259b\u0259b olur. Ancaq hesab edir\u0259m ki, qiym\u0259tl\u0259ndirm\u0259l\u0259rd\u0259 bizim n\u0259tic\u0259nin y\u00fcks\u0259k olmamas\u0131 i\u015ftirak etm\u0259m\u0259k \u00fc\u00e7\u00fcn \u0259sas g\u0259tiril\u0259 bilm\u0259z&#8221;.<\/p>\n<p><strong>ARANTV.AZ\u00a0<\/strong><a href=\"https:\/\/az.trend.az\/\" target=\"_blank\" rel=\"noopener\">Trend<\/a>-\u0259 istinad\u0259n x\u0259b\u0259r verir ki, bunu T\u0259hsil naziri Ceyhun Bayramov &#8220;Yeni imtahan modeli: islahatlar, n\u0259tic\u0259l\u0259r v\u0259 g\u00f6zl\u0259ntil\u0259r&#8221; adl\u0131 konfransda \u00e7\u0131x\u0131\u015f\u0131 zaman\u0131 deyib.<\/p>\n<p>Onun s\u00f6zl\u0259rin\u0259 g\u00f6r\u0259, beyn\u0259lxalq qiym\u0259tl\u0259ndirm\u0259l\u0259rd\u0259 b\u00fct\u00fcn \u00f6lk\u0259l\u0259r i\u015ftirak etmir. Burada \u0259sas\u0259n inki\u015faf etmi\u015f \u00f6lk\u0259l\u0259r i\u015ftirak edirl\u0259r.<\/p>\n<p>Nazir hesab edir ki, bu \u00f6lk\u0259l\u0259rl\u0259 eyni yar\u0131\u015fmada olma\u011f\u0131n \u00f6z\u00fc m\u00fc\u0259yy\u0259n m\u0259nada bir c\u0259sar\u0259t t\u0259l\u0259b edir: &#8220;H\u0259min beyn\u0259lxalq qiym\u0259tl\u0259ndirm\u0259l\u0259rin n\u0259tic\u0259l\u0259rinin s\u0131ralamas\u0131nda daha vacibi yer tutma\u011f\u0131n analitik t\u0259hlili, buna s\u0259b\u0259b olan amill\u0259r bar\u0259d\u0259 \u00f6lk\u0259y\u0259 t\u0259qdim edil\u0259n \u00e7ox geni\u015f materiallar\u0131n haz\u0131rlanmas\u0131d\u0131r. Bunlar da h\u0259yata ke\u00e7iril\u0259n islahatlar zaman\u0131 m\u00fctl\u0259q n\u0259z\u0259r\u0259 al\u0131nmal\u0131d\u0131r&#8221;.<\/p>\n<p>C.Bayramov qeyd edib ki, \u0259sas m\u0259qamlardan biri d\u0259 Az\u0259rbaycan\u0131n milli qiym\u0259tl\u0259ndirm\u0259l\u0259ri il\u0259 beyn\u0259lxalq qiym\u0259tl\u0259ndirm\u0259 standartlar\u0131 aras\u0131nda f\u0259rql\u0259rin olmas\u0131d\u0131r: &#8220;Bu istiqam\u0259t \u00fczr\u0259 T\u0259hsil Nazirliyi il\u0259 D\u00f6vl\u0259t \u0130mtahan M\u0259rk\u0259zi aras\u0131nda \u0259m\u0259kda\u015fl\u0131q edilir. \u018fsas h\u0259d\u0259fl\u0259rd\u0259n biri beyn\u0259lxalq qiym\u0259tl\u0259ndirm\u0259l\u0259rd\u0259 istifad\u0259 olunan meyarlar\u0131n \u00e7oxunun Az\u0259rbaycanda t\u0259hsil sistemind\u0259 istifad\u0259 etm\u0259kdir&#8221;.<\/p>\n","protected":false},"excerpt":{"rendered":"<p>&#8220;T\u0259hsil \u00fczr\u0259 b\u0259zi beyn\u0259lxalq qiym\u0259tl\u0259ndirm\u0259l\u0259rd\u0259 Az\u0259rbaycan\u0131n yeri \u00e7ox y\u00fcks\u0259k g\u00f6r\u00fcnm\u0259y\u0259 bil\u0259r. Bu, b\u0259zi hallarda t\u0259nqidl\u0259r\u0259 d\u0259 s\u0259b\u0259b olur. Ancaq hesab edir\u0259m ki, qiym\u0259tl\u0259ndirm\u0259l\u0259rd\u0259 bizim n\u0259tic\u0259nin y\u00fcks\u0259k olmamas\u0131 i\u015ftirak etm\u0259m\u0259k \u00fc\u00e7\u00fcn \u0259sas g\u0259tiril\u0259 bilm\u0259z&#8221;. ARANTV.AZ\u00a0Trend-\u0259 istinad\u0259n x\u0259b\u0259r verir ki, bunu T\u0259hsil naziri Ceyhun Bayramov &#8220;Yeni imtahan modeli: islahatlar, n\u0259tic\u0259l\u0259r v\u0259 g\u00f6zl\u0259ntil\u0259r&#8221; adl\u0131 konfransda \u00e7\u0131x\u0131\u015f\u0131 zaman\u0131 deyib. Onun s\u00f6zl\u0259rin\u0259 g\u00f6r\u0259, beyn\u0259lxalq qiym\u0259tl\u0259ndirm\u0259l\u0259rd\u0259 b\u00fct\u00fcn \u00f6lk\u0259l\u0259r i\u015ftirak etmir. Burada \u0259sas\u0259n inki\u015faf etmi\u015f \u00f6lk\u0259l\u0259r i\u015ftirak edirl\u0259r. Nazir hesab edir ki, bu \u00f6lk\u0259l\u0259rl\u0259 eyni yar\u0131\u015fmada olma\u011f\u0131n \u00f6z\u00fc m\u00fc\u0259yy\u0259n m\u0259nada bir c\u0259sar\u0259t t\u0259l\u0259b edir: &#8220;H\u0259min beyn\u0259lxalq qiym\u0259tl\u0259ndirm\u0259l\u0259rin&hellip;<\/p>\n","protected":false},"author":2,"featured_media":108974,"comment_status":"closed","ping_status":"closed","sticky":false,"template":"","format":"standard","meta":{"om_disable_all_campaigns":false,"_monsterinsights_skip_tracking":false,"_monsterinsights_sitenote_active":false,"_monsterinsights_sitenote_note":"","_monsterinsights_sitenote_category":0},"categories":[23],"tags":[],"aioseo_notices":[],"gutentor_comment":0,"rttpg_featured_image_url":{"full":["https:\/\/arantv.az\/wp-content\/uploads\/2019\/12\/811483.jpg",800,600,false],"landscape":["https:\/\/arantv.az\/wp-content\/uploads\/2019\/12\/811483.jpg",800,600,false],"portraits":["https:\/\/arantv.az\/wp-content\/uploads\/2019\/12\/811483.jpg",800,600,false],"thumbnail":["https:\/\/arantv.az\/wp-content\/uploads\/2019\/12\/811483-150x150.jpg",150,150,true],"medium":["https:\/\/arantv.az\/wp-content\/uploads\/2019\/12\/811483-300x225.jpg",300,225,true],"large":["https:\/\/arantv.az\/wp-content\/uploads\/2019\/12\/811483.jpg",640,480,false],"1536x1536":["https:\/\/arantv.az\/wp-content\/uploads\/2019\/12\/811483.jpg",800,600,false],"2048x2048":["https:\/\/arantv.az\/wp-content\/uploads\/2019\/12\/811483.jpg",800,600,false],"post-thumbnail":["https:\/\/arantv.az\/wp-content\/uploads\/2019\/12\/811483-240x172.jpg",240,172,true],"advps-thumb-one":["https:\/\/arantv.az\/wp-content\/uploads\/2019\/12\/811483.jpg",800,600,false]},"rttpg_author":{"display_name":"V\u00fcsal Rafiqo\u011flu","author_link":"https:\/\/arantv.az\/?author=2"},"rttpg_comment":0,"rttpg_category":"<a href=\"https:\/\/arantv.az\/?cat=23\" rel=\"category\">T\u0259hsil<\/a>","rttpg_excerpt":"&#8220;T\u0259hsil \u00fczr\u0259 b\u0259zi beyn\u0259lxalq qiym\u0259tl\u0259ndirm\u0259l\u0259rd\u0259 Az\u0259rbaycan\u0131n yeri \u00e7ox y\u00fcks\u0259k g\u00f6r\u00fcnm\u0259y\u0259 bil\u0259r. Bu, b\u0259zi hallarda t\u0259nqidl\u0259r\u0259 d\u0259 s\u0259b\u0259b olur. Ancaq hesab edir\u0259m ki, qiym\u0259tl\u0259ndirm\u0259l\u0259rd\u0259 bizim n\u0259tic\u0259nin y\u00fcks\u0259k olmamas\u0131 i\u015ftirak etm\u0259m\u0259k \u00fc\u00e7\u00fcn \u0259sas g\u0259tiril\u0259 bilm\u0259z&#8221;. ARANTV.AZ\u00a0Trend-\u0259 istinad\u0259n x\u0259b\u0259r verir ki, bunu T\u0259hsil naziri Ceyhun Bayramov &#8220;Yeni imtahan modeli: islahatlar, n\u0259tic\u0259l\u0259r v\u0259 g\u00f6zl\u0259ntil\u0259r&#8221; adl\u0131 konfransda \u00e7\u0131x\u0131\u015f\u0131 zaman\u0131 deyib.&hellip;","_links":{"self":[{"href":"https:\/\/arantv.az\/index.php?rest_route=\/wp\/v2\/posts\/108973"}],"collection":[{"href":"https:\/\/arantv.az\/index.php?rest_route=\/wp\/v2\/posts"}],"about":[{"href":"https:\/\/arantv.az\/index.php?rest_route=\/wp\/v2\/types\/post"}],"author":[{"embeddable":true,"href":"https:\/\/arantv.az\/index.php?rest_route=\/wp\/v2\/users\/2"}],"replies":[{"embeddable":true,"href":"https:\/\/arantv.az\/index.php?rest_route=%2Fwp%2Fv2%2Fcomments&post=108973"}],"version-history":[{"count":0,"href":"https:\/\/arantv.az\/index.php?rest_route=\/wp\/v2\/posts\/108973\/revisions"}],"wp:featuredmedia":[{"embeddable":true,"href":"https:\/\/arantv.az\/index.php?rest_route=\/wp\/v2\/media\/108974"}],"wp:attachment":[{"href":"https:\/\/arantv.az\/index.php?rest_route=%2Fwp%2Fv2%2Fmedia&parent=108973"}],"wp:term":[{"taxonomy":"category","embeddable":true,"href":"https:\/\/arantv.az\/index.php?rest_route=%2Fwp%2Fv2%2Fcategories&post=108973"},{"taxonomy":"post_tag","embeddable":true,"href":"https:\/\/arantv.az\/index.php?rest_route=%2Fwp%2Fv2%2Ftags&post=108973"}],"curies":[{"name":"wp","href":"https:\/\/api.w.org\/{rel}","templated":true}]}}