{"id":108977,"date":"2019-12-18T15:26:34","date_gmt":"2019-12-18T12:26:34","guid":{"rendered":"http:\/\/arantv.az\/?p=108977"},"modified":"2019-12-18T15:26:34","modified_gmt":"2019-12-18T12:26:34","slug":"qaxin-su-t%c9%99chizati-v%c9%99-kanalizasiya-sisteml%c9%99rinin-yenid%c9%99n-qurulmasina-8-milyon-manat-ayrilib","status":"publish","type":"post","link":"https:\/\/arantv.az\/?p=108977","title":{"rendered":"Qax\u0131n su t\u0259chizat\u0131 v\u0259 kanalizasiya sisteml\u0259rinin yenid\u0259n qurulmas\u0131na 8 milyon manat ayr\u0131l\u0131b"},"content":{"rendered":"<p>Prezident \u0130lham \u018fliyev Qax \u015f\u0259h\u0259rinin su t\u0259chizat\u0131 v\u0259 kanalizasiya sisteml\u0259rinin yenid\u0259n qurulmas\u0131 il\u0259 ba\u011fl\u0131 t\u0259dbirl\u0259r haqq\u0131nda s\u0259r\u0259ncam imzalay\u0131b.<\/p>\n<p><strong>ARANTV.AZ<\/strong>\u00a0<a href=\"https:\/\/az.trend.az\/\" target=\"_blank\" rel=\"noopener\">Trend<\/a>-\u0259 istinad\u0259n x\u0259b\u0259r verir ki, s\u0259r\u0259ncama \u0259sas\u0259n, Qax \u015f\u0259h\u0259rinin su t\u0259chizat\u0131 v\u0259 kanalizasiya sisteml\u0259rinin yenid\u0259n qurulmas\u0131 i\u015fl\u0259rinin davam etdirilm\u0259si m\u0259qs\u0259dil\u0259 Az\u0259rbaycan Respublikas\u0131 Prezidentinin 2019-cu il 15 yanvar tarixli 890 n\u00f6mr\u0259li S\u0259r\u0259ncam\u0131 il\u0259 t\u0259sdiq edilmi\u015f &#8220;Az\u0259rbaycan Respublikas\u0131n\u0131n 2019-cu il d\u00f6vl\u0259t b\u00fcdc\u0259sind\u0259 dig\u0259r layih\u0259l\u0259r \u00fczr\u0259 d\u00f6vl\u0259t \u0259sasl\u0131 v\u0259sait qoyulu\u015fu (investisiya x\u0259rcl\u0259ri) \u00fc\u00e7\u00fcn n\u0259z\u0259rd\u0259 tutulan v\u0259saitin b\u00f6lg\u00fcs\u00fc&#8221;n\u00fcn 1.7.7-ci yar\u0131mb\u0259ndind\u0259 g\u00f6st\u0259rilmi\u015f m\u0259bl\u0259\u011fin 8 milyon manat\u0131 &#8220;Az\u0259rsu&#8221; A\u00e7\u0131q S\u0259hmdar C\u0259miyy\u0259tin\u0259 ayr\u0131l\u0131r.<\/p>\n<p>Maliyy\u0259 Nazirliyi bu S\u0259r\u0259ncam\u0131n 1-ci hiss\u0259sind\u0259 g\u00f6st\u0259ril\u0259n m\u0259bl\u0259\u011fd\u0259 maliyy\u0259l\u0259\u015fm\u0259ni t\u0259min ed\u0259c\u0259k.<\/p>\n<p>Nazirl\u0259r Kabineti bu S\u0259r\u0259ncamdan ir\u0259li g\u0259l\u0259n m\u0259s\u0259l\u0259l\u0259ri h\u0259ll ed\u0259c\u0259k.<\/p>\n","protected":false},"excerpt":{"rendered":"<p>Prezident \u0130lham \u018fliyev Qax \u015f\u0259h\u0259rinin su t\u0259chizat\u0131 v\u0259 kanalizasiya sisteml\u0259rinin yenid\u0259n qurulmas\u0131 il\u0259 ba\u011fl\u0131 t\u0259dbirl\u0259r haqq\u0131nda s\u0259r\u0259ncam imzalay\u0131b. ARANTV.AZ\u00a0Trend-\u0259 istinad\u0259n x\u0259b\u0259r verir ki, s\u0259r\u0259ncama \u0259sas\u0259n, Qax \u015f\u0259h\u0259rinin su t\u0259chizat\u0131 v\u0259 kanalizasiya sisteml\u0259rinin yenid\u0259n qurulmas\u0131 i\u015fl\u0259rinin davam etdirilm\u0259si m\u0259qs\u0259dil\u0259 Az\u0259rbaycan Respublikas\u0131 Prezidentinin 2019-cu il 15 yanvar tarixli 890 n\u00f6mr\u0259li S\u0259r\u0259ncam\u0131 il\u0259 t\u0259sdiq edilmi\u015f &#8220;Az\u0259rbaycan Respublikas\u0131n\u0131n 2019-cu il d\u00f6vl\u0259t b\u00fcdc\u0259sind\u0259 dig\u0259r layih\u0259l\u0259r \u00fczr\u0259 d\u00f6vl\u0259t \u0259sasl\u0131 v\u0259sait qoyulu\u015fu (investisiya x\u0259rcl\u0259ri) \u00fc\u00e7\u00fcn n\u0259z\u0259rd\u0259 tutulan v\u0259saitin b\u00f6lg\u00fcs\u00fc&#8221;n\u00fcn 1.7.7-ci yar\u0131mb\u0259ndind\u0259 g\u00f6st\u0259rilmi\u015f m\u0259bl\u0259\u011fin 8 milyon manat\u0131 &#8220;Az\u0259rsu&#8221; A\u00e7\u0131q S\u0259hmdar C\u0259miyy\u0259tin\u0259 ayr\u0131l\u0131r. Maliyy\u0259 Nazirliyi bu S\u0259r\u0259ncam\u0131n 1-ci hiss\u0259sind\u0259&hellip;<\/p>\n","protected":false},"author":2,"featured_media":108377,"comment_status":"closed","ping_status":"closed","sticky":false,"template":"","format":"standard","meta":{"om_disable_all_campaigns":false,"_monsterinsights_skip_tracking":false,"_monsterinsights_sitenote_active":false,"_monsterinsights_sitenote_note":"","_monsterinsights_sitenote_category":0},"categories":[4],"tags":[],"aioseo_notices":[],"gutentor_comment":0,"rttpg_featured_image_url":{"full":["https:\/\/arantv.az\/wp-content\/uploads\/2019\/12\/2018_ilham_aliyev_03.jpg",1200,900,false],"landscape":["https:\/\/arantv.az\/wp-content\/uploads\/2019\/12\/2018_ilham_aliyev_03.jpg",1200,900,false],"portraits":["https:\/\/arantv.az\/wp-content\/uploads\/2019\/12\/2018_ilham_aliyev_03.jpg",1200,900,false],"thumbnail":["https:\/\/arantv.az\/wp-content\/uploads\/2019\/12\/2018_ilham_aliyev_03-150x150.jpg",150,150,true],"medium":["https:\/\/arantv.az\/wp-content\/uploads\/2019\/12\/2018_ilham_aliyev_03-300x225.jpg",300,225,true],"large":["https:\/\/arantv.az\/wp-content\/uploads\/2019\/12\/2018_ilham_aliyev_03-1024x768.jpg",640,480,true],"1536x1536":["https:\/\/arantv.az\/wp-content\/uploads\/2019\/12\/2018_ilham_aliyev_03.jpg",1200,900,false],"2048x2048":["https:\/\/arantv.az\/wp-content\/uploads\/2019\/12\/2018_ilham_aliyev_03.jpg",1200,900,false],"post-thumbnail":["https:\/\/arantv.az\/wp-content\/uploads\/2019\/12\/2018_ilham_aliyev_03-240x172.jpg",240,172,true],"advps-thumb-one":["https:\/\/arantv.az\/wp-content\/uploads\/2019\/12\/2018_ilham_aliyev_03-1200x620.jpg",1200,620,true]},"rttpg_author":{"display_name":"V\u00fcsal Rafiqo\u011flu","author_link":"https:\/\/arantv.az\/?author=2"},"rttpg_comment":0,"rttpg_category":"<a href=\"https:\/\/arantv.az\/?cat=4\" rel=\"category\">Siyas\u0259t<\/a>","rttpg_excerpt":"Prezident \u0130lham \u018fliyev Qax \u015f\u0259h\u0259rinin su t\u0259chizat\u0131 v\u0259 kanalizasiya sisteml\u0259rinin yenid\u0259n qurulmas\u0131 il\u0259 ba\u011fl\u0131 t\u0259dbirl\u0259r haqq\u0131nda s\u0259r\u0259ncam imzalay\u0131b. ARANTV.AZ\u00a0Trend-\u0259 istinad\u0259n x\u0259b\u0259r verir ki, s\u0259r\u0259ncama \u0259sas\u0259n, Qax \u015f\u0259h\u0259rinin su t\u0259chizat\u0131 v\u0259 kanalizasiya sisteml\u0259rinin yenid\u0259n qurulmas\u0131 i\u015fl\u0259rinin davam etdirilm\u0259si m\u0259qs\u0259dil\u0259 Az\u0259rbaycan Respublikas\u0131 Prezidentinin 2019-cu il 15 yanvar tarixli 890 n\u00f6mr\u0259li S\u0259r\u0259ncam\u0131 il\u0259 t\u0259sdiq edilmi\u015f &#8220;Az\u0259rbaycan Respublikas\u0131n\u0131n 2019-cu&hellip;","_links":{"self":[{"href":"https:\/\/arantv.az\/index.php?rest_route=\/wp\/v2\/posts\/108977"}],"collection":[{"href":"https:\/\/arantv.az\/index.php?rest_route=\/wp\/v2\/posts"}],"about":[{"href":"https:\/\/arantv.az\/index.php?rest_route=\/wp\/v2\/types\/post"}],"author":[{"embeddable":true,"href":"https:\/\/arantv.az\/index.php?rest_route=\/wp\/v2\/users\/2"}],"replies":[{"embeddable":true,"href":"https:\/\/arantv.az\/index.php?rest_route=%2Fwp%2Fv2%2Fcomments&post=108977"}],"version-history":[{"count":0,"href":"https:\/\/arantv.az\/index.php?rest_route=\/wp\/v2\/posts\/108977\/revisions"}],"wp:featuredmedia":[{"embeddable":true,"href":"https:\/\/arantv.az\/index.php?rest_route=\/wp\/v2\/media\/108377"}],"wp:attachment":[{"href":"https:\/\/arantv.az\/index.php?rest_route=%2Fwp%2Fv2%2Fmedia&parent=108977"}],"wp:term":[{"taxonomy":"category","embeddable":true,"href":"https:\/\/arantv.az\/index.php?rest_route=%2Fwp%2Fv2%2Fcategories&post=108977"},{"taxonomy":"post_tag","embeddable":true,"href":"https:\/\/arantv.az\/index.php?rest_route=%2Fwp%2Fv2%2Ftags&post=108977"}],"curies":[{"name":"wp","href":"https:\/\/api.w.org\/{rel}","templated":true}]}}