{"id":109002,"date":"2019-12-18T15:37:59","date_gmt":"2019-12-18T12:37:59","guid":{"rendered":"http:\/\/arantv.az\/?p=109002"},"modified":"2019-12-18T15:37:59","modified_gmt":"2019-12-18T12:37:59","slug":"l%c9%99nk%c9%99randa-g%c9%99nc-qizlar-ucun-t%c9%99dbir-kecirildi","status":"publish","type":"post","link":"https:\/\/arantv.az\/?p=109002","title":{"rendered":"L\u0259nk\u0259randa g\u0259nc q\u0131zlar \u00fc\u00e7\u00fcn t\u0259dbir ke\u00e7irildi"},"content":{"rendered":"<p><strong>&#8220;V\u0259t\u0259nda\u015f\u201d T\u0259dqiqat v\u0259 \u0130nki\u015faf \u0130ctimai Birliyi Az\u0259rbaycan Respublikas\u0131n\u0131n G\u0259ncl\u0259r Fondunun maliyy\u0259 d\u0259st\u0259yi il\u0259 &#8220;Regionda ya\u015fayan g\u0259nc q\u0131zlar\u0131n forumu&#8221; adl\u0131 layih\u0259nin icras\u0131n\u0131 davam etdirib.<\/strong><\/p>\n<p>Layih\u0259nin \u0259sas m\u0259qs\u0259di regionda ya\u015fayan g\u0259nc q\u0131zlar\u0131n f\u0259rdi inki\u015faf strategiyas\u0131n\u0131 izl\u0259m\u0259kl\u0259 onlar\u0131n bilik bacar\u0131qlar\u0131n\u0131 art\u0131rmaq v\u0259 q\u0131zlar aras\u0131nda \u015f\u0259b\u0259k\u0259l\u0259\u015fm\u0259 metodunu istifad\u0259 ed\u0259r\u0259k forum t\u0259\u015fkil etm\u0259kdir. Layih\u0259 G\u0259nc\u0259, Quba v\u0259 L\u0259nk\u0259ran regionunu \u0259hat\u0259 edir.<\/p>\n<p>N\u00f6vb\u0259ti t\u0259dbir 30 noyabrda L\u0259nk\u0259ran \u015f\u0259h\u0259rind\u0259 t\u0259\u015fkil edilib. T\u0259limd\u0259 25 g\u0259nc q\u0131z i\u015ftirak edib. T\u0259lim\u00e7i G\u00fcnel S\u0259f\u0259rova f\u0259rdi inki\u015faf plan\u0131n haz\u0131rlanmas\u0131, strategiya v\u0259 taktikan\u0131n f\u0259rqi, elektron biznes haqq\u0131nda m\u0259lumat verib. T\u0259lim\u00e7i f\u0259rdi inki\u015faf plan\u0131n haz\u0131rlama\u011fa ba\u015flamadan \u00f6nc\u0259 missiya, strategiya v\u0259 plan\u0131n f\u0259rqini izah edib. G.S\u0259f\u0259rova daha sonra plan\u0131n SMART qaydaya uy\u011funlu\u011funu auditoriya il\u0259 m\u00fczakir\u0259 edib. F\u0259rdi inki\u015faf plan\u0131n\u0131n spesifik, \u0259l\u00e7at\u0131ml\u0131, \u00f6l\u00e7\u00fcl\u0259bil\u0259n v\u0259 m\u00fc\u0259yy\u0259n vaxt \u00e7\u0259r\u00e7iv\u0259sin\u0259 uy\u011fun olmas\u0131n\u0131n m\u00fctl\u0259qliyini izah edib. T\u0259lim i\u015ftirak\u00e7\u0131lar\u0131 f\u0259rdi inki\u015faf plan\u0131n\u0131n ki\u00e7ik layih\u0259 il\u0259 m\u00fcqayis\u0259 edib. \u018fsas m\u00fczakir\u0259 olunan m\u0259s\u0259l\u0259 maliyy\u0259nin \u0259ld\u0259 edilm\u0259si il\u0259 ba\u011fl\u0131 idi. Lakin \u015f\u0259b\u0259k\u0259 v\u0259 resurslar vasit\u0259si il\u0259 maliyy\u0259nin \u0259ld\u0259 edilm\u0259sinin m\u00fcmk\u00fcnl\u00fcy\u00fc izah edilib.<\/p>\n<p>G\u0259nc q\u0131zlar f\u0259rdi inki\u015faf plan\u0131n\u0131 haz\u0131rlay\u0131b v\u0259 Qubadan f\u0259rqli olaraq f\u0259rdi inki\u015faf plan\u0131nda regional v\u0259ziyy\u0259tin n\u0259z\u0259r\u0259 al\u0131nmas\u0131 m\u00fczakir\u0259 edilib. G\u0259nc q\u0131zlar f\u0259rdi inki\u015faf plan\u0131 olaraq \u0259l i\u015fl\u0259rinin sat\u0131\u015f\u0131, u\u015faq inki\u015faf m\u0259rk\u0259zi, t\u0259l\u0259b\u0259l\u0259r \u00fc\u00e7\u00fcn kafen\u0131n a\u00e7\u0131lmas\u0131 v\u0259 s. g\u00f6st\u0259rib.<\/p>\n<p>T\u0259limin sonunda g\u0259nc q\u0131zlar \u015f\u0259b\u0259k\u0259nin yarad\u0131lmas\u0131 ideyas\u0131 il\u0259 \u00e7\u0131x\u0131\u015f edibl\u0259r.<\/p>\n<p><img src=\"https:\/\/aktual.az\/file\/pic\/xeber\/2019-12\/1576670482_22.jpg\" alt=\"\" \/><br \/>\n<img src=\"https:\/\/aktual.az\/file\/pic\/xeber\/2019-12\/1576670417_23.jpg\" alt=\"\" \/><\/p>\n","protected":false},"excerpt":{"rendered":"<p>&#8220;V\u0259t\u0259nda\u015f\u201d T\u0259dqiqat v\u0259 \u0130nki\u015faf \u0130ctimai Birliyi Az\u0259rbaycan Respublikas\u0131n\u0131n G\u0259ncl\u0259r Fondunun maliyy\u0259 d\u0259st\u0259yi il\u0259 &#8220;Regionda ya\u015fayan g\u0259nc q\u0131zlar\u0131n forumu&#8221; adl\u0131 layih\u0259nin icras\u0131n\u0131 davam etdirib. Layih\u0259nin \u0259sas m\u0259qs\u0259di regionda ya\u015fayan g\u0259nc q\u0131zlar\u0131n f\u0259rdi inki\u015faf strategiyas\u0131n\u0131 izl\u0259m\u0259kl\u0259 onlar\u0131n bilik bacar\u0131qlar\u0131n\u0131 art\u0131rmaq v\u0259 q\u0131zlar aras\u0131nda \u015f\u0259b\u0259k\u0259l\u0259\u015fm\u0259 metodunu istifad\u0259 ed\u0259r\u0259k forum t\u0259\u015fkil etm\u0259kdir. Layih\u0259 G\u0259nc\u0259, Quba v\u0259 L\u0259nk\u0259ran regionunu \u0259hat\u0259 edir. N\u00f6vb\u0259ti t\u0259dbir 30 noyabrda L\u0259nk\u0259ran \u015f\u0259h\u0259rind\u0259 t\u0259\u015fkil edilib. T\u0259limd\u0259 25 g\u0259nc q\u0131z i\u015ftirak edib. T\u0259lim\u00e7i G\u00fcnel S\u0259f\u0259rova f\u0259rdi inki\u015faf plan\u0131n haz\u0131rlanmas\u0131, strategiya v\u0259 taktikan\u0131n f\u0259rqi, elektron biznes haqq\u0131nda m\u0259lumat verib. T\u0259lim\u00e7i f\u0259rdi inki\u015faf plan\u0131n&hellip;<\/p>\n","protected":false},"author":2,"featured_media":109003,"comment_status":"closed","ping_status":"closed","sticky":false,"template":"","format":"standard","meta":{"om_disable_all_campaigns":false,"_monsterinsights_skip_tracking":false,"_monsterinsights_sitenote_active":false,"_monsterinsights_sitenote_note":"","_monsterinsights_sitenote_category":0},"categories":[2],"tags":[],"aioseo_notices":[],"gutentor_comment":0,"rttpg_featured_image_url":{"full":["https:\/\/arantv.az\/wp-content\/uploads\/2019\/12\/1576670414_1221.jpg",800,450,false],"landscape":["https:\/\/arantv.az\/wp-content\/uploads\/2019\/12\/1576670414_1221.jpg",800,450,false],"portraits":["https:\/\/arantv.az\/wp-content\/uploads\/2019\/12\/1576670414_1221.jpg",800,450,false],"thumbnail":["https:\/\/arantv.az\/wp-content\/uploads\/2019\/12\/1576670414_1221-150x150.jpg",150,150,true],"medium":["https:\/\/arantv.az\/wp-content\/uploads\/2019\/12\/1576670414_1221-300x169.jpg",300,169,true],"large":["https:\/\/arantv.az\/wp-content\/uploads\/2019\/12\/1576670414_1221.jpg",640,360,false],"1536x1536":["https:\/\/arantv.az\/wp-content\/uploads\/2019\/12\/1576670414_1221.jpg",800,450,false],"2048x2048":["https:\/\/arantv.az\/wp-content\/uploads\/2019\/12\/1576670414_1221.jpg",800,450,false],"post-thumbnail":["https:\/\/arantv.az\/wp-content\/uploads\/2019\/12\/1576670414_1221-240x172.jpg",240,172,true],"advps-thumb-one":["https:\/\/arantv.az\/wp-content\/uploads\/2019\/12\/1576670414_1221.jpg",800,450,false]},"rttpg_author":{"display_name":"V\u00fcsal Rafiqo\u011flu","author_link":"https:\/\/arantv.az\/?author=2"},"rttpg_comment":0,"rttpg_category":"<a href=\"https:\/\/arantv.az\/?cat=2\" rel=\"category\">Region X\u0259b\u0259rl\u0259ri<\/a>","rttpg_excerpt":"&#8220;V\u0259t\u0259nda\u015f\u201d T\u0259dqiqat v\u0259 \u0130nki\u015faf \u0130ctimai Birliyi Az\u0259rbaycan Respublikas\u0131n\u0131n G\u0259ncl\u0259r Fondunun maliyy\u0259 d\u0259st\u0259yi il\u0259 &#8220;Regionda ya\u015fayan g\u0259nc q\u0131zlar\u0131n forumu&#8221; adl\u0131 layih\u0259nin icras\u0131n\u0131 davam etdirib. Layih\u0259nin \u0259sas m\u0259qs\u0259di regionda ya\u015fayan g\u0259nc q\u0131zlar\u0131n f\u0259rdi inki\u015faf strategiyas\u0131n\u0131 izl\u0259m\u0259kl\u0259 onlar\u0131n bilik bacar\u0131qlar\u0131n\u0131 art\u0131rmaq v\u0259 q\u0131zlar aras\u0131nda \u015f\u0259b\u0259k\u0259l\u0259\u015fm\u0259 metodunu istifad\u0259 ed\u0259r\u0259k forum t\u0259\u015fkil etm\u0259kdir. Layih\u0259 G\u0259nc\u0259, Quba v\u0259 L\u0259nk\u0259ran regionunu \u0259hat\u0259&hellip;","_links":{"self":[{"href":"https:\/\/arantv.az\/index.php?rest_route=\/wp\/v2\/posts\/109002"}],"collection":[{"href":"https:\/\/arantv.az\/index.php?rest_route=\/wp\/v2\/posts"}],"about":[{"href":"https:\/\/arantv.az\/index.php?rest_route=\/wp\/v2\/types\/post"}],"author":[{"embeddable":true,"href":"https:\/\/arantv.az\/index.php?rest_route=\/wp\/v2\/users\/2"}],"replies":[{"embeddable":true,"href":"https:\/\/arantv.az\/index.php?rest_route=%2Fwp%2Fv2%2Fcomments&post=109002"}],"version-history":[{"count":0,"href":"https:\/\/arantv.az\/index.php?rest_route=\/wp\/v2\/posts\/109002\/revisions"}],"wp:featuredmedia":[{"embeddable":true,"href":"https:\/\/arantv.az\/index.php?rest_route=\/wp\/v2\/media\/109003"}],"wp:attachment":[{"href":"https:\/\/arantv.az\/index.php?rest_route=%2Fwp%2Fv2%2Fmedia&parent=109002"}],"wp:term":[{"taxonomy":"category","embeddable":true,"href":"https:\/\/arantv.az\/index.php?rest_route=%2Fwp%2Fv2%2Fcategories&post=109002"},{"taxonomy":"post_tag","embeddable":true,"href":"https:\/\/arantv.az\/index.php?rest_route=%2Fwp%2Fv2%2Ftags&post=109002"}],"curies":[{"name":"wp","href":"https:\/\/api.w.org\/{rel}","templated":true}]}}