{"id":109014,"date":"2019-12-18T15:47:53","date_gmt":"2019-12-18T12:47:53","guid":{"rendered":"http:\/\/arantv.az\/?p=109014"},"modified":"2019-12-18T15:47:53","modified_gmt":"2019-12-18T12:47:53","slug":"oqtay-%c9%99s%c9%99dov-turkpa-boyuk-siyasi-c%c9%99kiy%c9%99-malik-nufuzlu-parlament-t%c9%99skilatina-cevrilib","status":"publish","type":"post","link":"https:\/\/arantv.az\/?p=109014","title":{"rendered":"Oqtay \u018fs\u0259dov: &#8220;T\u00dcRKPA b\u00f6y\u00fck siyasi \u00e7\u0259kiy\u0259 malik n\u00fcfuzlu parlament t\u0259\u015fkilat\u0131na \u00e7evrilib&#8221;"},"content":{"rendered":"<p>T\u00fcrkdilli \u00d6lk\u0259l\u0259rin Parlament Assambleyas\u0131n\u0131n (T\u00dcRKPA) IX iclas\u0131nda Az\u0259rbaycan\u0131n t\u0259\u015fkilata s\u0259drliyinin prioritetl\u0259ri a\u00e7\u0131qlan\u0131b.<\/p>\n<p><strong>ARANTV.AZ<\/strong>\u00a0\u00a0<a href=\"https:\/\/az.trend.az\/\" target=\"_blank\" rel=\"noopener\">Trend<\/a>-\u0259 istinad\u0259n x\u0259b\u0259r verir ki, Milli M\u0259clisin S\u0259dri Oqtay \u018fs\u0259dov iclasdak\u0131 \u00e7\u0131x\u0131\u015f\u0131nda qar\u015f\u0131dak\u0131 d\u00f6vrd\u0259 T\u00dcRKPA-n\u0131n m\u0259qs\u0259dl\u0259rinin h\u0259yata ke\u00e7m\u0259si \u00fc\u00e7\u00fcn Az\u0259rbaycan t\u0259r\u0259finin laz\u0131m olan b\u00fct\u00fcn t\u0259dbirl\u0259rin g\u00f6r\u00fclm\u0259sin\u0259 \u00e7al\u0131\u015faca\u011f\u0131n\u0131 bildirib.<\/p>\n<p>S\u0259dr deyib ki, t\u0259\u015fkilat\u0131n f\u0259aliyy\u0259t g\u00f6st\u0259rdiyi 10 ild\u0259n art\u0131q m\u00fcdd\u0259t \u0259rzind\u0259 T\u00dcRKPA-n\u0131n \u0259sas t\u0259dbirl\u0259ri \u00fc\u00e7\u00fcnc\u00fc d\u0259f\u0259dir Bak\u0131da ke\u00e7irilir. T\u00dcRKPA b\u00f6y\u00fck siyasi \u00e7\u0259kiy\u0259 malik olan n\u00fcfuzlu parlament t\u0259\u015fkilat\u0131na \u00e7evrilib. Siyasi, iqtisadi, m\u0259d\u0259ni v\u0259 dig\u0259r sah\u0259l\u0259rl\u0259 \u0259laq\u0259l\u0259rimizin inki\u015faf\u0131na Assambleyan\u0131n verdiyi t\u00f6hf\u0259nin ild\u0259n-il\u0259 artmas\u0131 t\u0259\u015fkilat\u0131n f\u0259aliyy\u0259tinin s\u0259m\u0259r\u0259li \u015f\u0259kild\u0259 quruldu\u011funu s\u00fcbut edir. Qar\u015f\u0131dak\u0131 bir il \u0259rzind\u0259 T\u00dcRKPA-ya s\u0259drliyi Az\u0259rbaycan t\u0259r\u0259finin h\u0259yata ke\u00e7ir\u0259c\u0259yini vur\u011fulayan Oqtay \u018fs\u0259dov deyib ki, \u00f6t\u0259n ill\u0259rd\u0259 ba\u015flanm\u0131\u015f b\u00fct\u00fcn \u00f6n\u0259mli i\u015fl\u0259r davam etdiril\u0259c\u0259k. F\u0259aliyy\u0259timizin \u0259sas istiqam\u0259tl\u0259rini \u00fczv \u00f6lk\u0259l\u0259rin milli qanunvericiliyinin yax\u0131nla\u015fd\u0131r\u0131lmas\u0131 v\u0259 model qanunlar\u0131n haz\u0131rlanmas\u0131, komissiyalar\u0131n f\u0259aliyy\u0259tinin g\u00fccl\u0259ndirilm\u0259si, parlament aparatlar\u0131 aras\u0131nda t\u0259cr\u00fcb\u0259 m\u00fcbadil\u0259si proqramlar\u0131n\u0131n davam etdirilm\u0259si t\u0259\u015fkil ed\u0259c\u0259k. T\u00dcRKPA-n\u0131n beyn\u0259lxalq \u0259laq\u0259l\u0259rinin daha da inki\u015faf etdirilm\u0259si d\u0259 \u00f6n\u0259mli f\u0259aliyy\u0259t istiqam\u0259tl\u0259rind\u0259n biri olacaq.<\/p>\n<p>Milli M\u0259clisin s\u0259dri deyib ki, \u00f6t\u0259n d\u00f6vrd\u0259 T\u00dcRKPA-n\u0131n beyn\u0259lxalq al\u0259md\u0259 tan\u0131d\u0131lmas\u0131 \u00fc\u00e7\u00fcn bir s\u0131ra t\u0259dbir h\u0259yata ke\u00e7irilib. T\u0259\u015fkilat\u0131m\u0131z d\u00fcnyan\u0131n 179 \u00f6lk\u0259sinin \u00fczv oldu\u011fu Parlamentl\u0259raras\u0131 \u0130ttifaqda, \u0130slam \u018fm\u0259kda\u015fl\u0131q T\u0259\u015fkilat\u0131n\u0131n Parlament \u0130ttifaq\u0131nda, Qara D\u0259niz \u0130qtisadi \u018fm\u0259kda\u015fl\u0131q T\u0259\u015fkilat\u0131n\u0131n Parlament Assambleyas\u0131nda, Asiya Parlament Assambleyas\u0131nda, Asiyada Qar\u015f\u0131l\u0131ql\u0131 F\u0259aliyy\u0259t v\u0259 Etimad T\u0259dbirl\u0259ri \u00fczr\u0259 M\u00fc\u015favir\u0259 T\u0259\u015fkilat\u0131nda m\u00fc\u015fahid\u0259\u00e7i statusuna malikdir. AT\u018fT Parlament Assambleyas\u0131n\u0131n f\u0259aliyy\u0259tind\u0259 T\u00dcRKPA-n\u0131n qonaq kimi i\u015ftirak etm\u0259si bar\u0259d\u0259 raz\u0131l\u0131q \u0259ld\u0259 edilib. Avropa Parlamenti v\u0259 MDB Parlamentl\u0259raras\u0131 Assambleyas\u0131 il\u0259 \u0259m\u0259kda\u015fl\u0131q \u0259laq\u0259l\u0259ri qurulub. Bundan ba\u015fqa, T\u00dcRKPA-n\u0131n ba\u015f katibi Parlamentl\u0259rin Ba\u015f Katibl\u0259ri Assosiasiyas\u0131n\u0131n \u00fczv\u00fcd\u00fcr, bu fakt da t\u0259\u015fkilat\u0131m\u0131z\u0131n beyn\u0259lxalq n\u00fcfuzundan x\u0259b\u0259r verir. T\u00dcRKPA-n\u0131n beyn\u0259lxalq m\u00fc\u015fahid\u0259\u00e7il\u0259r missiyas\u0131 9 ildir \u00fczv \u00f6lk\u0259l\u0259rd\u0259 ke\u00e7iril\u0259n prezident v\u0259 parlament se\u00e7kil\u0259rini m\u00fc\u015fahid\u0259 edir. G\u0259l\u0259n il \u00f6lk\u0259mizd\u0259 ke\u00e7irilm\u0259si n\u0259z\u0259rd\u0259 tutulan parlament se\u00e7kil\u0259ri d\u0259 T\u00dcRKPA missiyas\u0131 t\u0259r\u0259find\u0259n m\u00fc\u015fahid\u0259 edil\u0259c\u0259k. Bu bax\u0131mdan, missiyan\u0131n f\u0259aliyy\u0259ti n\u00f6vb\u0259ti d\u00f6vrd\u0259 d\u0259 diqq\u0259t m\u0259rk\u0259zind\u0259 olacaq.<\/p>\n<p>O.\u018fs\u0259dov qeyd edib ki, T\u00dcRKPA t\u00fcrk d\u00fcnyas\u0131n\u0131n diasporlar\u0131 aras\u0131nda \u0259m\u0259kda\u015fl\u0131\u011f\u0131n inki\u015faf\u0131na v\u0259 bu sah\u0259d\u0259 m\u00fcvafiq layih\u0259l\u0259rin h\u0259yata ke\u00e7irilm\u0259sin\u0259 d\u0259st\u0259k ver\u0259c\u0259k. T\u00fcrk \u0259m\u0259kda\u015fl\u0131\u011f\u0131 qurumlar\u0131 aras\u0131nda qar\u015f\u0131l\u0131ql\u0131 f\u0259aliyy\u0259tin g\u00fccl\u0259ndirilm\u0259si x\u00fcsusi diqq\u0259t m\u0259rk\u0259zind\u0259 olacaq. \u018flb\u0259tt\u0259, sadalanan bu f\u0259aliyy\u0259t istiqam\u0259tl\u0259ri g\u00f6r\u00fcl\u0259c\u0259k i\u015fl\u0259rin yaln\u0131z \u00fcmumi cizgil\u0259rini m\u00fc\u0259yy\u0259n edir. Bizim f\u0259aliyy\u0259timiz xalqlar\u0131m\u0131z\u0131n \u0259laq\u0259l\u0259rinin inki\u015faf\u0131 \u00fc\u00e7\u00fcn T\u00dcRKPA-n\u0131n i\u015ftirak\u0131, k\u00f6m\u0259yi v\u0259 d\u0259st\u0259yi t\u0259l\u0259b olunan b\u00fct\u00fcn sah\u0259l\u0259ri \u0259hat\u0259 ed\u0259c\u0259k.<\/p>\n","protected":false},"excerpt":{"rendered":"<p>T\u00fcrkdilli \u00d6lk\u0259l\u0259rin Parlament Assambleyas\u0131n\u0131n (T\u00dcRKPA) IX iclas\u0131nda Az\u0259rbaycan\u0131n t\u0259\u015fkilata s\u0259drliyinin prioritetl\u0259ri a\u00e7\u0131qlan\u0131b. ARANTV.AZ\u00a0\u00a0Trend-\u0259 istinad\u0259n x\u0259b\u0259r verir ki, Milli M\u0259clisin S\u0259dri Oqtay \u018fs\u0259dov iclasdak\u0131 \u00e7\u0131x\u0131\u015f\u0131nda qar\u015f\u0131dak\u0131 d\u00f6vrd\u0259 T\u00dcRKPA-n\u0131n m\u0259qs\u0259dl\u0259rinin h\u0259yata ke\u00e7m\u0259si \u00fc\u00e7\u00fcn Az\u0259rbaycan t\u0259r\u0259finin laz\u0131m olan b\u00fct\u00fcn t\u0259dbirl\u0259rin g\u00f6r\u00fclm\u0259sin\u0259 \u00e7al\u0131\u015faca\u011f\u0131n\u0131 bildirib. S\u0259dr deyib ki, t\u0259\u015fkilat\u0131n f\u0259aliyy\u0259t g\u00f6st\u0259rdiyi 10 ild\u0259n art\u0131q m\u00fcdd\u0259t \u0259rzind\u0259 T\u00dcRKPA-n\u0131n \u0259sas t\u0259dbirl\u0259ri \u00fc\u00e7\u00fcnc\u00fc d\u0259f\u0259dir Bak\u0131da ke\u00e7irilir. T\u00dcRKPA b\u00f6y\u00fck siyasi \u00e7\u0259kiy\u0259 malik olan n\u00fcfuzlu parlament t\u0259\u015fkilat\u0131na \u00e7evrilib. Siyasi, iqtisadi, m\u0259d\u0259ni v\u0259 dig\u0259r sah\u0259l\u0259rl\u0259 \u0259laq\u0259l\u0259rimizin inki\u015faf\u0131na Assambleyan\u0131n verdiyi t\u00f6hf\u0259nin ild\u0259n-il\u0259 artmas\u0131 t\u0259\u015fkilat\u0131n f\u0259aliyy\u0259tinin s\u0259m\u0259r\u0259li \u015f\u0259kild\u0259 quruldu\u011funu s\u00fcbut edir. Qar\u015f\u0131dak\u0131 bir&hellip;<\/p>\n","protected":false},"author":2,"featured_media":109015,"comment_status":"closed","ping_status":"closed","sticky":false,"template":"","format":"standard","meta":{"om_disable_all_campaigns":false,"_monsterinsights_skip_tracking":false,"_monsterinsights_sitenote_active":false,"_monsterinsights_sitenote_note":"","_monsterinsights_sitenote_category":0},"categories":[4],"tags":[],"aioseo_notices":[],"gutentor_comment":0,"rttpg_featured_image_url":{"full":["https:\/\/arantv.az\/wp-content\/uploads\/2019\/12\/811519.jpg",587,440,false],"landscape":["https:\/\/arantv.az\/wp-content\/uploads\/2019\/12\/811519.jpg",587,440,false],"portraits":["https:\/\/arantv.az\/wp-content\/uploads\/2019\/12\/811519.jpg",587,440,false],"thumbnail":["https:\/\/arantv.az\/wp-content\/uploads\/2019\/12\/811519-150x150.jpg",150,150,true],"medium":["https:\/\/arantv.az\/wp-content\/uploads\/2019\/12\/811519-300x225.jpg",300,225,true],"large":["https:\/\/arantv.az\/wp-content\/uploads\/2019\/12\/811519.jpg",587,440,false],"1536x1536":["https:\/\/arantv.az\/wp-content\/uploads\/2019\/12\/811519.jpg",587,440,false],"2048x2048":["https:\/\/arantv.az\/wp-content\/uploads\/2019\/12\/811519.jpg",587,440,false],"post-thumbnail":["https:\/\/arantv.az\/wp-content\/uploads\/2019\/12\/811519-240x172.jpg",240,172,true],"advps-thumb-one":["https:\/\/arantv.az\/wp-content\/uploads\/2019\/12\/811519.jpg",587,440,false]},"rttpg_author":{"display_name":"V\u00fcsal Rafiqo\u011flu","author_link":"https:\/\/arantv.az\/?author=2"},"rttpg_comment":0,"rttpg_category":"<a href=\"https:\/\/arantv.az\/?cat=4\" rel=\"category\">Siyas\u0259t<\/a>","rttpg_excerpt":"T\u00fcrkdilli \u00d6lk\u0259l\u0259rin Parlament Assambleyas\u0131n\u0131n (T\u00dcRKPA) IX iclas\u0131nda Az\u0259rbaycan\u0131n t\u0259\u015fkilata s\u0259drliyinin prioritetl\u0259ri a\u00e7\u0131qlan\u0131b. ARANTV.AZ\u00a0\u00a0Trend-\u0259 istinad\u0259n x\u0259b\u0259r verir ki, Milli M\u0259clisin S\u0259dri Oqtay \u018fs\u0259dov iclasdak\u0131 \u00e7\u0131x\u0131\u015f\u0131nda qar\u015f\u0131dak\u0131 d\u00f6vrd\u0259 T\u00dcRKPA-n\u0131n m\u0259qs\u0259dl\u0259rinin h\u0259yata ke\u00e7m\u0259si \u00fc\u00e7\u00fcn Az\u0259rbaycan t\u0259r\u0259finin laz\u0131m olan b\u00fct\u00fcn t\u0259dbirl\u0259rin g\u00f6r\u00fclm\u0259sin\u0259 \u00e7al\u0131\u015faca\u011f\u0131n\u0131 bildirib. S\u0259dr deyib ki, t\u0259\u015fkilat\u0131n f\u0259aliyy\u0259t g\u00f6st\u0259rdiyi 10 ild\u0259n art\u0131q m\u00fcdd\u0259t \u0259rzind\u0259 T\u00dcRKPA-n\u0131n \u0259sas t\u0259dbirl\u0259ri \u00fc\u00e7\u00fcnc\u00fc&hellip;","_links":{"self":[{"href":"https:\/\/arantv.az\/index.php?rest_route=\/wp\/v2\/posts\/109014"}],"collection":[{"href":"https:\/\/arantv.az\/index.php?rest_route=\/wp\/v2\/posts"}],"about":[{"href":"https:\/\/arantv.az\/index.php?rest_route=\/wp\/v2\/types\/post"}],"author":[{"embeddable":true,"href":"https:\/\/arantv.az\/index.php?rest_route=\/wp\/v2\/users\/2"}],"replies":[{"embeddable":true,"href":"https:\/\/arantv.az\/index.php?rest_route=%2Fwp%2Fv2%2Fcomments&post=109014"}],"version-history":[{"count":0,"href":"https:\/\/arantv.az\/index.php?rest_route=\/wp\/v2\/posts\/109014\/revisions"}],"wp:featuredmedia":[{"embeddable":true,"href":"https:\/\/arantv.az\/index.php?rest_route=\/wp\/v2\/media\/109015"}],"wp:attachment":[{"href":"https:\/\/arantv.az\/index.php?rest_route=%2Fwp%2Fv2%2Fmedia&parent=109014"}],"wp:term":[{"taxonomy":"category","embeddable":true,"href":"https:\/\/arantv.az\/index.php?rest_route=%2Fwp%2Fv2%2Fcategories&post=109014"},{"taxonomy":"post_tag","embeddable":true,"href":"https:\/\/arantv.az\/index.php?rest_route=%2Fwp%2Fv2%2Ftags&post=109014"}],"curies":[{"name":"wp","href":"https:\/\/api.w.org\/{rel}","templated":true}]}}