{"id":109234,"date":"2019-12-19T10:58:26","date_gmt":"2019-12-19T07:58:26","guid":{"rendered":"http:\/\/arantv.az\/?p=109234"},"modified":"2019-12-19T10:58:26","modified_gmt":"2019-12-19T07:58:26","slug":"ilham-%c9%99liyev-asan-bizim-intellektual-m%c9%99hsulumuzdur","status":"publish","type":"post","link":"https:\/\/arantv.az\/?p=109234","title":{"rendered":"\u0130lham \u018fliyev: \u201cASAN\u201d bizim intellektual m\u0259hsulumuzdur"},"content":{"rendered":"<p><strong>H\u0259r bir sah\u0259d\u0259 inki\u015faf \u00fc\u00e7\u00fcn b\u00f6y\u00fck meydan\u0131n oldu\u011funu \u00f6n\u0259 \u00e7\u0259k\u0259n d\u00f6vl\u0259timizin ba\u015f\u00e7\u0131s\u0131 bildirir ki, bu g\u00fcn\u00a0Az\u0259rbaycan\u0131n t\u0259kc\u0259 t\u0259bii ehtiyatlar\u0131n\u0131 deyil, eyni zamanda, intellektual m\u0259hsullar\u0131n\u0131 ixrac etm\u0259si bizi f\u0259r\u0259hl\u0259ndirir<\/strong><\/p>\n<p>Yeni inki\u015faf m\u0259rh\u0259l\u0259sinin \u0259sas h\u0259d\u0259fi \u00e7ox\u015fax\u0259li, s\u0259m\u0259r\u0259li v\u0259 innovasiya y\u00f6n\u00fcml\u00fc iqtisadiyyat\u0131n formala\u015fd\u0131r\u0131lmas\u0131, sosial sah\u0259d\u0259 \u00f6nl\u0259yici inki\u015faf trendinin t\u0259min olunmas\u0131 v\u0259 \u0259halinin rifah\u0131n\u0131n layiqli, qabaqc\u0131l beyn\u0259lxalq standartlara uy\u011fun s\u0259viyy\u0259y\u0259 \u00e7atd\u0131r\u0131lmas\u0131, elmin, m\u0259d\u0259niyy\u0259tin inki\u015faf\u0131nda, ictimai h\u0259yat\u0131n b\u00fct\u00fcn istiqam\u0259tl\u0259rind\u0259 yeni nailiyy\u0259tl\u0259rin \u0259ld\u0259 olunmas\u0131d\u0131r.<\/p>\n<p>C\u0259nab \u0130lham \u018fliyev Prezident kimi f\u0259aliyy\u0259t\u0259 ba\u015flad\u0131\u011f\u0131 ilk g\u00fcnd\u0259n u\u011furlar\u0131n davaml\u0131l\u0131\u011f\u0131n\u0131n t\u0259min edilm\u0259sind\u0259 elmin, t\u0259hsilin v\u0259 iqtisadiyyat\u0131n birliyinin yarad\u0131lmas\u0131n\u0131 vacib amil kimi \u00f6n\u0259 \u00e7\u0259kdi. \u201cAz\u0259rbaycan 2020: g\u0259l\u0259c\u0259y\u0259 bax\u0131\u015f\u201d \u0130nki\u015faf Konsepsiyas\u0131n\u0131n icras\u0131nda \u0259sas h\u0259d\u0259fl\u0259rd\u0259n biri m\u0259hz Az\u0259rbaycanda t\u0259hsilin, humanitar sah\u0259l\u0259rin inki\u015faf\u0131na x\u00fcsusi diqq\u0259tin ayr\u0131lmas\u0131, insan amilinin y\u00fcks\u0259k inki\u015faf s\u0259viyy\u0259sin\u0259 nail olunmas\u0131, bilik v\u0259 bacar\u0131qlar\u0131n s\u0259m\u0259r\u0259li t\u0259tbiqi mexanizml\u0259rinin qurulmas\u0131, qloballa\u015fman\u0131n \u00fcst\u00fcnl\u00fckl\u0259rind\u0259n yararlanan inki\u015faf modelin\u0259 ke\u00e7idin t\u0259min olunmas\u0131d\u0131r.<\/p>\n<p>Az\u0259rbaycan\u0131n ev sahibliyi etdiyi beyn\u0259lxalq \u0259h\u0259miyy\u0259tli t\u0259dbirl\u0259r\u00a0 \u00f6lk\u0259mizin bu v\u0259 ya dig\u0259r sah\u0259l\u0259rd\u0259 malik oldu\u011fu imkanlar\u0131n, elmi \u0259saslara s\u00f6yk\u0259n\u0259n iqtisadiyyat\u0131m\u0131z\u0131n u\u011furlar\u0131n\u0131n, \u0259n \u0259sas\u0131 idar\u0259\u00e7ilik sistemind\u0259 t\u0259cr\u00fcb\u0259nin t\u0259qdimat\u0131nda \u0259h\u0259miyy\u0259tli rol oynay\u0131r. D\u00f6vl\u0259timizin ba\u015f\u00e7\u0131s\u0131 \u0130lham \u018fliyevin qeyd etdiyi kimi, h\u0259yat yerind\u0259 durmur, qar\u015f\u0131ya yeni v\u0259zif\u0259l\u0259r qoyulur, yeni \u00e7a\u011f\u0131r\u0131\u015flar qar\u015f\u0131m\u0131zda durur. Az\u0259rbaycanda t\u0259cr\u00fcb\u0259 il\u0259 g\u0259ncl\u0259rin dinamizmi aras\u0131nda v\u0259hd\u0259t yarad\u0131lmal\u0131d\u0131r.<\/p>\n<p>Bu \u00e7a\u011f\u0131r\u0131\u015flar idar\u0259\u00e7ilik sistemind\u0259 t\u0259kmill\u0259\u015fm\u0259l\u0259r\u0259 geni\u015f yol a\u00e7\u0131r ki, bu da \u00f6zl\u00fcy\u00fcnd\u0259 \u00f6lk\u0259nin dayan\u0131ql\u0131 inki\u015faf\u0131n\u0131 \u015f\u0259rtl\u0259ndirir.\u00a0 Bu fakt inkaredilm\u0259zdir ki, \u00f6lk\u0259 o zaman g\u00fccl\u00fc, q\u00fcdr\u0259tli, insanlar\u0131n rifah hal\u0131 y\u00fcks\u0259k olur ki, z\u0259ngin idar\u0259\u00e7ilik t\u0259\u00e7r\u00fcb\u0259sin\u0259 malik r\u0259hb\u0259ri vard\u0131r. Bu fikir beyn\u0259lxalq s\u0259viyy\u0259li t\u0259dbirl\u0259rd\u0259 d\u0259 x\u00fcsusi qeyd olunur ki, yoxsul deyil, yax\u015f\u0131 idar\u0259 olunmayan \u00f6lk\u0259l\u0259r vard\u0131r. Az\u0259rbaycan\u0131n inki\u015faf modeli beyn\u0259lxalq s\u0259viyy\u0259d\u0259 t\u0259qdir olunursa, bu t\u0259kmil islahatlara \u0259saslanan davaml\u0131 inki\u015faf\u0131n n\u0259tic\u0259sidir. Bu ilin m\u00fch\u00fcm beyn\u0259lxalq \u0259h\u0259miyy\u0259tli t\u0259dbirl\u0259ri s\u0131ras\u0131nda yer alan d\u00fcnyan\u0131n 190-dan \u00e7ox \u00f6lk\u0259sind\u0259n 500-d\u0259n art\u0131q n\u00fcmay\u0259nd\u0259nin qat\u0131ld\u0131\u011f\u0131 BMT-nin D\u00f6vl\u0259t Xidm\u0259tl\u0259ri Forumu Az\u0259rbaycan\u0131n bu sah\u0259d\u0259 m\u00f6vcud imkanlar\u0131na bir daha i\u015f\u0131q sald\u0131. Forum Az\u0259rbaycan\u0131n yenilik\u00e7i, innovasiyalar \u00f6lk\u0259si oldu\u011funu bir daha d\u00fcnyaya n\u00fcmayi\u015f etdirdi. H\u0259min t\u0259dbird\u0259 Az\u0259rbaycan\u0131n Birinci vitse-prezidenti Mehriban \u018fliyeva Az\u0259rbaycan brendi kimi d\u00fcnyaya s\u0259s salan \u201cASAN xidm\u0259t\u201din, ABAD-\u0131n u\u011furlar\u0131ndan geni\u015f b\u0259hs ed\u0259r\u0259k bildirmi\u015fdir ki, bu g\u00fcn\u0259d\u0259k ASAN-la m\u00fcxt\u0259lif \u00f6lk\u0259l\u0259r v\u0259 beyn\u0259lxalq t\u0259\u015fkilatlar aras\u0131nda 10 Anla\u015fma Memorandumu imzalanm\u0131\u015f, bununla kifay\u0259tl\u0259nm\u0259y\u0259r\u0259k d\u00f6vl\u0259t xidm\u0259tl\u0259rinin keyfiyy\u0259tini t\u0259kmill\u0259\u015fdirm\u0259yi davam etdiririk.<\/p>\n<p>D\u00f6vl\u0259timizin ba\u015f\u00e7\u0131s\u0131 \u0130lham \u018fliyevin h\u0259r \u00e7\u0131x\u0131\u015f\u0131nda idar\u0259etm\u0259 sah\u0259sind\u0259 t\u0259kmill\u0259\u015fm\u0259nin priortetliyi x\u00fcsusi olaraq \u00f6n\u0259 \u00e7\u0259kilir. \u201c\u00dcmumiyy\u0259tl\u0259, idar\u0259etm\u0259 sah\u0259sind\u0259 islahatlar\u0131n apar\u0131lmas\u0131na b\u00f6y\u00fck ehtiyac var. M\u0259n bunu demi\u015f\u0259m, bu g\u00fcn d\u0259, \u0259vv\u0259lki \u00e7\u0131x\u0131\u015flarda da. H\u0259r bir sah\u0259d\u0259 inki\u015faf \u00fc\u00e7\u00fcn b\u00f6y\u00fck meydan var. H\u0259r bir sah\u0259d\u0259, \u0259g\u0259r o sah\u0259y\u0259 r\u0259hb\u0259rlik ed\u0259n insanlar \u00f6z i\u015fin\u0259 vicdanla yana\u015farlarsa, m\u00fctl\u0259q n\u0259tic\u0259 d\u0259 olacaq. Bu, ictimaiyy\u0259t t\u0259r\u0259find\u0259n d\u0259 m\u00fctl\u0259q y\u00fcks\u0259k qiym\u0259tl\u0259ndiril\u0259c\u0259k. Ona g\u00f6r\u0259 bir daha dem\u0259k ist\u0259yir\u0259m ki, yerli v\u0259 m\u0259rk\u0259zi icra orqanlar\u0131n\u0131n n\u00fcmay\u0259nd\u0259l\u0259ri daim v\u0259t\u0259nda\u015flar\u0131n probleml\u0259ri il\u0259 m\u0259\u015f\u011ful olmal\u0131d\u0131rlar\u201d s\u00f6yl\u0259y\u0259n \u00f6lk\u0259 Prezidenti davaml\u0131 inki\u015faf\u0131 \u015f\u0259rtl\u0259ndir\u0259n amill\u0259ri \u0259sasl\u0131 \u015f\u0259kild\u0259 diqq\u0259t\u0259 \u00e7atd\u0131rm\u0131\u015fd\u0131r. T\u0259bii ki, u\u011furlar\u0131m\u0131z\u0131n \u0259sas\u0131nda islahatlar\u0131n zaman\u0131n v\u0259 d\u00f6vr\u00fcn t\u0259l\u0259bl\u0259rin\u0259 uy\u011fun olaraq t\u0259kmill\u0259\u015fm\u0259si, g\u0259l\u0259c\u0259y\u0259 hesablanm\u0131\u015f strategiyam\u0131z\u0131n d\u00fcnyan\u0131n qabaqc\u0131l \u00f6lk\u0259l\u0259rinin t\u0259cr\u00fcb\u0259sin\u0259 istinad\u0259n haz\u0131rlanmas\u0131 \u0259sas yer tutur. H\u0259d\u0259fl\u0259r\u0259 y\u00fcks\u0259k s\u0259viyy\u0259d\u0259 nail olmaq \u00fc\u00e7\u00fcn regionlar\u0131n potensial imkanlar\u0131ndan maksimum istifad\u0259 etm\u0259k m\u0259qs\u0259dil\u0259 Regional inki\u015faf proqramlar\u0131n\u0131n u\u011furlu icras\u0131 n\u0259tic\u0259l\u0259rd\u0259n d\u0259 ayd\u0131n g\u00f6r\u00fcn\u00fcr. G\u0259l\u0259n ay \u201cRegionlar\u0131n 2019-2023-c\u00fc ill\u0259rd\u0259 sosial-iqtisadi inki\u015faf\u0131 D\u00f6vl\u0259t Proqram\u0131\u201dn\u0131n icras\u0131n\u0131n bir ili tamam olur. Cari ilin \u00f6t\u0259n d\u00f6vr\u00fcnd\u0259 \u0259ld\u0259 olunan sosial-iqtisadi g\u00f6st\u0259rt\u0259ricil\u0259r\u0259 diqq\u0259t yetirdikd\u0259 n\u0259z\u0259rd\u0259 tutulan d\u00f6vrd\u0259 qar\u015f\u0131ya qoyulan h\u0259d\u0259fl\u0259r\u0259 y\u00fcks\u0259k s\u0259viyy\u0259d\u0259 nail olaca\u011f\u0131m\u0131z\u0131 b\u00f6y\u00fck \u0259minlikl\u0259 qeyd ed\u0259 bil\u0259rik.<\/p>\n<p>At\u0131lan add\u0131mlar g\u00fcn\u00fcm\u00fcz\u00fcn \u0259sas \u00e7a\u011f\u0131r\u0131\u015flar\u0131ndan olan sahibkarl\u0131\u011f\u0131n inki\u015faf\u0131na da geni\u015f yol a\u00e7\u0131r. H\u0259yata ke\u00e7irdiyi siyas\u0259tin \u00f6n\u00fcnd\u0259 yenil\u0259\u015fm\u0259ni, modernl\u0259\u015fm\u0259ni \u0259sas amil kimi \u00f6n\u0259 \u00e7\u0259k\u0259n Az\u0259rbaycan h\u0259r zaman ilkl\u0259r\u0259 imza atan \u00f6lk\u0259 kimi tan\u0131n\u0131r v\u0259 n\u00fcfuz qazan\u0131r. Daim ilkl\u0259r\u0259 imza atan\u00a0 Az\u0259rbaycan \u0259vv\u0259ld\u0259 d\u0259 qeyd etdiyimiz kimi, \u201cASAN xidm\u0259t\u201d, \u201cABAD\u201d, \u201cDOST\u201d layih\u0259l\u0259ri d\u0259 diqq\u0259t m\u0259rk\u0259zind\u0259dir. Bu layih\u0259l\u0259r \u015f\u0259ffafla\u011f\u0131n art\u0131r\u0131lmas\u0131na, \u0259m\u0259k, sosial m\u00fcdafi\u0259 v\u0259 t\u0259minat sah\u0259l\u0259rind\u0259 v\u0259t\u0259nda\u015flara g\u00f6st\u0259ril\u0259n xidm\u0259tl\u0259rin keyfiyy\u0259tinin y\u00fcks\u0259ldilm\u0259sin\u0259,\u00a0 elektron xidm\u0259tl\u0259r\u0259 ke\u00e7idin s\u00fcr\u0259tl\u0259ndirilm\u0259sin\u0259, habel\u0259 s\u00fcr\u00fcnd\u00fcrm\u0259\u00e7ilik hallar\u0131n\u0131n qar\u015f\u0131s\u0131n\u0131n al\u0131nmas\u0131na v\u0259 v\u0259t\u0259nda\u015f m\u0259mnunlu\u011funun y\u00fcks\u0259ldilm\u0259sin\u0259 xidm\u0259t edir. Az\u0259rbaycan\u0131n d\u00fcnyada yenilik\u00e7i \u00f6lk\u0259 kimi n\u00fcfuz qazanmas\u0131n\u0131 t\u0259sdiql\u0259y\u0259n m\u00fch\u00fcm hadisl\u0259rd\u0259n biri kimi \u00f6t\u0259n il\u00a0 \u0130mi\u015flid\u0259 \u201cASAN H\u0259yat\u201d kompleksinin a\u00e7\u0131l\u0131\u015f\u0131nda robot \u201cSofiya\u201dn\u0131n i\u015ftirak\u0131n\u0131 da qeyd ed\u0259 bil\u0259rik. \u201cBak\u0131 bu g\u00fcn h\u0259qiq\u0259t\u0259n d\u00fcnyan\u0131n \u00f6z\u00fcnd\u0259 yeni texnologiya v\u0259 innovasiyalar\u0131n, m\u00fcasir v\u0259 q\u0259dim memarl\u0131q \u00fcslubunun v\u0259hd\u0259tini t\u0259c\u0259ss\u00fcm etdir\u0259n \u0259n g\u00f6z\u0259l \u015f\u0259h\u0259rl\u0259rind\u0259n biridir\u201d s\u00f6yl\u0259y\u0259n c\u0259nab \u0130lham \u018fliyev bildirmi\u015fdir ki, \u201cASAN\u201d bizim milli brenddir. Bu, bizim nou-haudur. Bu g\u00fcn Az\u0259rbaycan\u0131n t\u0259kc\u0259 t\u0259bii ehtiyatlar\u0131n\u0131 v\u0259 yaxud m\u0259hsullar\u0131n\u0131 yox, eyni zamanda, intellektual m\u0259hsullar\u0131n\u0131 ixrac etm\u0259si bizi f\u0259r\u0259hl\u0259ndirir. \u201cASAN\u201d\u0131n t\u0259kc\u0259 Az\u0259rbaycanda yox, b\u00fct\u00fcn d\u00fcnyada parlaq g\u0259l\u0259c\u0259yi var. Az\u0259rbaycandak\u0131 yenilikl\u0259ri, t\u0259kmill\u0259\u015fm\u0259ni y\u00fcks\u0259k d\u0259y\u0259rl\u0259ndir\u0259n\u00a0 \u201cSofiya\u201d bildirmi\u015fdir ki, \u201cASAN xidm\u0259t\u201d d\u00f6vl\u0259t idar\u0259\u00e7iliyind\u0259 innovasiyalar\u0131n t\u0259tbiqi bax\u0131m\u0131ndan u\u011furlu bir n\u00fcmun\u0259dir.<\/p>\n<p>D\u00f6vl\u0259timizin ba\u015f\u00e7\u0131s\u0131 \u0130lham \u018fliyev bu g\u00fcnl\u0259rd\u0259 \u015eamax\u0131 rayonuna s\u0259f\u0259ri \u00e7\u0259r\u00e7iv\u0259sind\u0259 \u201cASAN H\u0259yat\u201d kompleksinin a\u00e7\u0131l\u0131\u015f\u0131ndan sonra kompleksin \u0259m\u0259kda\u015flar\u0131 il\u0259 ke\u00e7irdiyi g\u00f6r\u00fc\u015fd\u0259ki nitqind\u0259 d\u0259\u00a0 \u201cASAN xidm\u0259t\u201d m\u0259rk\u0259zl\u0259rinin co\u011frafiyas\u0131n\u0131n geni\u015fl\u0259nm\u0259si fonunda \u015f\u0259ffafl\u0131\u011f\u0131n t\u0259min olunmas\u0131 \u0259sasl\u0131 \u015f\u0259kild\u0259 diqq\u0259t\u0259 \u00e7atd\u0131r\u0131lm\u0131\u015fd\u0131r. \u201cASAN xidm\u0259t\u201d m\u0259rk\u0259zl\u0259rinin f\u0259aliyy\u0259ti operativlik, \u015f\u0259ffafl\u0131q, n\u0259zak\u0259tlilik, m\u0259suliyy\u0259t v\u0259 rahatl\u0131q prinsipl\u0259ri \u0259sas\u0131nda qurulur. V\u0259t\u0259nda\u015flar bu m\u0259rk\u0259zl\u0259rd\u0259 onlara g\u00f6st\u0259ril\u0259n xidm\u0259tl\u0259rin y\u00fcks\u0259k s\u0259viyy\u0259sind\u0259n, operativliyin v\u0259 \u015f\u0259ffafl\u0131\u011f\u0131n t\u0259min olunmas\u0131ndan, neqativ hallar\u0131n aradan qald\u0131r\u0131lmas\u0131ndan m\u0259mnundular. \u201cASAN xidm\u0259t\u201din v\u0259t\u0259nda\u015flar t\u0259r\u0259find\u0259n b\u0259y\u0259nilm\u0259 \u0259msal\u0131n\u0131n kifay\u0259t q\u0259d\u0259r y\u00fcks\u0259k oldu\u011funu diqq\u0259t\u0259 \u00e7atd\u0131ran d\u00f6vl\u0259timizin ba\u015f\u00e7\u0131s\u0131 \u0130lham \u018fliyev bildirir: \u201c\u015eadam ki, \u201cASAN xidm\u0259t\u201din v\u0259t\u0259nda\u015flar t\u0259r\u0259find\u0259n b\u0259y\u0259nilm\u0259 \u0259msal\u0131 99,4 faiz faizdir. Y\u0259ni, bu, onu g\u00f6st\u0259rir ki, xidm\u0259t do\u011frudan da b\u00f6y\u00fck nailiyy\u0259tdir, ictimai xidm\u0259tl\u0259r sah\u0259sind\u0259 b\u00f6y\u00fck d\u0259yi\u015fiklikl\u0259r\u0259 g\u0259tirib \u00e7\u0131xar\u0131b. Eyni zamanda, \u201cASAN xidm\u0259t\u201d c\u0259miyy\u0259timizin ictimai \u015f\u00fcurunda da inqilabi d\u0259yi\u015fiklikl\u0259r\u0259 s\u0259b\u0259b olubdur. \u00c7\u00fcnki ictimai xidm\u0259tl\u0259r sektoru h\u0259mi\u015f\u0259 \u00e7ox problemli sektor idi v\u0259 v\u0259t\u0259nda\u015flar \u00e7ox \u0259ziyy\u0259t \u00e7\u0259kirdil\u0259r. B\u00fcrokratiya, s\u00fcr\u00fcnd\u00fcrm\u0259\u00e7ilik, korrupsiya, r\u00fc\u015fv\u0259txorluq xidm\u0259t sektorunun \u0259sas probleml\u0259ri idi. \u201cASAN xidm\u0259t\u201din f\u0259aliyy\u0259t\u0259 ba\u015flamas\u0131ndan sonra art\u0131q bu sah\u0259d\u0259 tam \u015f\u0259ffafl\u0131q t\u0259min edilibdir.\u201d<\/p>\n<p>Qeyd ed\u0259k ki, \u015eamax\u0131da a\u00e7\u0131l\u0131\u015f\u0131 olan \u201cASAN H\u0259yat\u201d kompleksi sayca 16-c\u0131 m\u0259rk\u0259zdir. Art\u0131q 4 m\u0259rk\u0259zd\u0259 tamamlama i\u015fl\u0259ri apar\u0131l\u0131r. K\u00fcrd\u0259mir, A\u011fcab\u0259di, Tovuz m\u0259rk\u0259zl\u0259ri haz\u0131rd\u0131r, Balak\u0259n m\u0259rk\u0259zi is\u0259 g\u0259l\u0259n il istifad\u0259y\u0259 veril\u0259c\u0259k. Bak\u0131da 5 m\u0259rk\u0259z f\u0259aliyy\u0259t g\u00f6st\u0259rir. Bak\u0131da daha 2 \u0259lav\u0259 m\u0259rk\u0259zin a\u00e7\u0131lmas\u0131 n\u0259z\u0259rd\u0259 tutulur. \u201cASAN bizim intellektual m\u0259hsulumuzdur\u201d s\u00f6yl\u0259y\u0259n d\u00f6vl\u0259timizin ba\u015f\u00e7\u0131s\u0131 \u0130lham \u018fliyev bildirir ki, intellektual m\u0259hsulun, xidm\u0259tl\u0259rin ixrac\u0131 g\u0259l\u0259c\u0259k f\u0259aliyy\u0259timizd\u0259 \u00e7ox b\u00f6y\u00fck diqq\u0259t\u0259 layiq olmal\u0131d\u0131r. D\u00f6vl\u0259timizin ba\u015f\u00e7\u0131s\u0131 \u0130lham \u018fliyev h\u0259min nitqind\u0259 bu m\u00fch\u00fcm m\u0259qam\u0131 da x\u00fcsusi qeyd etmi\u015fdir ki, \u201cASAN xidm\u0259t\u201d m\u0259rk\u0259zi art\u0131q \u018ffqan\u0131standa f\u0259aliyy\u0259t g\u00f6st\u0259rir v\u0259 bir ne\u00e7\u0259 \u00f6lk\u0259 il\u0259 bizim art\u0131q anla\u015fma memorandumlar\u0131m\u0131z v\u0259 sazi\u015fl\u0259r imzalan\u0131b. \u201cASAN xidm\u0259t\u201d korrupsiyaya, r\u00fc\u015fv\u0259txorlu\u011fa qar\u015f\u0131 \u0259n s\u0259m\u0259r\u0259li mexanizml\u0259rd\u0259n biridir: \u201cAz\u0259rbaycanda korrupsiyan\u0131, r\u00fc\u015fv\u0259txorlu\u011fu aradan qald\u0131rmaq, yaxud da ki, \u0259h\u0259miyy\u0259tli d\u0259r\u0259c\u0259d\u0259 azaltmaq \u00fc\u00e7\u00fcn \u0259m\u0259li t\u0259dbirl\u0259r g\u00f6r\u00fcl\u00fcr. Bu t\u0259dbirl\u0259r h\u0259m n\u0259tic\u0259 verir, h\u0259m d\u0259 ver\u0259c\u0259k. Ona g\u00f6r\u0259 inzibati t\u0259dbirl\u0259rl\u0259, c\u0259za t\u0259dbirl\u0259ri il\u0259 yana\u015f\u0131, institusional t\u0259dbirl\u0259r d\u0259 g\u00f6r\u00fclm\u0259lidir ki, biz korrupsiyan\u0131n v\u0259 r\u00fc\u015fv\u0259txorlu\u011fun \u0259hat\u0259 dair\u0259sini daraldaq v\u0259 bel\u0259likl\u0259, Az\u0259rbaycan\u0131 m\u00fcasir, \u00e7ox s\u00fcr\u0259tli inki\u015faf yoluna g\u0259tir\u0259k. Biz buna nail oluruq.\u201d<\/p>\n<p>H\u0259r bir layih\u0259 \u00f6zl\u00fcy\u00fcnd\u0259 inki\u015faf, t\u0259r\u0259qqi dem\u0259kdir. At\u0131lan h\u0259r add\u0131mda v\u0259t\u0259nda\u015f amilin\u0259 veril\u0259n d\u0259y\u0259r daha qabar\u0131q \u015f\u0259kild\u0259 \u00f6z\u00fcn\u00fc b\u00fcruz\u0259 verir. Ail\u0259 t\u0259s\u0259rr\u00fcfatlar\u0131n\u0131n inki\u015faf\u0131na d\u0259st\u0259yi asan \u015f\u0259kild\u0259 h\u0259yata ke\u00e7ir\u0259n \u201cABAD\u201d, h\u0259r bir v\u0259t\u0259nda\u015f\u0131n yax\u0131n dostuna \u00e7evril\u0259n \u201cDOST\u201d idar\u0259etm\u0259d\u0259 \u015f\u0259ffafl\u0131\u011f\u0131n qorunmas\u0131n\u0131, r\u0259qab\u0259tin g\u00fccl\u0259nm\u0259sini \u015f\u0259rtl\u0259ndirir. D\u00f6vl\u0259timizin ba\u015f\u00e7\u0131s\u0131 eyni zamanda bildirir ki, r\u0259qab\u0259t olmasa, inki\u015faf da olmaz, keyfiyy\u0259tli m\u0259hsullar da olmaz. Biznesin sad\u0259l\u0259\u015fdirilm\u0259si, \u201cbir p\u0259nc\u0259r\u0259\u201d prinsipinin t\u0259tbiqi \u015f\u0259raitind\u0259 \u0259ld\u0259 olunan u\u011furlar v\u0259 t\u0259cr\u00fcb\u0259 beyn\u0259lxalq s\u0259viyy\u0259d\u0259\u00a0 qiym\u0259tl\u0259ndirilir, \u00f6yr\u0259nilir v\u0259 t\u0259tbiq olunur.\u00a0 Laz\u0131ms\u0131z yoxlamalar\u0131n apar\u0131lmas\u0131na, yerli icra hakimiyy\u0259ti orqanlar\u0131n\u0131n, o c\u00fcml\u0259d\u0259n h\u00fcquq-m\u00fchafiz\u0259 orqanlar\u0131n\u0131n b\u0259zi hallarda sahibkarlara problem yaratmas\u0131na, lisenziyalar\u0131n say\u0131n\u0131n h\u0259dd\u0259n art\u0131q \u00e7ox olmas\u0131na v\u0259 dig\u0259r m\u0259s\u0259l\u0259l\u0259r\u0259 h\u0259r zaman \u00e7\u0131x\u0131\u015flar\u0131nda diqq\u0259t y\u00f6n\u0259ld\u0259n c\u0259nab \u0130lham \u018fliyev qeyd olunan istiqam\u0259tl\u0259rd\u0259 atd\u0131\u011f\u0131 add\u0131mlar\u0131 il\u0259 sahibkarl\u0131\u011f\u0131n inki\u015faf\u0131na yarad\u0131lan imkanlar\u0131 daha da geni\u015fl\u0259ndirir.<\/p>\n<p>D\u00f6vl\u0259timizin ba\u015f\u00e7\u0131s\u0131 \u0130lham \u018fliyev daim bu \u00e7a\u011f\u0131r\u0131\u015f\u0131 edir ki, yenilikl\u0259r, m\u00fcsb\u0259t t\u0259cr\u00fcb\u0259, d\u00fcnyada m\u00f6vcud olan \u0259n m\u00fct\u0259r\u0259qqi yana\u015fma Az\u0259rbaycanda t\u0259tbiq edilm\u0259lidir. Yuxar\u0131da qeyd etdiyimiz Forumda BMT-nin Ba\u015f katibinin iqtisadi v\u0259 sosial m\u0259s\u0259l\u0259l\u0259r \u00fczr\u0259 m\u00fcavini Liu Cenminin qeyd etdiyi fikirl\u0259ri xat\u0131rlamaqla \u00f6lk\u0259mizd\u0259 h\u0259yata ke\u00e7iril\u0259n t\u0259kmil islahatlar\u0131n beyn\u0259lxalq s\u0259viyy\u0259d\u0259 nec\u0259 y\u00fcks\u0259k s\u0259viyy\u0259d\u0259 t\u0259qdir olundu\u011funu ayd\u0131n g\u00f6r\u00fcr\u00fck.\u00a0 Az\u0259rbaycan\u0131n innovativ idar\u0259etm\u0259 vasit\u0259sil\u0259 inkl\u00fcziv, s\u0259m\u0259r\u0259li v\u0259 insany\u00f6n\u00fcml\u00fc \u0130KT \u0259sasl\u0131 d\u00f6vl\u0259t xidm\u0259ti sistemi yaratd\u0131\u011f\u0131n\u0131 qeyd ed\u0259n Liu Cenmin bildirmi\u015fdir ki, sosial xidm\u0259tl\u0259rin g\u00f6st\u0259rilm\u0259sind\u0259 d\u00f6vl\u0259t qulluq\u00e7ular\u0131 il\u0259 v\u0259t\u0259nda\u015flar aras\u0131ndak\u0131 m\u0259saf\u0259 q\u0131sald\u0131l\u0131b v\u0259 d\u00f6vl\u0259t qulluq\u00e7ular\u0131 il\u0259 v\u0259t\u0259nda\u015flar aras\u0131ndak\u0131 \u00fcnsiyy\u0259t \u015f\u0259ffafla\u015fd\u0131r\u0131l\u0131b. D\u00f6vl\u0259t bu misilsiz n\u0259tic\u0259y\u0259 xidm\u0259tl\u0259rin g\u00f6st\u0259rilm\u0259sini m\u00fcasirl\u0259\u015fdirm\u0259kl\u0259, ASAN m\u0259rk\u0259zl\u0259rin yarad\u0131lmas\u0131 v\u0259 yenilik\u00e7i e-h\u00f6kum\u0259t xidm\u0259tl\u0259rinin t\u0259tbiq edilm\u0259si, xidm\u0259tin keyfiyy\u0259tinin y\u00fcks\u0259ldilm\u0259si v\u0259 bu xidm\u0259tl\u0259rl\u0259 v\u0259t\u0259nda\u015flar\u0131n m\u0259mnunlu\u011funun art\u0131r\u0131lmas\u0131 il\u0259 nail olub.<\/p>\n<p>G\u00f6r\u00fcnd\u00fcy\u00fc kimi, ilkl\u0259r\u0259 imza atan Az\u0259rbaycan u\u011furlu layih\u0259l\u0259ri il\u0259 d\u00fcnyaya n\u00fcmun\u0259 g\u00f6st\u0259rir. Yeni iqtisadi v\u0259 sosial inki\u015faf innovasiyalar \u00f6lk\u0259si kimi n\u00fcfuz qazanan Az\u0259rbaycan\u0131n qar\u015f\u0131s\u0131nda yeni imkanlar, yeni \u00fcf\u00fcql\u0259r a\u00e7\u0131r. Bu u\u011furlara yol a\u00e7an \u0259sas amil is\u0259 h\u0259yata ke\u00e7iril\u0259n islahatlar\u0131n d\u00f6vr\u00fcn, zaman\u0131n t\u0259l\u0259bin\u0259 uy\u011fun t\u0259kmill\u0259\u015fm\u0259si, m\u00fcasirl\u0259\u015fm\u0259nin, yenil\u0259\u015fm\u0259nin d\u00f6vl\u0259t siyas\u0259tinin \u0259sas\u0131n\u0131 t\u0259\u015fkil etm\u0259sidir.<\/p>\n<p><strong>Yegan\u0259 \u018fliyeva,\u00a0<\/strong><em>\u201c\u0130ki sahil\u201d<\/em><\/p>\n","protected":false},"excerpt":{"rendered":"<p>H\u0259r bir sah\u0259d\u0259 inki\u015faf \u00fc\u00e7\u00fcn b\u00f6y\u00fck meydan\u0131n oldu\u011funu \u00f6n\u0259 \u00e7\u0259k\u0259n d\u00f6vl\u0259timizin ba\u015f\u00e7\u0131s\u0131 bildirir ki, bu g\u00fcn\u00a0Az\u0259rbaycan\u0131n t\u0259kc\u0259 t\u0259bii ehtiyatlar\u0131n\u0131 deyil, eyni zamanda, intellektual m\u0259hsullar\u0131n\u0131 ixrac etm\u0259si bizi f\u0259r\u0259hl\u0259ndirir Yeni inki\u015faf m\u0259rh\u0259l\u0259sinin \u0259sas h\u0259d\u0259fi \u00e7ox\u015fax\u0259li, s\u0259m\u0259r\u0259li v\u0259 innovasiya y\u00f6n\u00fcml\u00fc iqtisadiyyat\u0131n formala\u015fd\u0131r\u0131lmas\u0131, sosial sah\u0259d\u0259 \u00f6nl\u0259yici inki\u015faf trendinin t\u0259min olunmas\u0131 v\u0259 \u0259halinin rifah\u0131n\u0131n layiqli, qabaqc\u0131l beyn\u0259lxalq standartlara uy\u011fun s\u0259viyy\u0259y\u0259 \u00e7atd\u0131r\u0131lmas\u0131, elmin, m\u0259d\u0259niyy\u0259tin inki\u015faf\u0131nda, ictimai h\u0259yat\u0131n b\u00fct\u00fcn istiqam\u0259tl\u0259rind\u0259 yeni nailiyy\u0259tl\u0259rin \u0259ld\u0259 olunmas\u0131d\u0131r. C\u0259nab \u0130lham \u018fliyev Prezident kimi f\u0259aliyy\u0259t\u0259 ba\u015flad\u0131\u011f\u0131 ilk g\u00fcnd\u0259n u\u011furlar\u0131n davaml\u0131l\u0131\u011f\u0131n\u0131n t\u0259min edilm\u0259sind\u0259 elmin, t\u0259hsilin v\u0259 iqtisadiyyat\u0131n birliyinin yarad\u0131lmas\u0131n\u0131 vacib amil kimi&hellip;<\/p>\n","protected":false},"author":2,"featured_media":109235,"comment_status":"closed","ping_status":"closed","sticky":false,"template":"","format":"standard","meta":{"om_disable_all_campaigns":false,"_monsterinsights_skip_tracking":false,"_monsterinsights_sitenote_active":false,"_monsterinsights_sitenote_note":"","_monsterinsights_sitenote_category":0},"categories":[4],"tags":[],"aioseo_notices":[],"gutentor_comment":0,"rttpg_featured_image_url":{"full":["https:\/\/arantv.az\/wp-content\/uploads\/2019\/12\/4b85256c157667014946489613610216864.jpg",975,540,false],"landscape":["https:\/\/arantv.az\/wp-content\/uploads\/2019\/12\/4b85256c157667014946489613610216864.jpg",975,540,false],"portraits":["https:\/\/arantv.az\/wp-content\/uploads\/2019\/12\/4b85256c157667014946489613610216864.jpg",975,540,false],"thumbnail":["https:\/\/arantv.az\/wp-content\/uploads\/2019\/12\/4b85256c157667014946489613610216864-150x150.jpg",150,150,true],"medium":["https:\/\/arantv.az\/wp-content\/uploads\/2019\/12\/4b85256c157667014946489613610216864-300x166.jpg",300,166,true],"large":["https:\/\/arantv.az\/wp-content\/uploads\/2019\/12\/4b85256c157667014946489613610216864.jpg",640,354,false],"1536x1536":["https:\/\/arantv.az\/wp-content\/uploads\/2019\/12\/4b85256c157667014946489613610216864.jpg",975,540,false],"2048x2048":["https:\/\/arantv.az\/wp-content\/uploads\/2019\/12\/4b85256c157667014946489613610216864.jpg",975,540,false],"post-thumbnail":["https:\/\/arantv.az\/wp-content\/uploads\/2019\/12\/4b85256c157667014946489613610216864-240x172.jpg",240,172,true],"advps-thumb-one":["https:\/\/arantv.az\/wp-content\/uploads\/2019\/12\/4b85256c157667014946489613610216864.jpg",975,540,false]},"rttpg_author":{"display_name":"V\u00fcsal Rafiqo\u011flu","author_link":"https:\/\/arantv.az\/?author=2"},"rttpg_comment":0,"rttpg_category":"<a href=\"https:\/\/arantv.az\/?cat=4\" rel=\"category\">Siyas\u0259t<\/a>","rttpg_excerpt":"H\u0259r bir sah\u0259d\u0259 inki\u015faf \u00fc\u00e7\u00fcn b\u00f6y\u00fck meydan\u0131n oldu\u011funu \u00f6n\u0259 \u00e7\u0259k\u0259n d\u00f6vl\u0259timizin ba\u015f\u00e7\u0131s\u0131 bildirir ki, bu g\u00fcn\u00a0Az\u0259rbaycan\u0131n t\u0259kc\u0259 t\u0259bii ehtiyatlar\u0131n\u0131 deyil, eyni zamanda, intellektual m\u0259hsullar\u0131n\u0131 ixrac etm\u0259si bizi f\u0259r\u0259hl\u0259ndirir Yeni inki\u015faf m\u0259rh\u0259l\u0259sinin \u0259sas h\u0259d\u0259fi \u00e7ox\u015fax\u0259li, s\u0259m\u0259r\u0259li v\u0259 innovasiya y\u00f6n\u00fcml\u00fc iqtisadiyyat\u0131n formala\u015fd\u0131r\u0131lmas\u0131, sosial sah\u0259d\u0259 \u00f6nl\u0259yici inki\u015faf trendinin t\u0259min olunmas\u0131 v\u0259 \u0259halinin rifah\u0131n\u0131n layiqli, qabaqc\u0131l beyn\u0259lxalq standartlara uy\u011fun&hellip;","_links":{"self":[{"href":"https:\/\/arantv.az\/index.php?rest_route=\/wp\/v2\/posts\/109234"}],"collection":[{"href":"https:\/\/arantv.az\/index.php?rest_route=\/wp\/v2\/posts"}],"about":[{"href":"https:\/\/arantv.az\/index.php?rest_route=\/wp\/v2\/types\/post"}],"author":[{"embeddable":true,"href":"https:\/\/arantv.az\/index.php?rest_route=\/wp\/v2\/users\/2"}],"replies":[{"embeddable":true,"href":"https:\/\/arantv.az\/index.php?rest_route=%2Fwp%2Fv2%2Fcomments&post=109234"}],"version-history":[{"count":0,"href":"https:\/\/arantv.az\/index.php?rest_route=\/wp\/v2\/posts\/109234\/revisions"}],"wp:featuredmedia":[{"embeddable":true,"href":"https:\/\/arantv.az\/index.php?rest_route=\/wp\/v2\/media\/109235"}],"wp:attachment":[{"href":"https:\/\/arantv.az\/index.php?rest_route=%2Fwp%2Fv2%2Fmedia&parent=109234"}],"wp:term":[{"taxonomy":"category","embeddable":true,"href":"https:\/\/arantv.az\/index.php?rest_route=%2Fwp%2Fv2%2Fcategories&post=109234"},{"taxonomy":"post_tag","embeddable":true,"href":"https:\/\/arantv.az\/index.php?rest_route=%2Fwp%2Fv2%2Ftags&post=109234"}],"curies":[{"name":"wp","href":"https:\/\/api.w.org\/{rel}","templated":true}]}}