{"id":109278,"date":"2019-12-19T12:01:54","date_gmt":"2019-12-19T09:01:54","guid":{"rendered":"http:\/\/arantv.az\/?p=109278"},"modified":"2019-12-19T12:02:03","modified_gmt":"2019-12-19T09:02:03","slug":"qubada-17-yasli-qiz-d%c9%99m-qazindan-z%c9%99h%c9%99rl%c9%99ndi","status":"publish","type":"post","link":"https:\/\/arantv.az\/?p=109278","title":{"rendered":"Qubada 17 ya\u015fl\u0131 q\u0131z d\u0259m qaz\u0131ndan z\u0259h\u0259rl\u0259ndi"},"content":{"rendered":"<p>Quba rayonunda yeniyetm\u0259 q\u0131z d\u0259m qaz\u0131ndan z\u0259h\u0259rl\u0259nib.<\/p>\n<p><strong>ARANTV.AZ<\/strong>\u00a0\u00a0<a href=\"https:\/\/az.trend.az\/\" target=\"_blank\" rel=\"noopener\">Trend<\/a>-\u0259 istinad\u0259n x\u0259b\u0259r verir ki, hadis\u0259 Quba \u015f\u0259h\u0259ri, &#8220;32\/33-c\u00fc kvartal&#8221; adlanan ya\u015fay\u0131\u015f massivind\u0259 qeyd\u0259 al\u0131n\u0131b.<\/p>\n<p>H\u0259min massivd\u0259 ya\u015fayan, 2002-ci il t\u0259v\u0259ll\u00fcdl\u00fc Heyb\u0259tova Valid\u0259 Zaur q\u0131z\u0131 ya\u015fad\u0131\u011f\u0131 evin hamam\u0131nda \u00e7im\u0259rk\u0259n d\u0259m qaz\u0131ndan z\u0259h\u0259rl\u0259nib.<\/p>\n<p>G\u0259nc Quba Rayon M\u0259rk\u0259zi x\u0259st\u0259xanas\u0131na \u00e7atd\u0131r\u0131l\u0131b. H\u0259kiml\u0259rin s\u0259yi n\u0259tic\u0259sind\u0259 onun h\u0259yat\u0131 xilas olunub. Haz\u0131rda x\u0259st\u0259nin v\u0259ziyy\u0259ti normald\u0131r.<\/p>\n<p>Faktla ba\u011fl\u0131 ara\u015fd\u0131rma apar\u0131l\u0131r.<\/p>\n","protected":false},"excerpt":{"rendered":"<p>Quba rayonunda yeniyetm\u0259 q\u0131z d\u0259m qaz\u0131ndan z\u0259h\u0259rl\u0259nib. ARANTV.AZ\u00a0\u00a0Trend-\u0259 istinad\u0259n x\u0259b\u0259r verir ki, hadis\u0259 Quba \u015f\u0259h\u0259ri, &#8220;32\/33-c\u00fc kvartal&#8221; adlanan ya\u015fay\u0131\u015f massivind\u0259 qeyd\u0259 al\u0131n\u0131b. H\u0259min massivd\u0259 ya\u015fayan, 2002-ci il t\u0259v\u0259ll\u00fcdl\u00fc Heyb\u0259tova Valid\u0259 Zaur q\u0131z\u0131 ya\u015fad\u0131\u011f\u0131 evin hamam\u0131nda \u00e7im\u0259rk\u0259n d\u0259m qaz\u0131ndan z\u0259h\u0259rl\u0259nib. G\u0259nc Quba Rayon M\u0259rk\u0259zi x\u0259st\u0259xanas\u0131na \u00e7atd\u0131r\u0131l\u0131b. H\u0259kiml\u0259rin s\u0259yi n\u0259tic\u0259sind\u0259 onun h\u0259yat\u0131 xilas olunub. Haz\u0131rda x\u0259st\u0259nin v\u0259ziyy\u0259ti normald\u0131r. Faktla ba\u011fl\u0131 ara\u015fd\u0131rma apar\u0131l\u0131r.<\/p>\n","protected":false},"author":2,"featured_media":109279,"comment_status":"closed","ping_status":"closed","sticky":false,"template":"","format":"standard","meta":{"om_disable_all_campaigns":false,"_monsterinsights_skip_tracking":false,"_monsterinsights_sitenote_active":false,"_monsterinsights_sitenote_note":"","_monsterinsights_sitenote_category":0},"categories":[5],"tags":[],"aioseo_notices":[],"gutentor_comment":0,"rttpg_featured_image_url":{"full":["https:\/\/arantv.az\/wp-content\/uploads\/2019\/12\/xestexana_0016666-3.jpg",482,361,false],"landscape":["https:\/\/arantv.az\/wp-content\/uploads\/2019\/12\/xestexana_0016666-3.jpg",482,361,false],"portraits":["https:\/\/arantv.az\/wp-content\/uploads\/2019\/12\/xestexana_0016666-3.jpg",482,361,false],"thumbnail":["https:\/\/arantv.az\/wp-content\/uploads\/2019\/12\/xestexana_0016666-3-150x150.jpg",150,150,true],"medium":["https:\/\/arantv.az\/wp-content\/uploads\/2019\/12\/xestexana_0016666-3-300x225.jpg",300,225,true],"large":["https:\/\/arantv.az\/wp-content\/uploads\/2019\/12\/xestexana_0016666-3.jpg",482,361,false],"1536x1536":["https:\/\/arantv.az\/wp-content\/uploads\/2019\/12\/xestexana_0016666-3.jpg",482,361,false],"2048x2048":["https:\/\/arantv.az\/wp-content\/uploads\/2019\/12\/xestexana_0016666-3.jpg",482,361,false],"post-thumbnail":["https:\/\/arantv.az\/wp-content\/uploads\/2019\/12\/xestexana_0016666-3-240x172.jpg",240,172,true],"advps-thumb-one":["https:\/\/arantv.az\/wp-content\/uploads\/2019\/12\/xestexana_0016666-3.jpg",482,361,false]},"rttpg_author":{"display_name":"V\u00fcsal Rafiqo\u011flu","author_link":"https:\/\/arantv.az\/?author=2"},"rttpg_comment":0,"rttpg_category":"<a href=\"https:\/\/arantv.az\/?cat=5\" rel=\"category\">Hadis\u0259<\/a>","rttpg_excerpt":"Quba rayonunda yeniyetm\u0259 q\u0131z d\u0259m qaz\u0131ndan z\u0259h\u0259rl\u0259nib. ARANTV.AZ\u00a0\u00a0Trend-\u0259 istinad\u0259n x\u0259b\u0259r verir ki, hadis\u0259 Quba \u015f\u0259h\u0259ri, &#8220;32\/33-c\u00fc kvartal&#8221; adlanan ya\u015fay\u0131\u015f massivind\u0259 qeyd\u0259 al\u0131n\u0131b. H\u0259min massivd\u0259 ya\u015fayan, 2002-ci il t\u0259v\u0259ll\u00fcdl\u00fc Heyb\u0259tova Valid\u0259 Zaur q\u0131z\u0131 ya\u015fad\u0131\u011f\u0131 evin hamam\u0131nda \u00e7im\u0259rk\u0259n d\u0259m qaz\u0131ndan z\u0259h\u0259rl\u0259nib. G\u0259nc Quba Rayon M\u0259rk\u0259zi x\u0259st\u0259xanas\u0131na \u00e7atd\u0131r\u0131l\u0131b. H\u0259kiml\u0259rin s\u0259yi n\u0259tic\u0259sind\u0259 onun h\u0259yat\u0131 xilas olunub. Haz\u0131rda x\u0259st\u0259nin v\u0259ziyy\u0259ti&hellip;","_links":{"self":[{"href":"https:\/\/arantv.az\/index.php?rest_route=\/wp\/v2\/posts\/109278"}],"collection":[{"href":"https:\/\/arantv.az\/index.php?rest_route=\/wp\/v2\/posts"}],"about":[{"href":"https:\/\/arantv.az\/index.php?rest_route=\/wp\/v2\/types\/post"}],"author":[{"embeddable":true,"href":"https:\/\/arantv.az\/index.php?rest_route=\/wp\/v2\/users\/2"}],"replies":[{"embeddable":true,"href":"https:\/\/arantv.az\/index.php?rest_route=%2Fwp%2Fv2%2Fcomments&post=109278"}],"version-history":[{"count":0,"href":"https:\/\/arantv.az\/index.php?rest_route=\/wp\/v2\/posts\/109278\/revisions"}],"wp:featuredmedia":[{"embeddable":true,"href":"https:\/\/arantv.az\/index.php?rest_route=\/wp\/v2\/media\/109279"}],"wp:attachment":[{"href":"https:\/\/arantv.az\/index.php?rest_route=%2Fwp%2Fv2%2Fmedia&parent=109278"}],"wp:term":[{"taxonomy":"category","embeddable":true,"href":"https:\/\/arantv.az\/index.php?rest_route=%2Fwp%2Fv2%2Fcategories&post=109278"},{"taxonomy":"post_tag","embeddable":true,"href":"https:\/\/arantv.az\/index.php?rest_route=%2Fwp%2Fv2%2Ftags&post=109278"}],"curies":[{"name":"wp","href":"https:\/\/api.w.org\/{rel}","templated":true}]}}