{"id":109282,"date":"2019-12-19T12:02:50","date_gmt":"2019-12-19T09:02:50","guid":{"rendered":"http:\/\/arantv.az\/?p=109282"},"modified":"2019-12-19T12:02:50","modified_gmt":"2019-12-19T09:02:50","slug":"ilin-sonunad%c9%99k-3-rayonda-asan-xidm%c9%99t-m%c9%99rk%c9%99zl%c9%99rinin-acilmasi-planlasdirilir","status":"publish","type":"post","link":"https:\/\/arantv.az\/?p=109282","title":{"rendered":"\u0130lin sonunad\u0259k 3 rayonda \u201cASAN xidm\u0259t\u201d m\u0259rk\u0259zl\u0259rinin a\u00e7\u0131lmas\u0131 planla\u015fd\u0131r\u0131l\u0131r"},"content":{"rendered":"<p>&#8220;\u0130lin sonunad\u0259k K\u00fcrd\u0259mir, A\u011fcab\u0259di v\u0259 Tovuzda &#8220;ASAN xidm\u0259t&#8221; m\u0259rk\u0259zl\u0259rinin a\u00e7\u0131lmas\u0131 planla\u015fd\u0131r\u0131l\u0131r&#8221;.<\/p>\n<p><strong>ARANTV.AZ<\/strong>\u00a0\u00a0<a href=\"https:\/\/az.trend.az\/\" target=\"_blank\" rel=\"noopener\">Trend<\/a>-\u0259 istinad\u0259n x\u0259b\u0259r verir ki, bunu Az\u0259rbaycan Prezidenti yan\u0131nda V\u0259t\u0259nda\u015flara Xidm\u0259t v\u0259 Sosial \u0130nnovasiyalar D\u00f6vl\u0259t Agentliyinin s\u0259dri \u00dclvi Mehdiyev deyib.<\/p>\n<p>O xat\u0131rlad\u0131b ki, bir m\u00fcdd\u0259t \u0259vv\u0259l \u015eamax\u0131da &#8220;ASAN xidm\u0259t&#8221; m\u0259rk\u0259zi a\u00e7\u0131l\u0131b:<\/p>\n<p>&#8220;D\u00f6vl\u0259t ba\u015f\u00e7\u0131s\u0131n\u0131n \u0259sas tap\u015f\u0131r\u0131\u011f\u0131 ondan ibar\u0259tdir ki, &#8220;ASAN xidm\u0259t&#8221; q\u0131sa m\u00fcdd\u0259t \u0259rzind\u0259 b\u00fct\u00fcn regionlar\u0131 \u0259hat\u0259 etm\u0259lidir&#8221;.<\/p>\n<p>Qeyd ed\u0259k ki, bu g\u00fcn &#8220;ASAN Xidm\u0259t&#8221; m\u0259rk\u0259zin\u0259 edil\u0259n 35 milyonuncu m\u00fcraci\u0259tl\u0259 \u0259laq\u0259dar t\u0259dbir ke\u00e7irilib.<\/p>\n","protected":false},"excerpt":{"rendered":"<p>&#8220;\u0130lin sonunad\u0259k K\u00fcrd\u0259mir, A\u011fcab\u0259di v\u0259 Tovuzda &#8220;ASAN xidm\u0259t&#8221; m\u0259rk\u0259zl\u0259rinin a\u00e7\u0131lmas\u0131 planla\u015fd\u0131r\u0131l\u0131r&#8221;. ARANTV.AZ\u00a0\u00a0Trend-\u0259 istinad\u0259n x\u0259b\u0259r verir ki, bunu Az\u0259rbaycan Prezidenti yan\u0131nda V\u0259t\u0259nda\u015flara Xidm\u0259t v\u0259 Sosial \u0130nnovasiyalar D\u00f6vl\u0259t Agentliyinin s\u0259dri \u00dclvi Mehdiyev deyib. O xat\u0131rlad\u0131b ki, bir m\u00fcdd\u0259t \u0259vv\u0259l \u015eamax\u0131da &#8220;ASAN xidm\u0259t&#8221; m\u0259rk\u0259zi a\u00e7\u0131l\u0131b: &#8220;D\u00f6vl\u0259t ba\u015f\u00e7\u0131s\u0131n\u0131n \u0259sas tap\u015f\u0131r\u0131\u011f\u0131 ondan ibar\u0259tdir ki, &#8220;ASAN xidm\u0259t&#8221; q\u0131sa m\u00fcdd\u0259t \u0259rzind\u0259 b\u00fct\u00fcn regionlar\u0131 \u0259hat\u0259 etm\u0259lidir&#8221;. Qeyd ed\u0259k ki, bu g\u00fcn &#8220;ASAN Xidm\u0259t&#8221; m\u0259rk\u0259zin\u0259 edil\u0259n 35 milyonuncu m\u00fcraci\u0259tl\u0259 \u0259laq\u0259dar t\u0259dbir ke\u00e7irilib.<\/p>\n","protected":false},"author":2,"featured_media":109283,"comment_status":"closed","ping_status":"closed","sticky":false,"template":"","format":"standard","meta":{"om_disable_all_campaigns":false,"_monsterinsights_skip_tracking":false,"_monsterinsights_sitenote_active":false,"_monsterinsights_sitenote_note":"","_monsterinsights_sitenote_category":0},"categories":[1],"tags":[],"aioseo_notices":[],"gutentor_comment":0,"rttpg_featured_image_url":{"full":["https:\/\/arantv.az\/wp-content\/uploads\/2019\/12\/811710.jpg",800,600,false],"landscape":["https:\/\/arantv.az\/wp-content\/uploads\/2019\/12\/811710.jpg",800,600,false],"portraits":["https:\/\/arantv.az\/wp-content\/uploads\/2019\/12\/811710.jpg",800,600,false],"thumbnail":["https:\/\/arantv.az\/wp-content\/uploads\/2019\/12\/811710-150x150.jpg",150,150,true],"medium":["https:\/\/arantv.az\/wp-content\/uploads\/2019\/12\/811710-300x225.jpg",300,225,true],"large":["https:\/\/arantv.az\/wp-content\/uploads\/2019\/12\/811710.jpg",640,480,false],"1536x1536":["https:\/\/arantv.az\/wp-content\/uploads\/2019\/12\/811710.jpg",800,600,false],"2048x2048":["https:\/\/arantv.az\/wp-content\/uploads\/2019\/12\/811710.jpg",800,600,false],"post-thumbnail":["https:\/\/arantv.az\/wp-content\/uploads\/2019\/12\/811710-240x172.jpg",240,172,true],"advps-thumb-one":["https:\/\/arantv.az\/wp-content\/uploads\/2019\/12\/811710.jpg",800,600,false]},"rttpg_author":{"display_name":"V\u00fcsal Rafiqo\u011flu","author_link":"https:\/\/arantv.az\/?author=2"},"rttpg_comment":0,"rttpg_category":"<a href=\"https:\/\/arantv.az\/?cat=1\" rel=\"category\">C\u0259miyy\u0259t<\/a>","rttpg_excerpt":"&#8220;\u0130lin sonunad\u0259k K\u00fcrd\u0259mir, A\u011fcab\u0259di v\u0259 Tovuzda &#8220;ASAN xidm\u0259t&#8221; m\u0259rk\u0259zl\u0259rinin a\u00e7\u0131lmas\u0131 planla\u015fd\u0131r\u0131l\u0131r&#8221;. ARANTV.AZ\u00a0\u00a0Trend-\u0259 istinad\u0259n x\u0259b\u0259r verir ki, bunu Az\u0259rbaycan Prezidenti yan\u0131nda V\u0259t\u0259nda\u015flara Xidm\u0259t v\u0259 Sosial \u0130nnovasiyalar D\u00f6vl\u0259t Agentliyinin s\u0259dri \u00dclvi Mehdiyev deyib. O xat\u0131rlad\u0131b ki, bir m\u00fcdd\u0259t \u0259vv\u0259l \u015eamax\u0131da &#8220;ASAN xidm\u0259t&#8221; m\u0259rk\u0259zi a\u00e7\u0131l\u0131b: &#8220;D\u00f6vl\u0259t ba\u015f\u00e7\u0131s\u0131n\u0131n \u0259sas tap\u015f\u0131r\u0131\u011f\u0131 ondan ibar\u0259tdir ki, &#8220;ASAN xidm\u0259t&#8221; q\u0131sa m\u00fcdd\u0259t \u0259rzind\u0259 b\u00fct\u00fcn&hellip;","_links":{"self":[{"href":"https:\/\/arantv.az\/index.php?rest_route=\/wp\/v2\/posts\/109282"}],"collection":[{"href":"https:\/\/arantv.az\/index.php?rest_route=\/wp\/v2\/posts"}],"about":[{"href":"https:\/\/arantv.az\/index.php?rest_route=\/wp\/v2\/types\/post"}],"author":[{"embeddable":true,"href":"https:\/\/arantv.az\/index.php?rest_route=\/wp\/v2\/users\/2"}],"replies":[{"embeddable":true,"href":"https:\/\/arantv.az\/index.php?rest_route=%2Fwp%2Fv2%2Fcomments&post=109282"}],"version-history":[{"count":0,"href":"https:\/\/arantv.az\/index.php?rest_route=\/wp\/v2\/posts\/109282\/revisions"}],"wp:featuredmedia":[{"embeddable":true,"href":"https:\/\/arantv.az\/index.php?rest_route=\/wp\/v2\/media\/109283"}],"wp:attachment":[{"href":"https:\/\/arantv.az\/index.php?rest_route=%2Fwp%2Fv2%2Fmedia&parent=109282"}],"wp:term":[{"taxonomy":"category","embeddable":true,"href":"https:\/\/arantv.az\/index.php?rest_route=%2Fwp%2Fv2%2Fcategories&post=109282"},{"taxonomy":"post_tag","embeddable":true,"href":"https:\/\/arantv.az\/index.php?rest_route=%2Fwp%2Fv2%2Ftags&post=109282"}],"curies":[{"name":"wp","href":"https:\/\/api.w.org\/{rel}","templated":true}]}}