{"id":109290,"date":"2019-12-19T12:04:15","date_gmt":"2019-12-19T09:04:15","guid":{"rendered":"http:\/\/arantv.az\/?p=109290"},"modified":"2019-12-19T12:04:15","modified_gmt":"2019-12-19T09:04:15","slug":"idman-arasdirmalar-m%c9%99rk%c9%99zi-ilin-yeddi-qalibini-mukafatlandirdi","status":"publish","type":"post","link":"https:\/\/arantv.az\/?p=109290","title":{"rendered":"\u0130dman Ara\u015fd\u0131rmalar M\u0259rk\u0259zi ilin yeddi qalibini m\u00fckafatland\u0131rd\u0131"},"content":{"rendered":"<p>Bu g\u00fcn \u0130dman Ara\u015fd\u0131rmalar M\u0259rk\u0259zi (\u0130AM) yeddinci d\u0259f\u0259 ilin \u0259n yax\u015f\u0131lar\u0131n\u0131 m\u00fc\u0259yy\u0259nl\u0259\u015fdirib.<\/p>\n<p><b>ARANTV.AZ\u00a0<\/b>x\u0259b\u0259r verir ki, Bak\u0131 Olimpiya Stadionunda ke\u00e7iril\u0259n m\u00fckafatland\u0131rma m\u0259rasimind\u0259 yeddi nominasiya \u00fczr\u0259 qalib m\u00fc\u0259yy\u0259nl\u0259\u015fib.<\/p>\n<p>\u018fvv\u0259lc\u0259 \u0130AM-\u0131n r\u0259hb\u0259ri El\u015f\u0259n M\u0259mm\u0259dov \u00e7\u0131x\u0131\u015f ed\u0259r\u0259k yeddinci d\u0259f\u0259 bu t\u0259dbiri ke\u00e7irdikl\u0259rini v\u0259 idman\u00e7\u0131lar\u0131m\u0131z\u0131n il \u0259rzind\u0259 qazand\u0131qlar\u0131 n\u0259tic\u0259l\u0259rd\u0259n dan\u0131\u015f\u0131b.<\/p>\n<p>O bildirib ki, qalibl\u0259r 56 idman jurnalistinin i\u015ftirak etdiyi s\u0259sverm\u0259y\u0259 \u0259sas\u0259n m\u00fc\u0259yy\u0259nl\u0259\u015fib. H\u0259min yeddi qalib bunlard\u0131r:<\/p>\n<p>\u0130lin idman xadimi &#8211; Mahir M\u0259mm\u0259dov (FIDE-nin v\u0259 Az\u0259rbaycan \u015eahmat Federasiyas\u0131n\u0131n vitse-prezidenti)<\/p>\n<p>\u0130lin idman qur\u011fusu &#8211; Bak\u0131 Olimpiya Stadionu<\/p>\n<p>\u0130lin futbol\u00e7usu &#8211; Emil Balayev (Milli komandam\u0131z\u0131n v\u0259 Qazax\u0131stan\u0131n \u201cTobol\u201d klubunun qap\u0131\u00e7\u0131s\u0131)<\/p>\n<p>\u0130lin \u0259cn\u0259bi futbol\u00e7usu &#8211; Abdullah Zubir (\u201cQaraba\u011f\u201d\u0131n yar\u0131mm\u00fcdafi\u0259\u00e7isi)<\/p>\n<p>\u0130lin komandas\u0131 &#8211; \u015eahmat \u00fczr\u0259 qad\u0131nlardan ibar\u0259t Az\u0259rbaycan millisi<\/p>\n<p>\u0130lin ba\u015f m\u0259\u015fq\u00e7isi &#8211; Qurban Qurbanov (\u201cQaraba\u011f\u201d)<\/p>\n<p>\u0130lin idman\u00e7\u0131s\u0131 &#8211; Teymur R\u0259c\u0259bov (\u015eahmat)<\/p>\n<p>Bundan ba\u015fqa, x\u00fcsusi m\u00fckafatlar da verilib:<\/p>\n<p>\u201cMinsk 2019\u201d II Avropa Oyunlar\u0131n\u0131n \u018fm\u0259liyyat Komit\u0259sind\u0259 layiqinc\u0259 t\u0259msil etdiyi \u00fc\u00e7\u00fcn &#8211; Samir M\u0259zahir o\u011flu M\u0259mm\u0259dov<\/p>\n<p>U\u015faq idman\u0131n\u0131n inki\u015faf\u0131na verdiyi d\u0259st\u0259y\u0259 g\u00f6r\u0259 &#8211; Tofiq Heyd\u0259rov<\/p>\n<p>\u0130lin \u0259n \u00e7ox k\u00fctl\u0259vi t\u0259dbir t\u0259\u015fkil ed\u0259n idman qur\u011fusu &#8211; \u015eamax\u0131 Olimpiya Kompleksi<\/p>\n<p>Az\u0259rbaycan Premyer Liqas\u0131nda 2018\/2019 m\u00f6vs\u00fcm\u00fcn\u00fcn futbol\u00e7usu &#8211; Emin Mahmudov (\u201cNeft\u00e7i\u201d)Oxu.Az<\/p>\n","protected":false},"excerpt":{"rendered":"<p>Bu g\u00fcn \u0130dman Ara\u015fd\u0131rmalar M\u0259rk\u0259zi (\u0130AM) yeddinci d\u0259f\u0259 ilin \u0259n yax\u015f\u0131lar\u0131n\u0131 m\u00fc\u0259yy\u0259nl\u0259\u015fdirib. ARANTV.AZ\u00a0x\u0259b\u0259r verir ki, Bak\u0131 Olimpiya Stadionunda ke\u00e7iril\u0259n m\u00fckafatland\u0131rma m\u0259rasimind\u0259 yeddi nominasiya \u00fczr\u0259 qalib m\u00fc\u0259yy\u0259nl\u0259\u015fib. \u018fvv\u0259lc\u0259 \u0130AM-\u0131n r\u0259hb\u0259ri El\u015f\u0259n M\u0259mm\u0259dov \u00e7\u0131x\u0131\u015f ed\u0259r\u0259k yeddinci d\u0259f\u0259 bu t\u0259dbiri ke\u00e7irdikl\u0259rini v\u0259 idman\u00e7\u0131lar\u0131m\u0131z\u0131n il \u0259rzind\u0259 qazand\u0131qlar\u0131 n\u0259tic\u0259l\u0259rd\u0259n dan\u0131\u015f\u0131b. O bildirib ki, qalibl\u0259r 56 idman jurnalistinin i\u015ftirak etdiyi s\u0259sverm\u0259y\u0259 \u0259sas\u0259n m\u00fc\u0259yy\u0259nl\u0259\u015fib. H\u0259min yeddi qalib bunlard\u0131r: \u0130lin idman xadimi &#8211; Mahir M\u0259mm\u0259dov (FIDE-nin v\u0259 Az\u0259rbaycan \u015eahmat Federasiyas\u0131n\u0131n vitse-prezidenti) \u0130lin idman qur\u011fusu &#8211; Bak\u0131 Olimpiya Stadionu \u0130lin futbol\u00e7usu &#8211; Emil Balayev (Milli komandam\u0131z\u0131n v\u0259 Qazax\u0131stan\u0131n \u201cTobol\u201d&hellip;<\/p>\n","protected":false},"author":2,"featured_media":109291,"comment_status":"closed","ping_status":"closed","sticky":false,"template":"","format":"standard","meta":{"om_disable_all_campaigns":false,"_monsterinsights_skip_tracking":false,"_monsterinsights_sitenote_active":false,"_monsterinsights_sitenote_note":"","_monsterinsights_sitenote_category":0},"categories":[6],"tags":[],"aioseo_notices":[],"gutentor_comment":0,"rttpg_featured_image_url":{"full":["https:\/\/arantv.az\/wp-content\/uploads\/2019\/12\/qurban.jpg",620,413,false],"landscape":["https:\/\/arantv.az\/wp-content\/uploads\/2019\/12\/qurban.jpg",620,413,false],"portraits":["https:\/\/arantv.az\/wp-content\/uploads\/2019\/12\/qurban.jpg",620,413,false],"thumbnail":["https:\/\/arantv.az\/wp-content\/uploads\/2019\/12\/qurban-150x150.jpg",150,150,true],"medium":["https:\/\/arantv.az\/wp-content\/uploads\/2019\/12\/qurban-300x200.jpg",300,200,true],"large":["https:\/\/arantv.az\/wp-content\/uploads\/2019\/12\/qurban.jpg",620,413,false],"1536x1536":["https:\/\/arantv.az\/wp-content\/uploads\/2019\/12\/qurban.jpg",620,413,false],"2048x2048":["https:\/\/arantv.az\/wp-content\/uploads\/2019\/12\/qurban.jpg",620,413,false],"post-thumbnail":["https:\/\/arantv.az\/wp-content\/uploads\/2019\/12\/qurban-240x172.jpg",240,172,true],"advps-thumb-one":["https:\/\/arantv.az\/wp-content\/uploads\/2019\/12\/qurban.jpg",620,413,false]},"rttpg_author":{"display_name":"V\u00fcsal Rafiqo\u011flu","author_link":"https:\/\/arantv.az\/?author=2"},"rttpg_comment":0,"rttpg_category":"<a href=\"https:\/\/arantv.az\/?cat=6\" rel=\"category\">\u0130dman<\/a>","rttpg_excerpt":"Bu g\u00fcn \u0130dman Ara\u015fd\u0131rmalar M\u0259rk\u0259zi (\u0130AM) yeddinci d\u0259f\u0259 ilin \u0259n yax\u015f\u0131lar\u0131n\u0131 m\u00fc\u0259yy\u0259nl\u0259\u015fdirib. ARANTV.AZ\u00a0x\u0259b\u0259r verir ki, Bak\u0131 Olimpiya Stadionunda ke\u00e7iril\u0259n m\u00fckafatland\u0131rma m\u0259rasimind\u0259 yeddi nominasiya \u00fczr\u0259 qalib m\u00fc\u0259yy\u0259nl\u0259\u015fib. \u018fvv\u0259lc\u0259 \u0130AM-\u0131n r\u0259hb\u0259ri El\u015f\u0259n M\u0259mm\u0259dov \u00e7\u0131x\u0131\u015f ed\u0259r\u0259k yeddinci d\u0259f\u0259 bu t\u0259dbiri ke\u00e7irdikl\u0259rini v\u0259 idman\u00e7\u0131lar\u0131m\u0131z\u0131n il \u0259rzind\u0259 qazand\u0131qlar\u0131 n\u0259tic\u0259l\u0259rd\u0259n dan\u0131\u015f\u0131b. O bildirib ki, qalibl\u0259r 56 idman jurnalistinin i\u015ftirak etdiyi s\u0259sverm\u0259y\u0259&hellip;","_links":{"self":[{"href":"https:\/\/arantv.az\/index.php?rest_route=\/wp\/v2\/posts\/109290"}],"collection":[{"href":"https:\/\/arantv.az\/index.php?rest_route=\/wp\/v2\/posts"}],"about":[{"href":"https:\/\/arantv.az\/index.php?rest_route=\/wp\/v2\/types\/post"}],"author":[{"embeddable":true,"href":"https:\/\/arantv.az\/index.php?rest_route=\/wp\/v2\/users\/2"}],"replies":[{"embeddable":true,"href":"https:\/\/arantv.az\/index.php?rest_route=%2Fwp%2Fv2%2Fcomments&post=109290"}],"version-history":[{"count":0,"href":"https:\/\/arantv.az\/index.php?rest_route=\/wp\/v2\/posts\/109290\/revisions"}],"wp:featuredmedia":[{"embeddable":true,"href":"https:\/\/arantv.az\/index.php?rest_route=\/wp\/v2\/media\/109291"}],"wp:attachment":[{"href":"https:\/\/arantv.az\/index.php?rest_route=%2Fwp%2Fv2%2Fmedia&parent=109290"}],"wp:term":[{"taxonomy":"category","embeddable":true,"href":"https:\/\/arantv.az\/index.php?rest_route=%2Fwp%2Fv2%2Fcategories&post=109290"},{"taxonomy":"post_tag","embeddable":true,"href":"https:\/\/arantv.az\/index.php?rest_route=%2Fwp%2Fv2%2Ftags&post=109290"}],"curies":[{"name":"wp","href":"https:\/\/api.w.org\/{rel}","templated":true}]}}