{"id":109399,"date":"2019-12-19T14:34:02","date_gmt":"2019-12-19T11:34:02","guid":{"rendered":"http:\/\/arantv.az\/?p=109399"},"modified":"2019-12-19T14:34:02","modified_gmt":"2019-12-19T11:34:02","slug":"h%c9%99bs-edil%c9%99n-icra-bascisinin-daha-bir-muavini-saxlanildi-%c9%99m%c9%99liyyat-foto","status":"publish","type":"post","link":"https:\/\/arantv.az\/?p=109399","title":{"rendered":"H\u0259bs edil\u0259n icra ba\u015f\u00e7\u0131s\u0131n\u0131n daha bir m\u00fcavini saxlan\u0131ld\u0131 &#8211; \u018fM\u018fL\u0130YYAT + FOTO"},"content":{"rendered":"<p>Bu g\u00fcn h\u0259bs olunan A\u011fstafa rayon \u0130cra hakimiyy\u0259tinin ba\u015f\u00e7\u0131s\u0131 Nizam\u0259ddin Quliyevin daha bir m\u00fcavini saxlan\u0131l\u0131b.<\/p>\n<p><strong>ARANTV.AZ<\/strong>\u00a0 x\u0259b\u0259r verir ki, humanitar m\u0259s\u0259l\u0259l\u0259r \u00fczr\u0259 m\u00fcavini Lal\u0259 Eyyubova bu g\u00fcn h\u00fcquq-m\u00fchafiz\u0259 orqanlar\u0131n\u0131n \u0259m\u0259kda\u015flar\u0131 t\u0259r\u0259find\u0259n Bak\u0131ya g\u0259tirilib.<\/p>\n<div id=\"AdviadNativeVideo0\" class=\"AdviadNativeVideo\"><\/div>\n<p>Qeyd ed\u0259k ki, \u00f6t\u0259n g\u00fcn A\u011fstafa rayon \u0130cra hakimiyy\u0259tinin ba\u015f\u00e7\u0131s\u0131 Quliyev Nizam\u0259ddin M\u0259h\u0259mm\u0259d o\u011flu v\u0259 m\u00fcavini Tatarov Ramiz Cahangir o\u011flu saxlan\u0131l\u0131b.BakuPost<\/p>\n<div class=\"gallery\">\n<div class=\"gallery-i\"><img src=\"https:\/\/assets.oxu.az\/uploads\/W1siZiIsIjIwMTkvMTIvMTkvMTUvMTkvNDMvN2E2OTIwODAtODIzZC00YjA1LWI0MTgtMzg0NWE5YTI4NDkyLzc5NDEzMTUxXzQ1NDE4ODk0MTkwODQyMl81ODM0OTc5NjA4Njk2NDU1MTY4X24ucG5nIl0sWyJwIiwiZW5jb2RlIiwianBnIiwiLXF1YWxpdHkgODAiXSxbInAiLCJ0aHVtYiIsIjU5MHg1OTBcdTAwM2UiXV0?sha=36a4f7e00bf7d5e4\" alt=\"\" \/><\/div>\n<\/div>\n","protected":false},"excerpt":{"rendered":"<p>Bu g\u00fcn h\u0259bs olunan A\u011fstafa rayon \u0130cra hakimiyy\u0259tinin ba\u015f\u00e7\u0131s\u0131 Nizam\u0259ddin Quliyevin daha bir m\u00fcavini saxlan\u0131l\u0131b. ARANTV.AZ\u00a0 x\u0259b\u0259r verir ki, humanitar m\u0259s\u0259l\u0259l\u0259r \u00fczr\u0259 m\u00fcavini Lal\u0259 Eyyubova bu g\u00fcn h\u00fcquq-m\u00fchafiz\u0259 orqanlar\u0131n\u0131n \u0259m\u0259kda\u015flar\u0131 t\u0259r\u0259find\u0259n Bak\u0131ya g\u0259tirilib. Qeyd ed\u0259k ki, \u00f6t\u0259n g\u00fcn A\u011fstafa rayon \u0130cra hakimiyy\u0259tinin ba\u015f\u00e7\u0131s\u0131 Quliyev Nizam\u0259ddin M\u0259h\u0259mm\u0259d o\u011flu v\u0259 m\u00fcavini Tatarov Ramiz Cahangir o\u011flu saxlan\u0131l\u0131b.BakuPost<\/p>\n","protected":false},"author":2,"featured_media":109400,"comment_status":"closed","ping_status":"closed","sticky":false,"template":"","format":"standard","meta":{"om_disable_all_campaigns":false,"_monsterinsights_skip_tracking":false,"_monsterinsights_sitenote_active":false,"_monsterinsights_sitenote_note":"","_monsterinsights_sitenote_category":0},"categories":[1],"tags":[],"aioseo_notices":[],"gutentor_comment":0,"rttpg_featured_image_url":{"full":["https:\/\/arantv.az\/wp-content\/uploads\/2019\/12\/bss.jpg",620,389,false],"landscape":["https:\/\/arantv.az\/wp-content\/uploads\/2019\/12\/bss.jpg",620,389,false],"portraits":["https:\/\/arantv.az\/wp-content\/uploads\/2019\/12\/bss.jpg",620,389,false],"thumbnail":["https:\/\/arantv.az\/wp-content\/uploads\/2019\/12\/bss-150x150.jpg",150,150,true],"medium":["https:\/\/arantv.az\/wp-content\/uploads\/2019\/12\/bss-300x188.jpg",300,188,true],"large":["https:\/\/arantv.az\/wp-content\/uploads\/2019\/12\/bss.jpg",620,389,false],"1536x1536":["https:\/\/arantv.az\/wp-content\/uploads\/2019\/12\/bss.jpg",620,389,false],"2048x2048":["https:\/\/arantv.az\/wp-content\/uploads\/2019\/12\/bss.jpg",620,389,false],"post-thumbnail":["https:\/\/arantv.az\/wp-content\/uploads\/2019\/12\/bss-240x172.jpg",240,172,true],"advps-thumb-one":["https:\/\/arantv.az\/wp-content\/uploads\/2019\/12\/bss.jpg",620,389,false]},"rttpg_author":{"display_name":"V\u00fcsal Rafiqo\u011flu","author_link":"https:\/\/arantv.az\/?author=2"},"rttpg_comment":0,"rttpg_category":"<a href=\"https:\/\/arantv.az\/?cat=1\" rel=\"category\">C\u0259miyy\u0259t<\/a>","rttpg_excerpt":"Bu g\u00fcn h\u0259bs olunan A\u011fstafa rayon \u0130cra hakimiyy\u0259tinin ba\u015f\u00e7\u0131s\u0131 Nizam\u0259ddin Quliyevin daha bir m\u00fcavini saxlan\u0131l\u0131b. ARANTV.AZ\u00a0 x\u0259b\u0259r verir ki, humanitar m\u0259s\u0259l\u0259l\u0259r \u00fczr\u0259 m\u00fcavini Lal\u0259 Eyyubova bu g\u00fcn h\u00fcquq-m\u00fchafiz\u0259 orqanlar\u0131n\u0131n \u0259m\u0259kda\u015flar\u0131 t\u0259r\u0259find\u0259n Bak\u0131ya g\u0259tirilib. Qeyd ed\u0259k ki, \u00f6t\u0259n g\u00fcn A\u011fstafa rayon \u0130cra hakimiyy\u0259tinin ba\u015f\u00e7\u0131s\u0131 Quliyev Nizam\u0259ddin M\u0259h\u0259mm\u0259d o\u011flu v\u0259 m\u00fcavini Tatarov Ramiz Cahangir o\u011flu saxlan\u0131l\u0131b.BakuPost","_links":{"self":[{"href":"https:\/\/arantv.az\/index.php?rest_route=\/wp\/v2\/posts\/109399"}],"collection":[{"href":"https:\/\/arantv.az\/index.php?rest_route=\/wp\/v2\/posts"}],"about":[{"href":"https:\/\/arantv.az\/index.php?rest_route=\/wp\/v2\/types\/post"}],"author":[{"embeddable":true,"href":"https:\/\/arantv.az\/index.php?rest_route=\/wp\/v2\/users\/2"}],"replies":[{"embeddable":true,"href":"https:\/\/arantv.az\/index.php?rest_route=%2Fwp%2Fv2%2Fcomments&post=109399"}],"version-history":[{"count":0,"href":"https:\/\/arantv.az\/index.php?rest_route=\/wp\/v2\/posts\/109399\/revisions"}],"wp:featuredmedia":[{"embeddable":true,"href":"https:\/\/arantv.az\/index.php?rest_route=\/wp\/v2\/media\/109400"}],"wp:attachment":[{"href":"https:\/\/arantv.az\/index.php?rest_route=%2Fwp%2Fv2%2Fmedia&parent=109399"}],"wp:term":[{"taxonomy":"category","embeddable":true,"href":"https:\/\/arantv.az\/index.php?rest_route=%2Fwp%2Fv2%2Fcategories&post=109399"},{"taxonomy":"post_tag","embeddable":true,"href":"https:\/\/arantv.az\/index.php?rest_route=%2Fwp%2Fv2%2Ftags&post=109399"}],"curies":[{"name":"wp","href":"https:\/\/api.w.org\/{rel}","templated":true}]}}