{"id":109407,"date":"2019-12-19T14:36:47","date_gmt":"2019-12-19T11:36:47","guid":{"rendered":"http:\/\/arantv.az\/?p=109407"},"modified":"2019-12-19T14:36:47","modified_gmt":"2019-12-19T11:36:47","slug":"simali-makedoniya-az%c9%99rbaycan-qazinin-n%c9%99qli-ucun-daha-bir-qaz-borusu-tik%c9%99c%c9%99k","status":"publish","type":"post","link":"https:\/\/arantv.az\/?p=109407","title":{"rendered":"\u015eimali Makedoniya Az\u0259rbaycan qaz\u0131n\u0131n n\u0259qli \u00fc\u00e7\u00fcn daha bir qaz borusu tik\u0259c\u0259k"},"content":{"rendered":"<p>\u015eimali Makedoniya Az\u0259rbaycan qaz\u0131na \u00e7\u0131x\u0131\u015f \u0259ld\u0259 etm\u0259k \u00fc\u00e7\u00fcn Bolqar\u0131stanla qaz borusu tikm\u0259k niyy\u0259tind\u0259dir.<\/p>\n<p><strong>ARANTV.AZ<\/strong>\u00a0<a href=\"https:\/\/az.trend.az\/\" target=\"_blank\" rel=\"noopener\">Trend<\/a>-\u0259 istinad\u0259n x\u0259b\u0259r verir ki, \u015eimali Makedoniya v\u0259 Bolqar\u0131stan ticar\u0259t-s\u0259naye palatalar\u0131n\u0131n n\u00fcmay\u0259nd\u0259l\u0259ri t\u0259r\u0259find\u0259n haz\u0131rlanan t\u0259\u015f\u0259bb\u00fcs h\u0259r iki \u00f6lk\u0259nin ba\u015f nazirl\u0259ri Zoran Zayev v\u0259 Boyko Borisova t\u0259qdim edilib.<\/p>\n<p>Boru k\u0259m\u0259rinin \u015eimali Makedoniyan\u0131n Strumitsa \u015f\u0259h\u0259rind\u0259n Bolqar\u0131stan\u0131n Petri\u00e7 \u015f\u0259h\u0259rin\u0259d\u0259k uzanmas\u0131 \u00e7\u0259kilm\u0259si n\u0259z\u0259rd\u0259 tutulur. Layih\u0259 20-25 milyon avro d\u0259y\u0259rind\u0259 qiym\u0259tl\u0259ndirilir v\u0259 \u00fc\u00e7 ay \u0259rzind\u0259 ba\u015fa \u00e7ataca\u011f\u0131 g\u00f6zl\u0259nilir.<\/p>\n<p>Z.Zayev bildirib ki, Strumitsa v\u0259 Petri\u00e7 \u015f\u0259h\u0259rl\u0259ri aras\u0131nda mayel\u0259\u015fdirilmi\u015f qaz n\u0259ql ed\u0259n boru sistemi art\u0131q m\u00f6vcuddur v\u0259 ikinci boru k\u0259m\u0259ri \u00f6lk\u0259l\u0259rin Trans-Adriatik boru k\u0259m\u0259rin\u0259 \u00e7\u0131x\u0131\u015f\u0131n\u0131 asanla\u015fd\u0131racaq.<\/p>\n<p>Qeyd ed\u0259k ki, \u015eimali Makedoniya, h\u0259m\u00e7inin Yunan\u0131stanla interkonnektorun tikintisini planla\u015fd\u0131r\u0131r.<\/p>\n","protected":false},"excerpt":{"rendered":"<p>\u015eimali Makedoniya Az\u0259rbaycan qaz\u0131na \u00e7\u0131x\u0131\u015f \u0259ld\u0259 etm\u0259k \u00fc\u00e7\u00fcn Bolqar\u0131stanla qaz borusu tikm\u0259k niyy\u0259tind\u0259dir. ARANTV.AZ\u00a0Trend-\u0259 istinad\u0259n x\u0259b\u0259r verir ki, \u015eimali Makedoniya v\u0259 Bolqar\u0131stan ticar\u0259t-s\u0259naye palatalar\u0131n\u0131n n\u00fcmay\u0259nd\u0259l\u0259ri t\u0259r\u0259find\u0259n haz\u0131rlanan t\u0259\u015f\u0259bb\u00fcs h\u0259r iki \u00f6lk\u0259nin ba\u015f nazirl\u0259ri Zoran Zayev v\u0259 Boyko Borisova t\u0259qdim edilib. Boru k\u0259m\u0259rinin \u015eimali Makedoniyan\u0131n Strumitsa \u015f\u0259h\u0259rind\u0259n Bolqar\u0131stan\u0131n Petri\u00e7 \u015f\u0259h\u0259rin\u0259d\u0259k uzanmas\u0131 \u00e7\u0259kilm\u0259si n\u0259z\u0259rd\u0259 tutulur. Layih\u0259 20-25 milyon avro d\u0259y\u0259rind\u0259 qiym\u0259tl\u0259ndirilir v\u0259 \u00fc\u00e7 ay \u0259rzind\u0259 ba\u015fa \u00e7ataca\u011f\u0131 g\u00f6zl\u0259nilir. Z.Zayev bildirib ki, Strumitsa v\u0259 Petri\u00e7 \u015f\u0259h\u0259rl\u0259ri aras\u0131nda mayel\u0259\u015fdirilmi\u015f qaz n\u0259ql ed\u0259n boru sistemi art\u0131q m\u00f6vcuddur v\u0259 ikinci boru k\u0259m\u0259ri \u00f6lk\u0259l\u0259rin Trans-Adriatik boru k\u0259m\u0259rin\u0259&hellip;<\/p>\n","protected":false},"author":2,"featured_media":109408,"comment_status":"closed","ping_status":"closed","sticky":false,"template":"","format":"standard","meta":{"om_disable_all_campaigns":false,"_monsterinsights_skip_tracking":false,"_monsterinsights_sitenote_active":false,"_monsterinsights_sitenote_note":"","_monsterinsights_sitenote_category":0},"categories":[19],"tags":[],"aioseo_notices":[],"gutentor_comment":0,"rttpg_featured_image_url":{"full":["https:\/\/arantv.az\/wp-content\/uploads\/2019\/12\/811784.jpg",800,600,false],"landscape":["https:\/\/arantv.az\/wp-content\/uploads\/2019\/12\/811784.jpg",800,600,false],"portraits":["https:\/\/arantv.az\/wp-content\/uploads\/2019\/12\/811784.jpg",800,600,false],"thumbnail":["https:\/\/arantv.az\/wp-content\/uploads\/2019\/12\/811784-150x150.jpg",150,150,true],"medium":["https:\/\/arantv.az\/wp-content\/uploads\/2019\/12\/811784-300x225.jpg",300,225,true],"large":["https:\/\/arantv.az\/wp-content\/uploads\/2019\/12\/811784.jpg",640,480,false],"1536x1536":["https:\/\/arantv.az\/wp-content\/uploads\/2019\/12\/811784.jpg",800,600,false],"2048x2048":["https:\/\/arantv.az\/wp-content\/uploads\/2019\/12\/811784.jpg",800,600,false],"post-thumbnail":["https:\/\/arantv.az\/wp-content\/uploads\/2019\/12\/811784-240x172.jpg",240,172,true],"advps-thumb-one":["https:\/\/arantv.az\/wp-content\/uploads\/2019\/12\/811784.jpg",800,600,false]},"rttpg_author":{"display_name":"V\u00fcsal Rafiqo\u011flu","author_link":"https:\/\/arantv.az\/?author=2"},"rttpg_comment":0,"rttpg_category":"<a href=\"https:\/\/arantv.az\/?cat=19\" rel=\"category\">G\u00fcnd\u0259m<\/a>","rttpg_excerpt":"\u015eimali Makedoniya Az\u0259rbaycan qaz\u0131na \u00e7\u0131x\u0131\u015f \u0259ld\u0259 etm\u0259k \u00fc\u00e7\u00fcn Bolqar\u0131stanla qaz borusu tikm\u0259k niyy\u0259tind\u0259dir. ARANTV.AZ\u00a0Trend-\u0259 istinad\u0259n x\u0259b\u0259r verir ki, \u015eimali Makedoniya v\u0259 Bolqar\u0131stan ticar\u0259t-s\u0259naye palatalar\u0131n\u0131n n\u00fcmay\u0259nd\u0259l\u0259ri t\u0259r\u0259find\u0259n haz\u0131rlanan t\u0259\u015f\u0259bb\u00fcs h\u0259r iki \u00f6lk\u0259nin ba\u015f nazirl\u0259ri Zoran Zayev v\u0259 Boyko Borisova t\u0259qdim edilib. Boru k\u0259m\u0259rinin \u015eimali Makedoniyan\u0131n Strumitsa \u015f\u0259h\u0259rind\u0259n Bolqar\u0131stan\u0131n Petri\u00e7 \u015f\u0259h\u0259rin\u0259d\u0259k uzanmas\u0131 \u00e7\u0259kilm\u0259si n\u0259z\u0259rd\u0259 tutulur. Layih\u0259 20-25&hellip;","_links":{"self":[{"href":"https:\/\/arantv.az\/index.php?rest_route=\/wp\/v2\/posts\/109407"}],"collection":[{"href":"https:\/\/arantv.az\/index.php?rest_route=\/wp\/v2\/posts"}],"about":[{"href":"https:\/\/arantv.az\/index.php?rest_route=\/wp\/v2\/types\/post"}],"author":[{"embeddable":true,"href":"https:\/\/arantv.az\/index.php?rest_route=\/wp\/v2\/users\/2"}],"replies":[{"embeddable":true,"href":"https:\/\/arantv.az\/index.php?rest_route=%2Fwp%2Fv2%2Fcomments&post=109407"}],"version-history":[{"count":0,"href":"https:\/\/arantv.az\/index.php?rest_route=\/wp\/v2\/posts\/109407\/revisions"}],"wp:featuredmedia":[{"embeddable":true,"href":"https:\/\/arantv.az\/index.php?rest_route=\/wp\/v2\/media\/109408"}],"wp:attachment":[{"href":"https:\/\/arantv.az\/index.php?rest_route=%2Fwp%2Fv2%2Fmedia&parent=109407"}],"wp:term":[{"taxonomy":"category","embeddable":true,"href":"https:\/\/arantv.az\/index.php?rest_route=%2Fwp%2Fv2%2Fcategories&post=109407"},{"taxonomy":"post_tag","embeddable":true,"href":"https:\/\/arantv.az\/index.php?rest_route=%2Fwp%2Fv2%2Ftags&post=109407"}],"curies":[{"name":"wp","href":"https:\/\/api.w.org\/{rel}","templated":true}]}}