{"id":109423,"date":"2019-12-19T14:43:08","date_gmt":"2019-12-19T11:43:08","guid":{"rendered":"http:\/\/arantv.az\/?p=109423"},"modified":"2019-12-19T14:43:08","modified_gmt":"2019-12-19T11:43:08","slug":"h%c9%99bs-edil%c9%99n-icra-bascisinin-sohr%c9%99t-ordeni-geri-alinacaq","status":"publish","type":"post","link":"https:\/\/arantv.az\/?p=109423","title":{"rendered":"H\u0259bs edil\u0259n icra ba\u015f\u00e7\u0131s\u0131n\u0131n \u201c\u015e\u00f6hr\u0259t\u201d ordeni GER\u0130 ALINACAQ"},"content":{"rendered":"<p>A\u011fstafa rayonunun icra ba\u015f\u00e7\u0131s\u0131 Nizam\u0259ddin Quliyev v\u0259 birinci m\u00fcavini, YAP-\u0131n yerli t\u0259\u015fkilat\u0131n\u0131n s\u0259dri Ramiz Tatarovun r\u00fc\u015fv\u0259t\u0259 g\u00f6r\u0259 h\u0259bs olunmas\u0131 \u00f6lk\u0259d\u0259 \u0259m\u0259lli-ba\u015fl\u0131 s\u0259s-k\u00fcy do\u011furub. M\u0259s\u0259l\u0259 buras\u0131ndad\u0131r ki, son ill\u0259r bel\u0259 y\u00fcks\u0259k \u00e7inli m\u0259murlar\u0131n v\u0259zif\u0259d\u0259n \u00e7\u0131xar\u0131lmadan \u2013 kabinetl\u0259rind\u0259 h\u0259bs olunmas\u0131 hadis\u0259sin\u0259 rast g\u0259linmirdi.<\/p>\n<p>M\u0259lumata g\u00f6r\u0259, haz\u0131rda icra ba\u015f\u00e7\u0131s\u0131 v\u0259 birinci m\u00fcavinin \u0259traf\u0131nda axtar\u0131\u015f v\u0259 ara\u015fd\u0131rmalar davam etdirilir.<\/p>\n<p>Qeyd ed\u0259k ki, h\u0259bs olunan h\u0259r iki m\u0259mur d\u00f6vl\u0259t t\u0259ltifl\u0259rin\u0259 sahibdirl\u0259r. Bel\u0259 ki, Nizam\u0259ddin Quliyev ictimai-siyasi f\u0259aliyy\u0259td\u0259ki xidm\u0259tl\u0259rin\u0259 g\u00f6r\u0259 2 sentyabr 2014-c\u00fc il tarixind\u0259 Az\u0259rbaycan Respublikas\u0131n\u0131n \u201c\u015e\u00f6hr\u0259t\u201d ordeni il\u0259 t\u0259ltif edilib.<\/p>\n<div id=\"AdviadNativeVideo0\" class=\"AdviadNativeVideo\"><\/div>\n<p>Ramiz Tatarov is\u0259 22 iyun 2009-cu ild\u0259\u00a0 \u201cD\u00f6vl\u0259t qullu\u011funda f\u0259rql\u0259nm\u0259y\u0259 g\u00f6r\u0259\u201d medal\u0131, 18 noyabr 2017-ci ild\u0259 is\u0259 \u201cT\u0259r\u0259qqi\u201d medal\u0131na layiq g\u00f6r\u00fcl\u00fcb.<\/p>\n<p><em><strong>Maraql\u0131d\u0131r, orden v\u0259 medallara layiq g\u00f6r\u00fcl\u0259n v\u0259zif\u0259li \u015f\u0259xsl\u0259r h\u0259r hans\u0131 xo\u015fag\u0259lm\u0259z \u0259m\u0259ll\u0259rin\u0259 g\u00f6r\u0259 saxlan\u0131l\u0131rsa, bu t\u0259ltifl\u0259rd\u0259n m\u0259hrum edil\u0259 bil\u0259rl\u0259rmi?<\/strong><\/em><\/p>\n<p>\u201cKonstitutsiya Ara\u015fd\u0131rmalar\u0131\u201d Fondunun prezidenti, h\u00fcquq\u015f\u00fcnas \u018flim\u0259mm\u0259d Nuriyev Modern.az-a deyib ki, v\u0259zif\u0259li \u015f\u0259xs bel\u0259 hallarda m\u00fctl\u0259q x\u00fcsusi addan v\u0259 r\u00fctb\u0259d\u0259n m\u0259hrum edilir:<\/p>\n<p>\u201cCinay\u0259t M\u0259c\u0259ll\u0259sinin 48-ci madd\u0259si var ki, bel\u0259 hallarda v\u0259zif\u0259li \u015f\u0259xs x\u00fcsusi r\u00fctb\u0259d\u0259n, addan, t\u0259ltifl\u0259rd\u0259n m\u0259hrum edilir. Bu da c\u0259za n\u00f6vl\u0259rind\u0259n biridir.\u00a0 Bu zaman v\u0259zif\u0259li \u015f\u0259xs x\u00fcsusi r\u00fctb\u0259d\u0259n, m\u00fckafatlardan m\u0259hrum edil\u0259 bil\u0259r. Cinay\u0259t M\u0259c\u0259ll\u0259sinin 48-ci madd\u0259sinin m\u0259zmunundan ayd\u0131n olur ki, m\u0259hk\u0259m\u0259 h\u0259min c\u0259za n\u00f6v\u00fcn\u00fcn t\u0259tbiqinin z\u0259ruriliyi n\u0259tic\u0259sin\u0259 g\u0259ldikd\u0259, m\u00fcvafiq orqana t\u0259qdimat g\u00f6nd\u0259rir. Yaln\u0131z bu c\u0259za n\u00f6v\u00fc birba\u015fa m\u0259hk\u0259m\u0259 h\u00f6km\u00fc il\u0259 t\u0259tbiq edilmir\u201d.<\/p>\n<p>\u018flim\u0259mm\u0259d Nuriyevin s\u00f6zl\u0259rin\u0259 g\u00f6r\u0259, t\u0259sad\u00fcfi deyil ki, son vaxtlar \u00f6lk\u0259 prezidenti y\u00fcks\u0259k ranql\u0131 m\u0259murlar\u0131, o c\u00fcml\u0259d\u0259n icra ba\u015f\u00e7\u0131lar\u0131n\u0131\u00a0v\u0259zif\u0259y\u0259 t\u0259yin ed\u0259rk\u0259n, onlar\u0131 ayr\u0131-ayr\u0131l\u0131qda q\u0259bul edib x\u00fcsusi tap\u015f\u0131r\u0131qlar verir, x\u0259b\u0259rdarl\u0131q edir:<\/p>\n<p>\u201c\u0130ctimai v\u0259saitl\u0259rd\u0259n q\u0259na\u0259tl\u0259 v\u0259 t\u0259yinat\u0131na uy\u011fun olaraq\u00a0istifad\u0259 etm\u0259k laz\u0131md\u0131r. Yerli sahibkarlar\u0131 incitm\u0259k, onlardan \u0259lav\u0259 v\u0259sait t\u0259l\u0259b etm\u0259k olmaz. Bunlar \u00e7ox m\u00fch\u00fcm tap\u015f\u0131r\u0131qlard\u0131. Tutdu\u011fu v\u0259zif\u0259sind\u0259n, i\u015find\u0259n as\u0131l\u0131 olmayaraq, \u0259g\u0259r kimd\u0259ns\u0259 hans\u0131sa m\u0259lumatlar g\u0259l\u0259c\u0259ks\u0259, onlar \u00e7ox s\u0259rt c\u0259zaland\u0131r\u0131lacaqlar. Bu x\u0259b\u0259rdarl\u0131qlar h\u0259m m\u00f6vcud,\u00a0 h\u0259m d\u0259 yeni t\u0259yin olunan v\u0259zif\u0259li \u015f\u0259xsl\u0259r\u0259 aiddir.\u00a0 B\u0259zi m\u0259murlar prezidentin onlar\u0131n qar\u015f\u0131s\u0131nda qoydu\u011fu v\u0259zif\u0259l\u0259ri geni\u015f miqyasda do\u011frultmaq, onlara tap\u015f\u0131r\u0131lm\u0131\u015f v\u0259zif\u0259ni l\u0259yaq\u0259tl\u0259 yerin\u0259 yetirm\u0259k \u0259v\u0259zin\u0259,\u00a0tutdu\u011fu postun imkanlar\u0131ndan \u00f6z maraqlar\u0131n\u0131 v\u0259 \u015f\u0259xsi varlanmas\u0131n\u0131 t\u0259min etm\u0259k \u00fc\u00e7\u00fcn sui-istifd\u0259 edir. Bel\u0259 insanlar\u0131 ciddi c\u0259zaland\u0131rmaq laz\u0131md\u0131r. \u018fn a\u011f\u0131r c\u0259zalar\u0131n verilm\u0259si \u0259h\u0259miyy\u0259tli faktor ola bil\u0259r\u201d.<\/p>\n","protected":false},"excerpt":{"rendered":"<p>A\u011fstafa rayonunun icra ba\u015f\u00e7\u0131s\u0131 Nizam\u0259ddin Quliyev v\u0259 birinci m\u00fcavini, YAP-\u0131n yerli t\u0259\u015fkilat\u0131n\u0131n s\u0259dri Ramiz Tatarovun r\u00fc\u015fv\u0259t\u0259 g\u00f6r\u0259 h\u0259bs olunmas\u0131 \u00f6lk\u0259d\u0259 \u0259m\u0259lli-ba\u015fl\u0131 s\u0259s-k\u00fcy do\u011furub. M\u0259s\u0259l\u0259 buras\u0131ndad\u0131r ki, son ill\u0259r bel\u0259 y\u00fcks\u0259k \u00e7inli m\u0259murlar\u0131n v\u0259zif\u0259d\u0259n \u00e7\u0131xar\u0131lmadan \u2013 kabinetl\u0259rind\u0259 h\u0259bs olunmas\u0131 hadis\u0259sin\u0259 rast g\u0259linmirdi. M\u0259lumata g\u00f6r\u0259, haz\u0131rda icra ba\u015f\u00e7\u0131s\u0131 v\u0259 birinci m\u00fcavinin \u0259traf\u0131nda axtar\u0131\u015f v\u0259 ara\u015fd\u0131rmalar davam etdirilir. Qeyd ed\u0259k ki, h\u0259bs olunan h\u0259r iki m\u0259mur d\u00f6vl\u0259t t\u0259ltifl\u0259rin\u0259 sahibdirl\u0259r. Bel\u0259 ki, Nizam\u0259ddin Quliyev ictimai-siyasi f\u0259aliyy\u0259td\u0259ki xidm\u0259tl\u0259rin\u0259 g\u00f6r\u0259 2 sentyabr 2014-c\u00fc il tarixind\u0259 Az\u0259rbaycan Respublikas\u0131n\u0131n \u201c\u015e\u00f6hr\u0259t\u201d ordeni il\u0259 t\u0259ltif edilib. Ramiz Tatarov is\u0259 22&hellip;<\/p>\n","protected":false},"author":2,"featured_media":109424,"comment_status":"closed","ping_status":"closed","sticky":false,"template":"","format":"standard","meta":{"om_disable_all_campaigns":false,"_monsterinsights_skip_tracking":false,"_monsterinsights_sitenote_active":false,"_monsterinsights_sitenote_note":"","_monsterinsights_sitenote_category":0},"categories":[1],"tags":[],"aioseo_notices":[],"gutentor_comment":0,"rttpg_featured_image_url":{"full":["https:\/\/arantv.az\/wp-content\/uploads\/2019\/12\/FotoJet-3-1.jpg",620,441,false],"landscape":["https:\/\/arantv.az\/wp-content\/uploads\/2019\/12\/FotoJet-3-1.jpg",620,441,false],"portraits":["https:\/\/arantv.az\/wp-content\/uploads\/2019\/12\/FotoJet-3-1.jpg",620,441,false],"thumbnail":["https:\/\/arantv.az\/wp-content\/uploads\/2019\/12\/FotoJet-3-1-150x150.jpg",150,150,true],"medium":["https:\/\/arantv.az\/wp-content\/uploads\/2019\/12\/FotoJet-3-1-300x213.jpg",300,213,true],"large":["https:\/\/arantv.az\/wp-content\/uploads\/2019\/12\/FotoJet-3-1.jpg",620,441,false],"1536x1536":["https:\/\/arantv.az\/wp-content\/uploads\/2019\/12\/FotoJet-3-1.jpg",620,441,false],"2048x2048":["https:\/\/arantv.az\/wp-content\/uploads\/2019\/12\/FotoJet-3-1.jpg",620,441,false],"post-thumbnail":["https:\/\/arantv.az\/wp-content\/uploads\/2019\/12\/FotoJet-3-1-240x172.jpg",240,172,true],"advps-thumb-one":["https:\/\/arantv.az\/wp-content\/uploads\/2019\/12\/FotoJet-3-1.jpg",620,441,false]},"rttpg_author":{"display_name":"V\u00fcsal Rafiqo\u011flu","author_link":"https:\/\/arantv.az\/?author=2"},"rttpg_comment":0,"rttpg_category":"<a href=\"https:\/\/arantv.az\/?cat=1\" rel=\"category\">C\u0259miyy\u0259t<\/a>","rttpg_excerpt":"A\u011fstafa rayonunun icra ba\u015f\u00e7\u0131s\u0131 Nizam\u0259ddin Quliyev v\u0259 birinci m\u00fcavini, YAP-\u0131n yerli t\u0259\u015fkilat\u0131n\u0131n s\u0259dri Ramiz Tatarovun r\u00fc\u015fv\u0259t\u0259 g\u00f6r\u0259 h\u0259bs olunmas\u0131 \u00f6lk\u0259d\u0259 \u0259m\u0259lli-ba\u015fl\u0131 s\u0259s-k\u00fcy do\u011furub. M\u0259s\u0259l\u0259 buras\u0131ndad\u0131r ki, son ill\u0259r bel\u0259 y\u00fcks\u0259k \u00e7inli m\u0259murlar\u0131n v\u0259zif\u0259d\u0259n \u00e7\u0131xar\u0131lmadan \u2013 kabinetl\u0259rind\u0259 h\u0259bs olunmas\u0131 hadis\u0259sin\u0259 rast g\u0259linmirdi. M\u0259lumata g\u00f6r\u0259, haz\u0131rda icra ba\u015f\u00e7\u0131s\u0131 v\u0259 birinci m\u00fcavinin \u0259traf\u0131nda axtar\u0131\u015f v\u0259 ara\u015fd\u0131rmalar davam etdirilir.&hellip;","_links":{"self":[{"href":"https:\/\/arantv.az\/index.php?rest_route=\/wp\/v2\/posts\/109423"}],"collection":[{"href":"https:\/\/arantv.az\/index.php?rest_route=\/wp\/v2\/posts"}],"about":[{"href":"https:\/\/arantv.az\/index.php?rest_route=\/wp\/v2\/types\/post"}],"author":[{"embeddable":true,"href":"https:\/\/arantv.az\/index.php?rest_route=\/wp\/v2\/users\/2"}],"replies":[{"embeddable":true,"href":"https:\/\/arantv.az\/index.php?rest_route=%2Fwp%2Fv2%2Fcomments&post=109423"}],"version-history":[{"count":0,"href":"https:\/\/arantv.az\/index.php?rest_route=\/wp\/v2\/posts\/109423\/revisions"}],"wp:featuredmedia":[{"embeddable":true,"href":"https:\/\/arantv.az\/index.php?rest_route=\/wp\/v2\/media\/109424"}],"wp:attachment":[{"href":"https:\/\/arantv.az\/index.php?rest_route=%2Fwp%2Fv2%2Fmedia&parent=109423"}],"wp:term":[{"taxonomy":"category","embeddable":true,"href":"https:\/\/arantv.az\/index.php?rest_route=%2Fwp%2Fv2%2Fcategories&post=109423"},{"taxonomy":"post_tag","embeddable":true,"href":"https:\/\/arantv.az\/index.php?rest_route=%2Fwp%2Fv2%2Ftags&post=109423"}],"curies":[{"name":"wp","href":"https:\/\/api.w.org\/{rel}","templated":true}]}}