{"id":109427,"date":"2019-12-19T14:45:01","date_gmt":"2019-12-19T11:45:01","guid":{"rendered":"http:\/\/arantv.az\/?p=109427"},"modified":"2019-12-19T14:45:01","modified_gmt":"2019-12-19T11:45:01","slug":"ilham-%c9%99liyev-iki-general-mayora-yeni-v%c9%99zif%c9%99-verdi-foto","status":"publish","type":"post","link":"https:\/\/arantv.az\/?p=109427","title":{"rendered":"\u0130lham \u018fliyev iki general-mayora yeni v\u0259zif\u0259 verdi &#8211; FOTO"},"content":{"rendered":"<p>Az\u0259rbaycan Respublikas\u0131n\u0131n Prezidenti, Silahl\u0131 Q\u00fcvv\u0259l\u0259rin Ali Ba\u015f Komandan\u0131 \u0130lham \u018fliyevin s\u0259r\u0259ncamlar\u0131 il\u0259 general-mayor Namiq Poladov v\u0259 general-mayor M\u00fcbariz Rzayev m\u00fcvafiq olaraq M\u00fcdafi\u0259 Nazirliyinin M\u00fcdafi\u0259 S\u0259nayesi \u0130dar\u0259sinin v\u0259 Silahl\u0131 Q\u00fcvv\u0259l\u0259rin T\u0259lim v\u0259 T\u0259dris M\u0259rk\u0259zinin r\u0259isl\u0259ri v\u0259zif\u0259l\u0259rin\u0259 t\u0259yin olunublar.<\/p>\n<p>Nazirlikd\u0259n<strong>\u00a0<\/strong>Oxu.Az-a veril\u0259n m\u0259lumata g\u00f6r\u0259, dekabr\u0131n 19-da M\u00fcdafi\u0259 nazirinin birinci m\u00fcavini &#8211; Silahl\u0131 Q\u00fcvv\u0259l\u0259rin Ba\u015f Q\u0259rargah r\u0259isi general-polkovnik N\u0259cm\u0259ddin Sad\u0131kov v\u0259zif\u0259l\u0259r\u0259 t\u0259yin olunan h\u0259rbi qulluq\u00e7ular\u0131 \u015f\u0259xsi hey\u0259t\u0259 t\u0259qdim edib.<\/p>\n<div id=\"AdviadNativeVideo0\" class=\"AdviadNativeVideo\"><\/div>\n<p>Ali Ba\u015f Komandan\u0131n Ordumuz qar\u015f\u0131s\u0131nda qoydu\u011fu tap\u015f\u0131r\u0131qlar\u0131 bir daha \u015f\u0259xsi hey\u0259t\u0259 \u00e7atd\u0131ran Silahl\u0131 Q\u00fcvv\u0259l\u0259ri Ba\u015f Q\u0259rargah r\u0259isi xidm\u0259ti f\u0259aliyy\u0259tin daha s\u0259m\u0259r\u0259li t\u0259\u015fkili il\u0259 ba\u011fl\u0131 t\u00f6vsiy\u0259l\u0259rini verib.<\/p>\n<div class=\"gallery\">\n<div class=\"gallery-i\"><img src=\"https:\/\/assets.oxu.az\/uploads\/W1siZiIsIjIwMTkvMTIvMTkvMTUvMzkvMzYvOTFmOWMzY2YtYWRlMC00MzEwLWExMGItMmJkZGNiN2Y4NzFhL211ZCA2LmpwZyJdLFsicCIsImVuY29kZSIsImpwZyIsIi1xdWFsaXR5IDgwIl0sWyJwIiwidGh1bWIiLCI1OTB4NTkwXHUwMDNlIl1d?sha=9a23e3fae6f3a0e8\" alt=\"\" \/><\/p>\n<div class=\"gallery-i-caption\"><\/div>\n<\/div>\n<div class=\"gallery-i\"><img src=\"https:\/\/assets.oxu.az\/uploads\/W1siZiIsIjIwMTkvMTIvMTkvMTUvMzkvMzYvZDYxMjQ1ZTYtMmZhZS00Nzc0LWJkNTUtMzY1NGRlYTNiY2RkL211ZC5qcGciXSxbInAiLCJlbmNvZGUiLCJqcGciLCItcXVhbGl0eSA4MCJdLFsicCIsInRodW1iIiwiNTkweDU5MFx1MDAzZSJdXQ?sha=e3557b750258c173\" alt=\"\" \/><\/p>\n<div class=\"gallery-i-caption\"><\/div>\n<\/div>\n<div class=\"gallery-i\"><img src=\"https:\/\/assets.oxu.az\/uploads\/W1siZiIsIjIwMTkvMTIvMTkvMTUvMzkvMzYvNTk4N2Y3YzEtMzVjYS00NTg3LTgxYjYtZjQ4NDA3MGJlYmY4L211ZDMuanBnIl0sWyJwIiwiZW5jb2RlIiwianBnIiwiLXF1YWxpdHkgODAiXSxbInAiLCJ0aHVtYiIsIjU5MHg1OTBcdTAwM2UiXV0?sha=4b2b22090ac71967\" alt=\"\" \/><\/p>\n<div class=\"gallery-i-caption\"><\/div>\n<\/div>\n<div class=\"gallery-i\"><img src=\"https:\/\/assets.oxu.az\/uploads\/W1siZiIsIjIwMTkvMTIvMTkvMTUvMzkvMzYvMWY0OTdjOTItYjg3OS00NDM1LTkzMGEtMGRjODk1Zjc1MGY0L211ZDQuanBnIl0sWyJwIiwiZW5jb2RlIiwianBnIiwiLXF1YWxpdHkgODAiXSxbInAiLCJ0aHVtYiIsIjU5MHg1OTBcdTAwM2UiXV0?sha=6c76396921eb90d9\" alt=\"\" \/><\/p>\n<div class=\"gallery-i-caption\"><\/div>\n<\/div>\n<div class=\"gallery-i\"><img src=\"https:\/\/assets.oxu.az\/uploads\/W1siZiIsIjIwMTkvMTIvMTkvMTUvMzkvMzYvYzBlOWQwM2MtNTdiNi00NzhiLWI2ODAtYTY5NmNjOTUzNDNiL211ZDUuanBnIl0sWyJwIiwiZW5jb2RlIiwianBnIiwiLXF1YWxpdHkgODAiXSxbInAiLCJ0aHVtYiIsIjU5MHg1OTBcdTAwM2UiXV0?sha=bfc99eb58465402c\" alt=\"\" \/><\/p>\n<div class=\"gallery-i-caption\"><\/div>\n<\/div>\n<div class=\"gallery-i\"><img src=\"https:\/\/assets.oxu.az\/uploads\/W1siZiIsIjIwMTkvMTIvMTkvMTUvMzkvMzYvMDVmZTY3Y2EtMzg5NC00NDJkLWFhOTEtYTQ5YTc5NmNiYzZlL211c2FkaWZlLmpwZyJdLFsicCIsImVuY29kZSIsImpwZyIsIi1xdWFsaXR5IDgwIl0sWyJwIiwidGh1bWIiLCI1OTB4NTkwXHUwMDNlIl1d?sha=4bcb8244ca791256\" alt=\"\" \/><\/div>\n<\/div>\n","protected":false},"excerpt":{"rendered":"<p>Az\u0259rbaycan Respublikas\u0131n\u0131n Prezidenti, Silahl\u0131 Q\u00fcvv\u0259l\u0259rin Ali Ba\u015f Komandan\u0131 \u0130lham \u018fliyevin s\u0259r\u0259ncamlar\u0131 il\u0259 general-mayor Namiq Poladov v\u0259 general-mayor M\u00fcbariz Rzayev m\u00fcvafiq olaraq M\u00fcdafi\u0259 Nazirliyinin M\u00fcdafi\u0259 S\u0259nayesi \u0130dar\u0259sinin v\u0259 Silahl\u0131 Q\u00fcvv\u0259l\u0259rin T\u0259lim v\u0259 T\u0259dris M\u0259rk\u0259zinin r\u0259isl\u0259ri v\u0259zif\u0259l\u0259rin\u0259 t\u0259yin olunublar. Nazirlikd\u0259n\u00a0Oxu.Az-a veril\u0259n m\u0259lumata g\u00f6r\u0259, dekabr\u0131n 19-da M\u00fcdafi\u0259 nazirinin birinci m\u00fcavini &#8211; Silahl\u0131 Q\u00fcvv\u0259l\u0259rin Ba\u015f Q\u0259rargah r\u0259isi general-polkovnik N\u0259cm\u0259ddin Sad\u0131kov v\u0259zif\u0259l\u0259r\u0259 t\u0259yin olunan h\u0259rbi qulluq\u00e7ular\u0131 \u015f\u0259xsi hey\u0259t\u0259 t\u0259qdim edib. Ali Ba\u015f Komandan\u0131n Ordumuz qar\u015f\u0131s\u0131nda qoydu\u011fu tap\u015f\u0131r\u0131qlar\u0131 bir daha \u015f\u0259xsi hey\u0259t\u0259 \u00e7atd\u0131ran Silahl\u0131 Q\u00fcvv\u0259l\u0259ri Ba\u015f Q\u0259rargah r\u0259isi xidm\u0259ti f\u0259aliyy\u0259tin daha s\u0259m\u0259r\u0259li t\u0259\u015fkili il\u0259 ba\u011fl\u0131 t\u00f6vsiy\u0259l\u0259rini&hellip;<\/p>\n","protected":false},"author":2,"featured_media":109428,"comment_status":"closed","ping_status":"closed","sticky":false,"template":"","format":"standard","meta":{"om_disable_all_campaigns":false,"_monsterinsights_skip_tracking":false,"_monsterinsights_sitenote_active":false,"_monsterinsights_sitenote_note":"","_monsterinsights_sitenote_category":0},"categories":[19],"tags":[],"aioseo_notices":[],"gutentor_comment":0,"rttpg_featured_image_url":{"full":["https:\/\/arantv.az\/wp-content\/uploads\/2019\/12\/ilham.jpg",569,427,false],"landscape":["https:\/\/arantv.az\/wp-content\/uploads\/2019\/12\/ilham.jpg",569,427,false],"portraits":["https:\/\/arantv.az\/wp-content\/uploads\/2019\/12\/ilham.jpg",569,427,false],"thumbnail":["https:\/\/arantv.az\/wp-content\/uploads\/2019\/12\/ilham-150x150.jpg",150,150,true],"medium":["https:\/\/arantv.az\/wp-content\/uploads\/2019\/12\/ilham-300x225.jpg",300,225,true],"large":["https:\/\/arantv.az\/wp-content\/uploads\/2019\/12\/ilham.jpg",569,427,false],"1536x1536":["https:\/\/arantv.az\/wp-content\/uploads\/2019\/12\/ilham.jpg",569,427,false],"2048x2048":["https:\/\/arantv.az\/wp-content\/uploads\/2019\/12\/ilham.jpg",569,427,false],"post-thumbnail":["https:\/\/arantv.az\/wp-content\/uploads\/2019\/12\/ilham-240x172.jpg",240,172,true],"advps-thumb-one":["https:\/\/arantv.az\/wp-content\/uploads\/2019\/12\/ilham.jpg",569,427,false]},"rttpg_author":{"display_name":"V\u00fcsal Rafiqo\u011flu","author_link":"https:\/\/arantv.az\/?author=2"},"rttpg_comment":0,"rttpg_category":"<a href=\"https:\/\/arantv.az\/?cat=19\" rel=\"category\">G\u00fcnd\u0259m<\/a>","rttpg_excerpt":"Az\u0259rbaycan Respublikas\u0131n\u0131n Prezidenti, Silahl\u0131 Q\u00fcvv\u0259l\u0259rin Ali Ba\u015f Komandan\u0131 \u0130lham \u018fliyevin s\u0259r\u0259ncamlar\u0131 il\u0259 general-mayor Namiq Poladov v\u0259 general-mayor M\u00fcbariz Rzayev m\u00fcvafiq olaraq M\u00fcdafi\u0259 Nazirliyinin M\u00fcdafi\u0259 S\u0259nayesi \u0130dar\u0259sinin v\u0259 Silahl\u0131 Q\u00fcvv\u0259l\u0259rin T\u0259lim v\u0259 T\u0259dris M\u0259rk\u0259zinin r\u0259isl\u0259ri v\u0259zif\u0259l\u0259rin\u0259 t\u0259yin olunublar. Nazirlikd\u0259n\u00a0Oxu.Az-a veril\u0259n m\u0259lumata g\u00f6r\u0259, dekabr\u0131n 19-da M\u00fcdafi\u0259 nazirinin birinci m\u00fcavini &#8211; Silahl\u0131 Q\u00fcvv\u0259l\u0259rin Ba\u015f Q\u0259rargah r\u0259isi general-polkovnik N\u0259cm\u0259ddin&hellip;","_links":{"self":[{"href":"https:\/\/arantv.az\/index.php?rest_route=\/wp\/v2\/posts\/109427"}],"collection":[{"href":"https:\/\/arantv.az\/index.php?rest_route=\/wp\/v2\/posts"}],"about":[{"href":"https:\/\/arantv.az\/index.php?rest_route=\/wp\/v2\/types\/post"}],"author":[{"embeddable":true,"href":"https:\/\/arantv.az\/index.php?rest_route=\/wp\/v2\/users\/2"}],"replies":[{"embeddable":true,"href":"https:\/\/arantv.az\/index.php?rest_route=%2Fwp%2Fv2%2Fcomments&post=109427"}],"version-history":[{"count":0,"href":"https:\/\/arantv.az\/index.php?rest_route=\/wp\/v2\/posts\/109427\/revisions"}],"wp:featuredmedia":[{"embeddable":true,"href":"https:\/\/arantv.az\/index.php?rest_route=\/wp\/v2\/media\/109428"}],"wp:attachment":[{"href":"https:\/\/arantv.az\/index.php?rest_route=%2Fwp%2Fv2%2Fmedia&parent=109427"}],"wp:term":[{"taxonomy":"category","embeddable":true,"href":"https:\/\/arantv.az\/index.php?rest_route=%2Fwp%2Fv2%2Fcategories&post=109427"},{"taxonomy":"post_tag","embeddable":true,"href":"https:\/\/arantv.az\/index.php?rest_route=%2Fwp%2Fv2%2Ftags&post=109427"}],"curies":[{"name":"wp","href":"https:\/\/api.w.org\/{rel}","templated":true}]}}