{"id":109431,"date":"2019-12-19T14:54:34","date_gmt":"2019-12-19T11:54:34","guid":{"rendered":"http:\/\/arantv.az\/?p=109431"},"modified":"2019-12-19T14:54:34","modified_gmt":"2019-12-19T11:54:34","slug":"ilham-%c9%99liyevd%c9%99n-xosb%c9%99xt-yusifzad%c9%99-il%c9%99-bagli-s%c9%99r%c9%99ncam","status":"publish","type":"post","link":"https:\/\/arantv.az\/?p=109431","title":{"rendered":"\u0130lham \u018fliyevd\u0259n Xo\u015fb\u0259xt Yusifzad\u0259 il\u0259 ba\u011fl\u0131 S\u018fR\u018fNCAM"},"content":{"rendered":"<p>Az\u0259rbaycan Respublikas\u0131 Prezidenti \u0130lham \u018fliyev Xo\u015fb\u0259xt Yusifzad\u0259nin 90 illik yubileyinin qeyd olunmas\u0131 haqq\u0131nda s\u0259r\u0259ncam imzalay\u0131b.<\/p>\n<p>Bununla ba\u011fl\u0131\u00a0<a href=\"https:\/\/azertag.az\/xeber\/Xosbext_Yusifzadenin_90_illik_yubileyinin_qeyd_olunmasi_haqqinda__Azerbaycan_Respublikasi_Prezidentinin_Serencami-1370981\" target=\"_blank\" rel=\"noopener\">AZ\u018fRTA<\/a>C m\u0259lumat yay\u0131b.<\/p>\n<div id=\"AdviadNativeVideo0\" class=\"AdviadNativeVideo\"><\/div>\n<p>2020-ci ilin yanvar ay\u0131nda tan\u0131nm\u0131\u015f neft\u00e7i-alim v\u0259 geoloq, Az\u0259rbaycan Respublikas\u0131n\u0131n D\u00f6vl\u0259t Neft \u015eirk\u0259tinin birinci vitse-prezidenti, iki d\u0259f\u0259 respublika D\u00f6vl\u0259t M\u00fckafat\u0131 v\u0259 Heyd\u0259r \u018fliyev M\u00fckafat\u0131 laureat\u0131, akademik Xo\u015fb\u0259xt Ba\u011f\u0131 o\u011flu Yusifzad\u0259nin 90 ya\u015f\u0131 tamam olur.<\/p>\n<p>Xo\u015fb\u0259xt Yusifzad\u0259 X\u0259z\u0259r d\u0259nizind\u0259 geni\u015fmiqyasl\u0131 axtar\u0131\u015f-k\u0259\u015ffiyyat i\u015fl\u0259rinin u\u011furla apar\u0131lmas\u0131nda v\u0259 onun z\u0259ngin potensial\u0131n\u0131n \u00fcz\u0259 \u00e7\u0131xar\u0131lmas\u0131nda m\u00fcst\u0259sna xidm\u0259tl\u0259r g\u00f6st\u0259rib, Az\u0259rbaycan\u0131n neft salnam\u0259sin\u0259 parlaq s\u0259hif\u0259l\u0259r yaz\u0131b.<\/p>\n<p>Xo\u015fb\u0259xt Yusifzad\u0259nin i\u015ftirak\u0131 v\u0259 r\u0259hb\u0259rliyi il\u0259 20-d\u0259n art\u0131q neft-qaz yata\u011f\u0131 k\u0259\u015ff edilib istismara verilib. M\u00fcst\u0259qil Az\u0259rbaycan\u0131n yeni neft strategiyas\u0131n\u0131n m\u00fcv\u0259ff\u0259qiyy\u0259tl\u0259 h\u0259yata ke\u00e7irilm\u0259sind\u0259 onun b\u00f6y\u00fck \u0259m\u0259yi vard\u0131r. Geoloq-alimin neft v\u0259 qaz s\u0259nayesinin aktual probleml\u0259rinin h\u0259llin\u0259 dair ara\u015fd\u0131rmalar\u0131 layiqinc\u0259 qiym\u0259tl\u0259ndirilib.<\/p>\n","protected":false},"excerpt":{"rendered":"<p>Az\u0259rbaycan Respublikas\u0131 Prezidenti \u0130lham \u018fliyev Xo\u015fb\u0259xt Yusifzad\u0259nin 90 illik yubileyinin qeyd olunmas\u0131 haqq\u0131nda s\u0259r\u0259ncam imzalay\u0131b. Bununla ba\u011fl\u0131\u00a0AZ\u018fRTAC m\u0259lumat yay\u0131b. 2020-ci ilin yanvar ay\u0131nda tan\u0131nm\u0131\u015f neft\u00e7i-alim v\u0259 geoloq, Az\u0259rbaycan Respublikas\u0131n\u0131n D\u00f6vl\u0259t Neft \u015eirk\u0259tinin birinci vitse-prezidenti, iki d\u0259f\u0259 respublika D\u00f6vl\u0259t M\u00fckafat\u0131 v\u0259 Heyd\u0259r \u018fliyev M\u00fckafat\u0131 laureat\u0131, akademik Xo\u015fb\u0259xt Ba\u011f\u0131 o\u011flu Yusifzad\u0259nin 90 ya\u015f\u0131 tamam olur. Xo\u015fb\u0259xt Yusifzad\u0259 X\u0259z\u0259r d\u0259nizind\u0259 geni\u015fmiqyasl\u0131 axtar\u0131\u015f-k\u0259\u015ffiyyat i\u015fl\u0259rinin u\u011furla apar\u0131lmas\u0131nda v\u0259 onun z\u0259ngin potensial\u0131n\u0131n \u00fcz\u0259 \u00e7\u0131xar\u0131lmas\u0131nda m\u00fcst\u0259sna xidm\u0259tl\u0259r g\u00f6st\u0259rib, Az\u0259rbaycan\u0131n neft salnam\u0259sin\u0259 parlaq s\u0259hif\u0259l\u0259r yaz\u0131b. Xo\u015fb\u0259xt Yusifzad\u0259nin i\u015ftirak\u0131 v\u0259 r\u0259hb\u0259rliyi il\u0259 20-d\u0259n art\u0131q neft-qaz yata\u011f\u0131 k\u0259\u015ff edilib istismara&hellip;<\/p>\n","protected":false},"author":2,"featured_media":109432,"comment_status":"closed","ping_status":"closed","sticky":false,"template":"","format":"standard","meta":{"om_disable_all_campaigns":false,"_monsterinsights_skip_tracking":false,"_monsterinsights_sitenote_active":false,"_monsterinsights_sitenote_note":"","_monsterinsights_sitenote_category":0},"categories":[4],"tags":[],"aioseo_notices":[],"gutentor_comment":0,"rttpg_featured_image_url":{"full":["https:\/\/arantv.az\/wp-content\/uploads\/2019\/12\/FotoJet-8-2.jpg",620,435,false],"landscape":["https:\/\/arantv.az\/wp-content\/uploads\/2019\/12\/FotoJet-8-2.jpg",620,435,false],"portraits":["https:\/\/arantv.az\/wp-content\/uploads\/2019\/12\/FotoJet-8-2.jpg",620,435,false],"thumbnail":["https:\/\/arantv.az\/wp-content\/uploads\/2019\/12\/FotoJet-8-2-150x150.jpg",150,150,true],"medium":["https:\/\/arantv.az\/wp-content\/uploads\/2019\/12\/FotoJet-8-2-300x210.jpg",300,210,true],"large":["https:\/\/arantv.az\/wp-content\/uploads\/2019\/12\/FotoJet-8-2.jpg",620,435,false],"1536x1536":["https:\/\/arantv.az\/wp-content\/uploads\/2019\/12\/FotoJet-8-2.jpg",620,435,false],"2048x2048":["https:\/\/arantv.az\/wp-content\/uploads\/2019\/12\/FotoJet-8-2.jpg",620,435,false],"post-thumbnail":["https:\/\/arantv.az\/wp-content\/uploads\/2019\/12\/FotoJet-8-2-240x172.jpg",240,172,true],"advps-thumb-one":["https:\/\/arantv.az\/wp-content\/uploads\/2019\/12\/FotoJet-8-2.jpg",620,435,false]},"rttpg_author":{"display_name":"V\u00fcsal Rafiqo\u011flu","author_link":"https:\/\/arantv.az\/?author=2"},"rttpg_comment":0,"rttpg_category":"<a href=\"https:\/\/arantv.az\/?cat=4\" rel=\"category\">Siyas\u0259t<\/a>","rttpg_excerpt":"Az\u0259rbaycan Respublikas\u0131 Prezidenti \u0130lham \u018fliyev Xo\u015fb\u0259xt Yusifzad\u0259nin 90 illik yubileyinin qeyd olunmas\u0131 haqq\u0131nda s\u0259r\u0259ncam imzalay\u0131b. Bununla ba\u011fl\u0131\u00a0AZ\u018fRTAC m\u0259lumat yay\u0131b. 2020-ci ilin yanvar ay\u0131nda tan\u0131nm\u0131\u015f neft\u00e7i-alim v\u0259 geoloq, Az\u0259rbaycan Respublikas\u0131n\u0131n D\u00f6vl\u0259t Neft \u015eirk\u0259tinin birinci vitse-prezidenti, iki d\u0259f\u0259 respublika D\u00f6vl\u0259t M\u00fckafat\u0131 v\u0259 Heyd\u0259r \u018fliyev M\u00fckafat\u0131 laureat\u0131, akademik Xo\u015fb\u0259xt Ba\u011f\u0131 o\u011flu Yusifzad\u0259nin 90 ya\u015f\u0131 tamam olur. Xo\u015fb\u0259xt Yusifzad\u0259&hellip;","_links":{"self":[{"href":"https:\/\/arantv.az\/index.php?rest_route=\/wp\/v2\/posts\/109431"}],"collection":[{"href":"https:\/\/arantv.az\/index.php?rest_route=\/wp\/v2\/posts"}],"about":[{"href":"https:\/\/arantv.az\/index.php?rest_route=\/wp\/v2\/types\/post"}],"author":[{"embeddable":true,"href":"https:\/\/arantv.az\/index.php?rest_route=\/wp\/v2\/users\/2"}],"replies":[{"embeddable":true,"href":"https:\/\/arantv.az\/index.php?rest_route=%2Fwp%2Fv2%2Fcomments&post=109431"}],"version-history":[{"count":0,"href":"https:\/\/arantv.az\/index.php?rest_route=\/wp\/v2\/posts\/109431\/revisions"}],"wp:featuredmedia":[{"embeddable":true,"href":"https:\/\/arantv.az\/index.php?rest_route=\/wp\/v2\/media\/109432"}],"wp:attachment":[{"href":"https:\/\/arantv.az\/index.php?rest_route=%2Fwp%2Fv2%2Fmedia&parent=109431"}],"wp:term":[{"taxonomy":"category","embeddable":true,"href":"https:\/\/arantv.az\/index.php?rest_route=%2Fwp%2Fv2%2Fcategories&post=109431"},{"taxonomy":"post_tag","embeddable":true,"href":"https:\/\/arantv.az\/index.php?rest_route=%2Fwp%2Fv2%2Ftags&post=109431"}],"curies":[{"name":"wp","href":"https:\/\/api.w.org\/{rel}","templated":true}]}}