{"id":109463,"date":"2019-12-19T15:21:41","date_gmt":"2019-12-19T12:21:41","guid":{"rendered":"http:\/\/arantv.az\/?p=109463"},"modified":"2019-12-19T15:21:41","modified_gmt":"2019-12-19T12:21:41","slug":"%c9%99rd%c9%99bil-iran-v%c9%99-az%c9%99rbaycanin-birg%c9%99-s%c9%99naye-parkinin-m%c9%99rk%c9%99zi-secildi","status":"publish","type":"post","link":"https:\/\/arantv.az\/?p=109463","title":{"rendered":"\u018frd\u0259bil \u0130ran v\u0259 Az\u0259rbaycan\u0131n birg\u0259 s\u0259naye park\u0131n\u0131n m\u0259rk\u0259zi se\u00e7ildi"},"content":{"rendered":"<p>&#8220;\u0130ran\u0131n \u015fimal-q\u0259rbind\u0259 yerl\u0259\u015f\u0259n \u018frd\u0259bil 3 vilay\u0259t (\u018frd\u0259bil, \u015e\u0259rqi Az\u0259rbaycan v\u0259 Gilan vilay\u0259tl\u0259ri) aras\u0131nda \u0130ran v\u0259 Az\u0259rbaycan\u0131n birg\u0259 s\u0259naye park\u0131n\u0131n m\u0259rk\u0259zi olaraq se\u00e7ilib&#8221;.<\/p>\n<p><strong>ARANTV.AZ<\/strong>\u00a0<a href=\"https:\/\/az.trend.az\/\" target=\"_blank\" rel=\"noopener\">Trend<\/a>-\u0259 istinad\u0259n x\u0259b\u0259r verir ki, bunu \u0130ran\u0131n \u018frd\u0259bil vilay\u0259tinin Ticar\u0259t, S\u0259naye, M\u0259d\u0259nl\u0259r v\u0259 K\u0259nd T\u0259s\u0259rr\u00fcfat\u0131 Palatas\u0131n\u0131n s\u0259dri v\u0259 \u0130ran v\u0259 Az\u0259rbaycan Birg\u0259 Ticar\u0259t Palatas\u0131n\u0131n iranl\u0131 s\u0259dri H\u00fcseyn Pirm\u00fc\u0259zzin d\u00f6vl\u0259t v\u0259 \u00f6z\u0259l sektorun dialoqu \u015furas\u0131n\u0131n iclas\u0131nda deyib.<\/p>\n<p>H.Pirm\u00fc\u0259zzinin s\u00f6zl\u0259rin\u0259 g\u00f6r\u0259, \u018frd\u0259bil laz\u0131mi infrastrukturlara v\u0259 Az\u0259rbaycanla yax\u0131n oldu\u011fu \u00fc\u00e7\u00fcn se\u00e7ilib.<\/p>\n<p>S\u0259dr \u0259lav\u0259 edib ki, \u0130ran v\u0259 Az\u0259rbaycan aras\u0131nda s\u0259naye park\u0131n\u0131n yarad\u0131lmas\u0131 v\u0259 h\u0259r iki \u00f6lk\u0259nin d\u0259mir yolunun birl\u0259\u015fm\u0259si \u018frd\u0259bili dalandan \u00e7\u0131xaracaq:<\/p>\n<p>&#8220;Bu iki layih\u0259nin realla\u015fmas\u0131 il\u0259 \u0130ran v\u0259 Az\u0259rbaycan\u0131n iqtisadi v\u0259 ticar\u0259t m\u00fcnasib\u0259tl\u0259ri inki\u015faf ed\u0259c\u0259k&#8221;.<\/p>\n<p>\u0130ran v\u0259 Az\u0259rbaycan aras\u0131nda d\u0259mir yolunun \u00e7\u0259kilm\u0259sin\u0259 m\u00fcnasib\u0259t bildir\u0259n palata r\u0259smisi deyib ki, bu layih\u0259 \u00fczr\u0259 ilk raz\u0131la\u015fma \u0259ld\u0259 olunub.<\/p>\n","protected":false},"excerpt":{"rendered":"<p>&#8220;\u0130ran\u0131n \u015fimal-q\u0259rbind\u0259 yerl\u0259\u015f\u0259n \u018frd\u0259bil 3 vilay\u0259t (\u018frd\u0259bil, \u015e\u0259rqi Az\u0259rbaycan v\u0259 Gilan vilay\u0259tl\u0259ri) aras\u0131nda \u0130ran v\u0259 Az\u0259rbaycan\u0131n birg\u0259 s\u0259naye park\u0131n\u0131n m\u0259rk\u0259zi olaraq se\u00e7ilib&#8221;. ARANTV.AZ\u00a0Trend-\u0259 istinad\u0259n x\u0259b\u0259r verir ki, bunu \u0130ran\u0131n \u018frd\u0259bil vilay\u0259tinin Ticar\u0259t, S\u0259naye, M\u0259d\u0259nl\u0259r v\u0259 K\u0259nd T\u0259s\u0259rr\u00fcfat\u0131 Palatas\u0131n\u0131n s\u0259dri v\u0259 \u0130ran v\u0259 Az\u0259rbaycan Birg\u0259 Ticar\u0259t Palatas\u0131n\u0131n iranl\u0131 s\u0259dri H\u00fcseyn Pirm\u00fc\u0259zzin d\u00f6vl\u0259t v\u0259 \u00f6z\u0259l sektorun dialoqu \u015furas\u0131n\u0131n iclas\u0131nda deyib. H.Pirm\u00fc\u0259zzinin s\u00f6zl\u0259rin\u0259 g\u00f6r\u0259, \u018frd\u0259bil laz\u0131mi infrastrukturlara v\u0259 Az\u0259rbaycanla yax\u0131n oldu\u011fu \u00fc\u00e7\u00fcn se\u00e7ilib. S\u0259dr \u0259lav\u0259 edib ki, \u0130ran v\u0259 Az\u0259rbaycan aras\u0131nda s\u0259naye park\u0131n\u0131n yarad\u0131lmas\u0131 v\u0259 h\u0259r iki \u00f6lk\u0259nin d\u0259mir yolunun birl\u0259\u015fm\u0259si \u018frd\u0259bili dalandan&hellip;<\/p>\n","protected":false},"author":2,"featured_media":109464,"comment_status":"closed","ping_status":"closed","sticky":false,"template":"","format":"standard","meta":{"om_disable_all_campaigns":false,"_monsterinsights_skip_tracking":false,"_monsterinsights_sitenote_active":false,"_monsterinsights_sitenote_note":"","_monsterinsights_sitenote_category":0},"categories":[19],"tags":[],"aioseo_notices":[],"gutentor_comment":0,"rttpg_featured_image_url":{"full":["https:\/\/arantv.az\/wp-content\/uploads\/2019\/12\/811758.jpg",800,600,false],"landscape":["https:\/\/arantv.az\/wp-content\/uploads\/2019\/12\/811758.jpg",800,600,false],"portraits":["https:\/\/arantv.az\/wp-content\/uploads\/2019\/12\/811758.jpg",800,600,false],"thumbnail":["https:\/\/arantv.az\/wp-content\/uploads\/2019\/12\/811758-150x150.jpg",150,150,true],"medium":["https:\/\/arantv.az\/wp-content\/uploads\/2019\/12\/811758-300x225.jpg",300,225,true],"large":["https:\/\/arantv.az\/wp-content\/uploads\/2019\/12\/811758.jpg",640,480,false],"1536x1536":["https:\/\/arantv.az\/wp-content\/uploads\/2019\/12\/811758.jpg",800,600,false],"2048x2048":["https:\/\/arantv.az\/wp-content\/uploads\/2019\/12\/811758.jpg",800,600,false],"post-thumbnail":["https:\/\/arantv.az\/wp-content\/uploads\/2019\/12\/811758-240x172.jpg",240,172,true],"advps-thumb-one":["https:\/\/arantv.az\/wp-content\/uploads\/2019\/12\/811758.jpg",800,600,false]},"rttpg_author":{"display_name":"V\u00fcsal Rafiqo\u011flu","author_link":"https:\/\/arantv.az\/?author=2"},"rttpg_comment":0,"rttpg_category":"<a href=\"https:\/\/arantv.az\/?cat=19\" rel=\"category\">G\u00fcnd\u0259m<\/a>","rttpg_excerpt":"&#8220;\u0130ran\u0131n \u015fimal-q\u0259rbind\u0259 yerl\u0259\u015f\u0259n \u018frd\u0259bil 3 vilay\u0259t (\u018frd\u0259bil, \u015e\u0259rqi Az\u0259rbaycan v\u0259 Gilan vilay\u0259tl\u0259ri) aras\u0131nda \u0130ran v\u0259 Az\u0259rbaycan\u0131n birg\u0259 s\u0259naye park\u0131n\u0131n m\u0259rk\u0259zi olaraq se\u00e7ilib&#8221;. ARANTV.AZ\u00a0Trend-\u0259 istinad\u0259n x\u0259b\u0259r verir ki, bunu \u0130ran\u0131n \u018frd\u0259bil vilay\u0259tinin Ticar\u0259t, S\u0259naye, M\u0259d\u0259nl\u0259r v\u0259 K\u0259nd T\u0259s\u0259rr\u00fcfat\u0131 Palatas\u0131n\u0131n s\u0259dri v\u0259 \u0130ran v\u0259 Az\u0259rbaycan Birg\u0259 Ticar\u0259t Palatas\u0131n\u0131n iranl\u0131 s\u0259dri H\u00fcseyn Pirm\u00fc\u0259zzin d\u00f6vl\u0259t v\u0259 \u00f6z\u0259l sektorun dialoqu&hellip;","_links":{"self":[{"href":"https:\/\/arantv.az\/index.php?rest_route=\/wp\/v2\/posts\/109463"}],"collection":[{"href":"https:\/\/arantv.az\/index.php?rest_route=\/wp\/v2\/posts"}],"about":[{"href":"https:\/\/arantv.az\/index.php?rest_route=\/wp\/v2\/types\/post"}],"author":[{"embeddable":true,"href":"https:\/\/arantv.az\/index.php?rest_route=\/wp\/v2\/users\/2"}],"replies":[{"embeddable":true,"href":"https:\/\/arantv.az\/index.php?rest_route=%2Fwp%2Fv2%2Fcomments&post=109463"}],"version-history":[{"count":0,"href":"https:\/\/arantv.az\/index.php?rest_route=\/wp\/v2\/posts\/109463\/revisions"}],"wp:featuredmedia":[{"embeddable":true,"href":"https:\/\/arantv.az\/index.php?rest_route=\/wp\/v2\/media\/109464"}],"wp:attachment":[{"href":"https:\/\/arantv.az\/index.php?rest_route=%2Fwp%2Fv2%2Fmedia&parent=109463"}],"wp:term":[{"taxonomy":"category","embeddable":true,"href":"https:\/\/arantv.az\/index.php?rest_route=%2Fwp%2Fv2%2Fcategories&post=109463"},{"taxonomy":"post_tag","embeddable":true,"href":"https:\/\/arantv.az\/index.php?rest_route=%2Fwp%2Fv2%2Ftags&post=109463"}],"curies":[{"name":"wp","href":"https:\/\/api.w.org\/{rel}","templated":true}]}}