{"id":109482,"date":"2019-12-19T15:33:46","date_gmt":"2019-12-19T12:33:46","guid":{"rendered":"http:\/\/arantv.az\/?p=109482"},"modified":"2019-12-19T15:33:46","modified_gmt":"2019-12-19T12:33:46","slug":"bakalavriat-s%c9%99viyy%c9%99si-uzr%c9%99-orta-tibb-iscil%c9%99ri-hazirlanacaq","status":"publish","type":"post","link":"https:\/\/arantv.az\/?p=109482","title":{"rendered":"Bakalavriat s\u0259viyy\u0259si \u00fczr\u0259 orta tibb i\u015f\u00e7il\u0259ri haz\u0131rlanacaq"},"content":{"rendered":"<p>Az\u0259rbaycan Tibb Universitetind\u0259 bakalavriat s\u0259viyy\u0259si \u00fczr\u0259 orta tibb i\u015f\u00e7il\u0259ri haz\u0131rlananacaq. Bu da regionlarda, k\u0259ndl\u0259rd\u0259, daha ucqar yerl\u0259rd\u0259 kadrlara olan ehtiyac\u0131 \u00f6d\u0259m\u0259y\u0259 k\u00f6m\u0259k ed\u0259c\u0259k.<\/p>\n<p><strong>ARANTV.AZ<\/strong>\u00a0<a href=\"https:\/\/az.trend.az\/\" target=\"_blank\" rel=\"noopener\">Trend<\/a>-\u0259 istinad\u0259n x\u0259b\u0259r verir ki, bunu S\u0259hiyy\u0259 Nazirliyinin \u0130ctimai S\u0259hiyy\u0259 v\u0259 \u0130slahatlar M\u0259rk\u0259zinin (\u0130S\u0130M) S\u0259hiyy\u0259 siyas\u0259ti v\u0259 planla\u015fd\u0131rma \u015f\u00f6b\u0259sinin m\u00fcdiri Nabil Seyidov &#8220;Qeyri-infeksion x\u0259st\u0259likl\u0259rin y\u00fck\u00fc v\u0259 m\u00fcbariz\u0259 strategiyalar\u0131&#8221; m\u00f6vzusunda konfransda deyib.<\/p>\n<p>Onun s\u00f6zl\u0259rin\u0259 g\u00f6r\u0259, \u0259ks\u0259r Avropa \u00f6lk\u0259l\u0259rind\u0259 ictimai s\u0259hiyy\u0259 \u00fczr\u0259 orta tibb kadrlar\u0131 haz\u0131rlan\u0131r:<\/p>\n<p>&#8220;Onlar adi orta tibb i\u015f\u00e7isind\u0259n f\u0259rqi olaraq, daha geni\u015f bilik v\u0259 bacar\u0131qlara malikdir v\u0259 profilaktik i\u015f apara bilirl\u0259r. Az\u0259rbaycanda da bel\u0259 kadrlar\u0131n haz\u0131rlanmas\u0131na ehtiyac var v\u0259 art\u0131q bu sah\u0259d\u0259 i\u015fl\u0259r\u0259 ba\u015flan\u0131l\u0131b. Az\u0259rbaycan Tibb Universitetind\u0259 bakalavriat s\u0259viyy\u0259si \u00fczr\u0259 haz\u0131rlanacaq orta tibb kadrlar\u0131 da profilaktik t\u0259dbirl\u0259r apara bil\u0259c\u0259kl\u0259r&#8221;.<\/p>\n","protected":false},"excerpt":{"rendered":"<p>Az\u0259rbaycan Tibb Universitetind\u0259 bakalavriat s\u0259viyy\u0259si \u00fczr\u0259 orta tibb i\u015f\u00e7il\u0259ri haz\u0131rlananacaq. Bu da regionlarda, k\u0259ndl\u0259rd\u0259, daha ucqar yerl\u0259rd\u0259 kadrlara olan ehtiyac\u0131 \u00f6d\u0259m\u0259y\u0259 k\u00f6m\u0259k ed\u0259c\u0259k. ARANTV.AZ\u00a0Trend-\u0259 istinad\u0259n x\u0259b\u0259r verir ki, bunu S\u0259hiyy\u0259 Nazirliyinin \u0130ctimai S\u0259hiyy\u0259 v\u0259 \u0130slahatlar M\u0259rk\u0259zinin (\u0130S\u0130M) S\u0259hiyy\u0259 siyas\u0259ti v\u0259 planla\u015fd\u0131rma \u015f\u00f6b\u0259sinin m\u00fcdiri Nabil Seyidov &#8220;Qeyri-infeksion x\u0259st\u0259likl\u0259rin y\u00fck\u00fc v\u0259 m\u00fcbariz\u0259 strategiyalar\u0131&#8221; m\u00f6vzusunda konfransda deyib. Onun s\u00f6zl\u0259rin\u0259 g\u00f6r\u0259, \u0259ks\u0259r Avropa \u00f6lk\u0259l\u0259rind\u0259 ictimai s\u0259hiyy\u0259 \u00fczr\u0259 orta tibb kadrlar\u0131 haz\u0131rlan\u0131r: &#8220;Onlar adi orta tibb i\u015f\u00e7isind\u0259n f\u0259rqi olaraq, daha geni\u015f bilik v\u0259 bacar\u0131qlara malikdir v\u0259 profilaktik i\u015f apara bilirl\u0259r. Az\u0259rbaycanda da bel\u0259 kadrlar\u0131n haz\u0131rlanmas\u0131na&hellip;<\/p>\n","protected":false},"author":2,"featured_media":109483,"comment_status":"closed","ping_status":"closed","sticky":false,"template":"","format":"standard","meta":{"om_disable_all_campaigns":false,"_monsterinsights_skip_tracking":false,"_monsterinsights_sitenote_active":false,"_monsterinsights_sitenote_note":"","_monsterinsights_sitenote_category":0},"categories":[1],"tags":[],"aioseo_notices":[],"gutentor_comment":0,"rttpg_featured_image_url":{"full":["https:\/\/arantv.az\/wp-content\/uploads\/2019\/12\/hekim_0256-1.jpg",800,600,false],"landscape":["https:\/\/arantv.az\/wp-content\/uploads\/2019\/12\/hekim_0256-1.jpg",800,600,false],"portraits":["https:\/\/arantv.az\/wp-content\/uploads\/2019\/12\/hekim_0256-1.jpg",800,600,false],"thumbnail":["https:\/\/arantv.az\/wp-content\/uploads\/2019\/12\/hekim_0256-1-150x150.jpg",150,150,true],"medium":["https:\/\/arantv.az\/wp-content\/uploads\/2019\/12\/hekim_0256-1-300x225.jpg",300,225,true],"large":["https:\/\/arantv.az\/wp-content\/uploads\/2019\/12\/hekim_0256-1.jpg",640,480,false],"1536x1536":["https:\/\/arantv.az\/wp-content\/uploads\/2019\/12\/hekim_0256-1.jpg",800,600,false],"2048x2048":["https:\/\/arantv.az\/wp-content\/uploads\/2019\/12\/hekim_0256-1.jpg",800,600,false],"post-thumbnail":["https:\/\/arantv.az\/wp-content\/uploads\/2019\/12\/hekim_0256-1-240x172.jpg",240,172,true],"advps-thumb-one":["https:\/\/arantv.az\/wp-content\/uploads\/2019\/12\/hekim_0256-1.jpg",800,600,false]},"rttpg_author":{"display_name":"V\u00fcsal Rafiqo\u011flu","author_link":"https:\/\/arantv.az\/?author=2"},"rttpg_comment":0,"rttpg_category":"<a href=\"https:\/\/arantv.az\/?cat=1\" rel=\"category\">C\u0259miyy\u0259t<\/a>","rttpg_excerpt":"Az\u0259rbaycan Tibb Universitetind\u0259 bakalavriat s\u0259viyy\u0259si \u00fczr\u0259 orta tibb i\u015f\u00e7il\u0259ri haz\u0131rlananacaq. Bu da regionlarda, k\u0259ndl\u0259rd\u0259, daha ucqar yerl\u0259rd\u0259 kadrlara olan ehtiyac\u0131 \u00f6d\u0259m\u0259y\u0259 k\u00f6m\u0259k ed\u0259c\u0259k. ARANTV.AZ\u00a0Trend-\u0259 istinad\u0259n x\u0259b\u0259r verir ki, bunu S\u0259hiyy\u0259 Nazirliyinin \u0130ctimai S\u0259hiyy\u0259 v\u0259 \u0130slahatlar M\u0259rk\u0259zinin (\u0130S\u0130M) S\u0259hiyy\u0259 siyas\u0259ti v\u0259 planla\u015fd\u0131rma \u015f\u00f6b\u0259sinin m\u00fcdiri Nabil Seyidov &#8220;Qeyri-infeksion x\u0259st\u0259likl\u0259rin y\u00fck\u00fc v\u0259 m\u00fcbariz\u0259 strategiyalar\u0131&#8221; m\u00f6vzusunda konfransda deyib. Onun&hellip;","_links":{"self":[{"href":"https:\/\/arantv.az\/index.php?rest_route=\/wp\/v2\/posts\/109482"}],"collection":[{"href":"https:\/\/arantv.az\/index.php?rest_route=\/wp\/v2\/posts"}],"about":[{"href":"https:\/\/arantv.az\/index.php?rest_route=\/wp\/v2\/types\/post"}],"author":[{"embeddable":true,"href":"https:\/\/arantv.az\/index.php?rest_route=\/wp\/v2\/users\/2"}],"replies":[{"embeddable":true,"href":"https:\/\/arantv.az\/index.php?rest_route=%2Fwp%2Fv2%2Fcomments&post=109482"}],"version-history":[{"count":0,"href":"https:\/\/arantv.az\/index.php?rest_route=\/wp\/v2\/posts\/109482\/revisions"}],"wp:featuredmedia":[{"embeddable":true,"href":"https:\/\/arantv.az\/index.php?rest_route=\/wp\/v2\/media\/109483"}],"wp:attachment":[{"href":"https:\/\/arantv.az\/index.php?rest_route=%2Fwp%2Fv2%2Fmedia&parent=109482"}],"wp:term":[{"taxonomy":"category","embeddable":true,"href":"https:\/\/arantv.az\/index.php?rest_route=%2Fwp%2Fv2%2Fcategories&post=109482"},{"taxonomy":"post_tag","embeddable":true,"href":"https:\/\/arantv.az\/index.php?rest_route=%2Fwp%2Fv2%2Ftags&post=109482"}],"curies":[{"name":"wp","href":"https:\/\/api.w.org\/{rel}","templated":true}]}}