{"id":109486,"date":"2019-12-19T15:34:34","date_gmt":"2019-12-19T12:34:34","guid":{"rendered":"http:\/\/arantv.az\/?p=109486"},"modified":"2019-12-19T15:34:34","modified_gmt":"2019-12-19T12:34:34","slug":"turkpa-olaraq-%c9%99sas-m%c9%99qs%c9%99dimiz-butun-sah%c9%99l%c9%99rd%c9%99-%c9%99laq%c9%99l%c9%99ri-daha-da-mohk%c9%99ml%c9%99ndirm%c9%99kdir-tbmm-s%c9%99dri","status":"publish","type":"post","link":"https:\/\/arantv.az\/?p=109486","title":{"rendered":"T\u00dcRKPA olaraq \u0259sas m\u0259qs\u0259dimiz b\u00fct\u00fcn sah\u0259l\u0259rd\u0259 \u0259laq\u0259l\u0259ri daha da m\u00f6hk\u0259ml\u0259ndirm\u0259kdir &#8211; TBMM s\u0259dri"},"content":{"rendered":"<p>T\u00fcrkdilli \u00d6lk\u0259l\u0259rin Parlament Assambleyas\u0131 (T\u00dcRKPA) olaraq \u0259sas m\u0259qs\u0259dimiz, iqtisadi, siyasi, h\u0259rbi, m\u0259d\u0259ni, h\u00fcquqi v\u0259 dig\u0259r sah\u0259l\u0259rd\u0259 \u0259laq\u0259l\u0259rimizi daha da m\u00f6hk\u0259ml\u0259ndirm\u0259kdir.<\/p>\n<p><strong>ARANTV.AZ<\/strong> bildirir ki, bunu Trend-\u0259 \u00f6z\u0259l m\u00fcsahib\u0259sind\u0259 T\u00fcrkiy\u0259 B\u00f6y\u00fck Mill\u0259t M\u0259clisinin (TBMM) S\u0259dri Mustafa \u015eentop bildirib.<\/p>\n<p>T\u00fcrkiy\u0259 parlamentinin s\u0259dri qeyd edib ki, \u0259sas h\u0259d\u0259fl\u0259rd\u0259n biri T\u00fcrk d\u00fcnyas\u0131 olaraq, dost oldu\u011fumuz, tarix\u0259n bir ya\u015fad\u0131\u011f\u0131m\u0131z v\u0259 birlikd\u0259 add\u0131mlad\u0131\u011f\u0131m\u0131z mill\u0259tl\u0259rl\u0259 \u0259laq\u0259l\u0259ri daim aktiv saxlamaq, bu \u0259laq\u0259l\u0259ri g\u00fccl\u0259ndirib daha y\u00fcks\u0259k s\u0259viyy\u0259y\u0259 \u00e7atd\u0131rmaq, el\u0259c\u0259 d\u0259 s\u00fclh v\u0259 sabitliy\u0259 t\u00f6hf\u0259 verm\u0259kdir.<\/p>\n<p>M.\u015eentop vur\u011fulay\u0131b ki, T\u00fcrkiy\u0259 C\u00fcmhuriyy\u0259ti v\u0259 qarda\u015fla\u015fm\u0131\u015f dig\u0259r t\u00fcrkdilli \u00f6lk\u0259l\u0259r yeni yaranm\u0131\u015f v\u0259 ya m\u00fc\u0259yy\u0259n zaman i\u00e7ind\u0259 formala\u015fan d\u00f6vl\u0259tl\u0259r deyill\u0259r:<\/p>\n<p>&#8220;T\u00fcrk d\u00fcnyas\u0131 m\u00fch\u00fcm \u0259h\u0259miyy\u0259t k\u0259sb ed\u0259n v\u0259 \u00e7\u0259kisi olan b\u00f6y\u00fck bir \u00e7o\u011frafi m\u0259kand\u0131r. Bel\u0259 ki, t\u00fcrk d\u00fcnyas\u0131 dey\u0259rk\u0259n, biz sivilizasiya, elm, m\u0259d\u0259niyy\u0259t, tarix\u0259 m\u00fch\u00fcm t\u00f6hf\u0259l\u0259r vermi\u015f b\u00f6y\u00fck bir mill\u0259td\u0259n dan\u0131\u015f\u0131r\u0131q&#8221;.<\/p>\n","protected":false},"excerpt":{"rendered":"<p>T\u00fcrkdilli \u00d6lk\u0259l\u0259rin Parlament Assambleyas\u0131 (T\u00dcRKPA) olaraq \u0259sas m\u0259qs\u0259dimiz, iqtisadi, siyasi, h\u0259rbi, m\u0259d\u0259ni, h\u00fcquqi v\u0259 dig\u0259r sah\u0259l\u0259rd\u0259 \u0259laq\u0259l\u0259rimizi daha da m\u00f6hk\u0259ml\u0259ndirm\u0259kdir. ARANTV.AZ bildirir ki, bunu Trend-\u0259 \u00f6z\u0259l m\u00fcsahib\u0259sind\u0259 T\u00fcrkiy\u0259 B\u00f6y\u00fck Mill\u0259t M\u0259clisinin (TBMM) S\u0259dri Mustafa \u015eentop bildirib. T\u00fcrkiy\u0259 parlamentinin s\u0259dri qeyd edib ki, \u0259sas h\u0259d\u0259fl\u0259rd\u0259n biri T\u00fcrk d\u00fcnyas\u0131 olaraq, dost oldu\u011fumuz, tarix\u0259n bir ya\u015fad\u0131\u011f\u0131m\u0131z v\u0259 birlikd\u0259 add\u0131mlad\u0131\u011f\u0131m\u0131z mill\u0259tl\u0259rl\u0259 \u0259laq\u0259l\u0259ri daim aktiv saxlamaq, bu \u0259laq\u0259l\u0259ri g\u00fccl\u0259ndirib daha y\u00fcks\u0259k s\u0259viyy\u0259y\u0259 \u00e7atd\u0131rmaq, el\u0259c\u0259 d\u0259 s\u00fclh v\u0259 sabitliy\u0259 t\u00f6hf\u0259 verm\u0259kdir. M.\u015eentop vur\u011fulay\u0131b ki, T\u00fcrkiy\u0259 C\u00fcmhuriyy\u0259ti v\u0259 qarda\u015fla\u015fm\u0131\u015f dig\u0259r t\u00fcrkdilli \u00f6lk\u0259l\u0259r yeni yaranm\u0131\u015f v\u0259 ya m\u00fc\u0259yy\u0259n&hellip;<\/p>\n","protected":false},"author":2,"featured_media":109487,"comment_status":"closed","ping_status":"closed","sticky":false,"template":"","format":"standard","meta":{"om_disable_all_campaigns":false,"_monsterinsights_skip_tracking":false,"_monsterinsights_sitenote_active":false,"_monsterinsights_sitenote_note":"","_monsterinsights_sitenote_category":0},"categories":[4],"tags":[],"aioseo_notices":[],"gutentor_comment":0,"rttpg_featured_image_url":{"full":["https:\/\/arantv.az\/wp-content\/uploads\/2019\/12\/811813.jpg",1024,683,false],"landscape":["https:\/\/arantv.az\/wp-content\/uploads\/2019\/12\/811813.jpg",1024,683,false],"portraits":["https:\/\/arantv.az\/wp-content\/uploads\/2019\/12\/811813.jpg",1024,683,false],"thumbnail":["https:\/\/arantv.az\/wp-content\/uploads\/2019\/12\/811813-150x150.jpg",150,150,true],"medium":["https:\/\/arantv.az\/wp-content\/uploads\/2019\/12\/811813-300x200.jpg",300,200,true],"large":["https:\/\/arantv.az\/wp-content\/uploads\/2019\/12\/811813-1024x683.jpg",640,427,true],"1536x1536":["https:\/\/arantv.az\/wp-content\/uploads\/2019\/12\/811813.jpg",1024,683,false],"2048x2048":["https:\/\/arantv.az\/wp-content\/uploads\/2019\/12\/811813.jpg",1024,683,false],"post-thumbnail":["https:\/\/arantv.az\/wp-content\/uploads\/2019\/12\/811813-240x172.jpg",240,172,true],"advps-thumb-one":["https:\/\/arantv.az\/wp-content\/uploads\/2019\/12\/811813-1024x620.jpg",1024,620,true]},"rttpg_author":{"display_name":"V\u00fcsal Rafiqo\u011flu","author_link":"https:\/\/arantv.az\/?author=2"},"rttpg_comment":0,"rttpg_category":"<a href=\"https:\/\/arantv.az\/?cat=4\" rel=\"category\">Siyas\u0259t<\/a>","rttpg_excerpt":"T\u00fcrkdilli \u00d6lk\u0259l\u0259rin Parlament Assambleyas\u0131 (T\u00dcRKPA) olaraq \u0259sas m\u0259qs\u0259dimiz, iqtisadi, siyasi, h\u0259rbi, m\u0259d\u0259ni, h\u00fcquqi v\u0259 dig\u0259r sah\u0259l\u0259rd\u0259 \u0259laq\u0259l\u0259rimizi daha da m\u00f6hk\u0259ml\u0259ndirm\u0259kdir. ARANTV.AZ bildirir ki, bunu Trend-\u0259 \u00f6z\u0259l m\u00fcsahib\u0259sind\u0259 T\u00fcrkiy\u0259 B\u00f6y\u00fck Mill\u0259t M\u0259clisinin (TBMM) S\u0259dri Mustafa \u015eentop bildirib. T\u00fcrkiy\u0259 parlamentinin s\u0259dri qeyd edib ki, \u0259sas h\u0259d\u0259fl\u0259rd\u0259n biri T\u00fcrk d\u00fcnyas\u0131 olaraq, dost oldu\u011fumuz, tarix\u0259n bir ya\u015fad\u0131\u011f\u0131m\u0131z v\u0259 birlikd\u0259&hellip;","_links":{"self":[{"href":"https:\/\/arantv.az\/index.php?rest_route=\/wp\/v2\/posts\/109486"}],"collection":[{"href":"https:\/\/arantv.az\/index.php?rest_route=\/wp\/v2\/posts"}],"about":[{"href":"https:\/\/arantv.az\/index.php?rest_route=\/wp\/v2\/types\/post"}],"author":[{"embeddable":true,"href":"https:\/\/arantv.az\/index.php?rest_route=\/wp\/v2\/users\/2"}],"replies":[{"embeddable":true,"href":"https:\/\/arantv.az\/index.php?rest_route=%2Fwp%2Fv2%2Fcomments&post=109486"}],"version-history":[{"count":0,"href":"https:\/\/arantv.az\/index.php?rest_route=\/wp\/v2\/posts\/109486\/revisions"}],"wp:featuredmedia":[{"embeddable":true,"href":"https:\/\/arantv.az\/index.php?rest_route=\/wp\/v2\/media\/109487"}],"wp:attachment":[{"href":"https:\/\/arantv.az\/index.php?rest_route=%2Fwp%2Fv2%2Fmedia&parent=109486"}],"wp:term":[{"taxonomy":"category","embeddable":true,"href":"https:\/\/arantv.az\/index.php?rest_route=%2Fwp%2Fv2%2Fcategories&post=109486"},{"taxonomy":"post_tag","embeddable":true,"href":"https:\/\/arantv.az\/index.php?rest_route=%2Fwp%2Fv2%2Ftags&post=109486"}],"curies":[{"name":"wp","href":"https:\/\/api.w.org\/{rel}","templated":true}]}}