{"id":109494,"date":"2019-12-19T15:37:48","date_gmt":"2019-12-19T12:37:48","guid":{"rendered":"http:\/\/arantv.az\/?p=109494"},"modified":"2019-12-19T15:37:48","modified_gmt":"2019-12-19T12:37:48","slug":"az%c9%99rbaycanda-usaqlarin-7-faizi-siqaret-c%c9%99kir-sos","status":"publish","type":"post","link":"https:\/\/arantv.az\/?p=109494","title":{"rendered":"&#8220;Az\u0259rbaycanda u\u015faqlar\u0131n 7 faizi siqaret \u00e7\u0259kir&#8221; &#8211; SOS"},"content":{"rendered":"<p>&#8220;Az\u0259rbaycanda t\u00fct\u00fcnd\u0259n istifad\u0259nin s\u0259viyy\u0259sinin h\u0259l\u0259 d\u0259 y\u00fcks\u0259k qalmas\u0131na baxmayaraq \u00dcST-\u00fcn m\u0259lumatlar\u0131na \u0259sas\u0259n t\u00fct\u00fcn\u00e7\u0259km\u0259 s\u0259viyy\u0259sind\u0259 azalma m\u00fc\u015fahid\u0259 edilir&#8221;.<\/p>\n<p><b>ARANTV.AZ\u00a0<\/b> x\u0259b\u0259r verir ki, bunu &#8221;Qeyri-infeksion x\u0259st\u0259likl\u0259rin y\u00fck\u00fc v\u0259 m\u00fcbariz\u0259 strategiyalar\u0131&#8221; m\u00f6vzusunda II Milli Konfransda \u0130ctimai S\u0259hiyy\u0259 v\u0259 \u0130slahatlar M\u0259rk\u0259zinin \u018fhalinin sa\u011flaml\u0131\u011f\u0131 \u015f\u00f6b\u0259sinin m\u00fcdiri Tofiq Musayev deyib. O bildirib ki, b\u00f6y\u00fckl\u0259r aras\u0131nda passiv t\u00fct\u00fcn\u00e7\u0259km\u0259 g\u00f6st\u0259ricil\u0259rind\u0259 bir q\u0259d\u0259r azalma m\u00fc\u015fahid\u0259 olunsa da r\u0259q\u0259ml\u0259r h\u0259l\u0259 d\u0259 y\u00fcks\u0259kdir: &#8220;\u018fks\u0259r hallarda insanlar\u0131n t\u00fct\u00fcn \u00e7\u0259km\u0259si yeniyetm\u0259 ya\u015flar\u0131nda ba\u015flay\u0131r. Haz\u0131rda Avropa regionunda t\u00fct\u00fcn\u00e7\u0259km\u0259 \u0259n y\u00fcks\u0259k s\u0259viyy\u0259d\u0259dir. B\u0259zi \u00f6lk\u0259l\u0259rd\u0259 yeniyetm\u0259l\u0259rin t\u00fct\u00fcn\u00e7\u0259km\u0259 g\u00f6st\u0259ricil\u0259ri b\u00f6y\u00fckl\u0259rin analoji g\u00f6st\u0259ricil\u0259ri il\u0259 eynidir. Az\u0259rbaycanda ke\u00e7irilmi\u015f t\u0259dqiqatlar g\u00f6st\u0259rir ki, 13-15 ya\u015fl\u0131 m\u0259kt\u0259blil\u0259rin 10 faizi n\u0259 vaxtsa siqaretin dad\u0131na bax\u0131b, 7 faizi h\u0259l\u0259 d\u0259 siqaret \u00e7\u0259kir. Diqq\u0259t edilm\u0259li m\u0259qam odur ki, siqaret \u00e7\u0259k\u0259nl\u0259rin \u00fc\u00e7d\u0259 biri bunu 10 ya\u015fad\u0259k edib. Dem\u0259li t\u0259dqiqatlar erk\u0259n ya\u015flar\u0131 \u0259hat\u0259 etm\u0259lidir&#8221;.<\/p>\n<div id=\"AdviadNativeVideo0\" class=\"AdviadNativeVideo\"><\/div>\n<p>T.Musayev qeyd edib ki, Az\u0259rbaycanda siqaret \u00e7\u0259km\u0259y\u0259nl\u0259rin 29 faizi evd\u0259, 41 faizi is\u0259 qapal\u0131 ictimai yerl\u0259rd\u0259 t\u00fct\u00fcn\u00fcn t\u0259sirin\u0259 m\u0259ruz qal\u0131r:<\/p>\n<p>&#8220;T\u0259\u0259ss\u00fcf ki, bu g\u00f6st\u0259ricil\u0259r 5 il \u0259rzind\u0259 50 faiz art\u0131b. B\u00fct\u00fcn bu faktlar ictimai yerl\u0259rd\u0259 t\u00fct\u00fcn\u00e7\u0259km\u0259nin m\u0259hdudla\u015fd\u0131r\u0131lmas\u0131 haqq\u0131nda qanunun diqq\u0259tl\u0259 yerin\u0259 yetirilm\u0259sini t\u0259l\u0259b edir. T\u00fct\u00fcnl\u0259 m\u00fcbariz\u0259d\u0259 effektiv yollardan biri t\u00fct\u00fcn vergil\u0259rinin qald\u0131r\u0131lmas\u0131d\u0131r. Az\u0259rbaycanda t\u00fct\u00fcn vergil\u0259ri orta hesabla 7 faiz art\u0131b. Yanvar\u0131n 1- d\u0259n bu r\u0259q\u0259m bir daha artacaq&#8221;.Sonxeber.az<\/p>\n","protected":false},"excerpt":{"rendered":"<p>&#8220;Az\u0259rbaycanda t\u00fct\u00fcnd\u0259n istifad\u0259nin s\u0259viyy\u0259sinin h\u0259l\u0259 d\u0259 y\u00fcks\u0259k qalmas\u0131na baxmayaraq \u00dcST-\u00fcn m\u0259lumatlar\u0131na \u0259sas\u0259n t\u00fct\u00fcn\u00e7\u0259km\u0259 s\u0259viyy\u0259sind\u0259 azalma m\u00fc\u015fahid\u0259 edilir&#8221;. ARANTV.AZ\u00a0 x\u0259b\u0259r verir ki, bunu &#8221;Qeyri-infeksion x\u0259st\u0259likl\u0259rin y\u00fck\u00fc v\u0259 m\u00fcbariz\u0259 strategiyalar\u0131&#8221; m\u00f6vzusunda II Milli Konfransda \u0130ctimai S\u0259hiyy\u0259 v\u0259 \u0130slahatlar M\u0259rk\u0259zinin \u018fhalinin sa\u011flaml\u0131\u011f\u0131 \u015f\u00f6b\u0259sinin m\u00fcdiri Tofiq Musayev deyib. O bildirib ki, b\u00f6y\u00fckl\u0259r aras\u0131nda passiv t\u00fct\u00fcn\u00e7\u0259km\u0259 g\u00f6st\u0259ricil\u0259rind\u0259 bir q\u0259d\u0259r azalma m\u00fc\u015fahid\u0259 olunsa da r\u0259q\u0259ml\u0259r h\u0259l\u0259 d\u0259 y\u00fcks\u0259kdir: &#8220;\u018fks\u0259r hallarda insanlar\u0131n t\u00fct\u00fcn \u00e7\u0259km\u0259si yeniyetm\u0259 ya\u015flar\u0131nda ba\u015flay\u0131r. Haz\u0131rda Avropa regionunda t\u00fct\u00fcn\u00e7\u0259km\u0259 \u0259n y\u00fcks\u0259k s\u0259viyy\u0259d\u0259dir. B\u0259zi \u00f6lk\u0259l\u0259rd\u0259 yeniyetm\u0259l\u0259rin t\u00fct\u00fcn\u00e7\u0259km\u0259 g\u00f6st\u0259ricil\u0259ri b\u00f6y\u00fckl\u0259rin analoji g\u00f6st\u0259ricil\u0259ri il\u0259 eynidir. Az\u0259rbaycanda ke\u00e7irilmi\u015f t\u0259dqiqatlar&hellip;<\/p>\n","protected":false},"author":2,"featured_media":109495,"comment_status":"closed","ping_status":"closed","sticky":false,"template":"","format":"standard","meta":{"om_disable_all_campaigns":false,"_monsterinsights_skip_tracking":false,"_monsterinsights_sitenote_active":false,"_monsterinsights_sitenote_note":"","_monsterinsights_sitenote_category":0},"categories":[1],"tags":[],"aioseo_notices":[],"gutentor_comment":0,"rttpg_featured_image_url":{"full":["https:\/\/arantv.az\/wp-content\/uploads\/2019\/12\/1576758596_1474616793publika_az1474614930100282.jpg",549,345,false],"landscape":["https:\/\/arantv.az\/wp-content\/uploads\/2019\/12\/1576758596_1474616793publika_az1474614930100282.jpg",549,345,false],"portraits":["https:\/\/arantv.az\/wp-content\/uploads\/2019\/12\/1576758596_1474616793publika_az1474614930100282.jpg",549,345,false],"thumbnail":["https:\/\/arantv.az\/wp-content\/uploads\/2019\/12\/1576758596_1474616793publika_az1474614930100282-150x150.jpg",150,150,true],"medium":["https:\/\/arantv.az\/wp-content\/uploads\/2019\/12\/1576758596_1474616793publika_az1474614930100282-300x189.jpg",300,189,true],"large":["https:\/\/arantv.az\/wp-content\/uploads\/2019\/12\/1576758596_1474616793publika_az1474614930100282.jpg",549,345,false],"1536x1536":["https:\/\/arantv.az\/wp-content\/uploads\/2019\/12\/1576758596_1474616793publika_az1474614930100282.jpg",549,345,false],"2048x2048":["https:\/\/arantv.az\/wp-content\/uploads\/2019\/12\/1576758596_1474616793publika_az1474614930100282.jpg",549,345,false],"post-thumbnail":["https:\/\/arantv.az\/wp-content\/uploads\/2019\/12\/1576758596_1474616793publika_az1474614930100282-240x172.jpg",240,172,true],"advps-thumb-one":["https:\/\/arantv.az\/wp-content\/uploads\/2019\/12\/1576758596_1474616793publika_az1474614930100282.jpg",549,345,false]},"rttpg_author":{"display_name":"V\u00fcsal Rafiqo\u011flu","author_link":"https:\/\/arantv.az\/?author=2"},"rttpg_comment":0,"rttpg_category":"<a href=\"https:\/\/arantv.az\/?cat=1\" rel=\"category\">C\u0259miyy\u0259t<\/a>","rttpg_excerpt":"&#8220;Az\u0259rbaycanda t\u00fct\u00fcnd\u0259n istifad\u0259nin s\u0259viyy\u0259sinin h\u0259l\u0259 d\u0259 y\u00fcks\u0259k qalmas\u0131na baxmayaraq \u00dcST-\u00fcn m\u0259lumatlar\u0131na \u0259sas\u0259n t\u00fct\u00fcn\u00e7\u0259km\u0259 s\u0259viyy\u0259sind\u0259 azalma m\u00fc\u015fahid\u0259 edilir&#8221;. ARANTV.AZ\u00a0 x\u0259b\u0259r verir ki, bunu &#8221;Qeyri-infeksion x\u0259st\u0259likl\u0259rin y\u00fck\u00fc v\u0259 m\u00fcbariz\u0259 strategiyalar\u0131&#8221; m\u00f6vzusunda II Milli Konfransda \u0130ctimai S\u0259hiyy\u0259 v\u0259 \u0130slahatlar M\u0259rk\u0259zinin \u018fhalinin sa\u011flaml\u0131\u011f\u0131 \u015f\u00f6b\u0259sinin m\u00fcdiri Tofiq Musayev deyib. O bildirib ki, b\u00f6y\u00fckl\u0259r aras\u0131nda passiv t\u00fct\u00fcn\u00e7\u0259km\u0259 g\u00f6st\u0259ricil\u0259rind\u0259 bir q\u0259d\u0259r azalma&hellip;","_links":{"self":[{"href":"https:\/\/arantv.az\/index.php?rest_route=\/wp\/v2\/posts\/109494"}],"collection":[{"href":"https:\/\/arantv.az\/index.php?rest_route=\/wp\/v2\/posts"}],"about":[{"href":"https:\/\/arantv.az\/index.php?rest_route=\/wp\/v2\/types\/post"}],"author":[{"embeddable":true,"href":"https:\/\/arantv.az\/index.php?rest_route=\/wp\/v2\/users\/2"}],"replies":[{"embeddable":true,"href":"https:\/\/arantv.az\/index.php?rest_route=%2Fwp%2Fv2%2Fcomments&post=109494"}],"version-history":[{"count":0,"href":"https:\/\/arantv.az\/index.php?rest_route=\/wp\/v2\/posts\/109494\/revisions"}],"wp:featuredmedia":[{"embeddable":true,"href":"https:\/\/arantv.az\/index.php?rest_route=\/wp\/v2\/media\/109495"}],"wp:attachment":[{"href":"https:\/\/arantv.az\/index.php?rest_route=%2Fwp%2Fv2%2Fmedia&parent=109494"}],"wp:term":[{"taxonomy":"category","embeddable":true,"href":"https:\/\/arantv.az\/index.php?rest_route=%2Fwp%2Fv2%2Fcategories&post=109494"},{"taxonomy":"post_tag","embeddable":true,"href":"https:\/\/arantv.az\/index.php?rest_route=%2Fwp%2Fv2%2Ftags&post=109494"}],"curies":[{"name":"wp","href":"https:\/\/api.w.org\/{rel}","templated":true}]}}