{"id":109502,"date":"2019-12-19T15:53:13","date_gmt":"2019-12-19T12:53:13","guid":{"rendered":"http:\/\/arantv.az\/?p=109502"},"modified":"2019-12-19T15:53:13","modified_gmt":"2019-12-19T12:53:13","slug":"az%c9%99rbaycanda-insanlarin-meyv%c9%99-t%c9%99r%c9%99v%c9%99z-q%c9%99bulu-s%c9%99viyy%c9%99si-cox-asagidir","status":"publish","type":"post","link":"https:\/\/arantv.az\/?p=109502","title":{"rendered":"Az\u0259rbaycanda insanlar\u0131n meyv\u0259-t\u0259r\u0259v\u0259z q\u0259bulu s\u0259viyy\u0259si \u00e7ox a\u015fa\u011f\u0131d\u0131r"},"content":{"rendered":"<p>&#8220;Az\u0259rbaycan d\u00fcnyada meyv\u0259-t\u0259r\u0259v\u0259zl\u0259 z\u0259ngin olan \u0259sas \u00f6lk\u0259l\u0259rd\u0259n biridir. M\u0259n dey\u0259rdim ki, d\u00fcnyada \u0259n dadl\u0131 meyv\u0259-t\u0259r\u0259v\u0259z Az\u0259rbaycandad\u0131r. Amma siz onlar\u0131 yemirsiniz. Az\u0259rbaycanda insanlar\u0131n meyv\u0259 -t\u0259r\u0259v\u0259z q\u0259bulu s\u0259viyy\u0259si \u00e7ox a\u015fa\u011f\u0131d\u0131r. Bu sizi narahat etm\u0259lidir&#8221;.<\/p>\n<p><strong>ARANTV.AZ<\/strong>\u00a0<a href=\"https:\/\/az.trend.az\/\" target=\"_blank\" rel=\"noopener\">Trend<\/a>-\u0259 istinad\u0259n x\u0259b\u0259r verir ki, bunu \u00dcmumd\u00fcnya S\u0259hiyy\u0259 T\u0259\u015fkilat\u0131n\u0131n Qeyri-infeksiyon x\u0259st\u0259likl\u0259rin qar\u015f\u0131s\u0131n\u0131n al\u0131nmas\u0131 v\u0259 n\u0259zar\u0259ti \u00fczr\u0259 Avropa Ofisinin r\u0259hb\u0259ri Joao Breda deyib.<\/p>\n<p>Onun s\u00f6zl\u0259rin\u0259 g\u00f6r\u0259, meyv\u0259 -t\u0259r\u0259v\u0259z insanlar\u0131 x\u0259r\u00e7\u0259ngd\u0259n , piyl\u0259nm\u0259d\u0259n, \u00fcr\u0259k- damar x\u0259st\u0259likl\u0259rind\u0259n qoruyur.<\/p>\n<p>Y.Breda \u0259lav\u0259 edib ki, t\u00f6vsiy\u0259 olunan normaya g\u00f6r\u0259, insan g\u00fcn \u0259rzind\u0259 5 qram duz q\u0259bul etm\u0259lidir. Lakin hesablamalara g\u00f6r\u0259, Az\u0259rbaycanda g\u00fcnd\u0259lik duz istehlak\u0131 10 qramdan y\u00fcks\u0259kdir:&#8221;Bu g\u00fcn Az\u0259rbaycanda x\u00fcsusil\u0259 ki\u015fil\u0259r aras\u0131nda qeyri-infeksion x\u0259st\u0259likl\u0259rin yaranmas\u0131na s\u0259b\u0259b olan risk faktorlar\u0131 il\u0259 ba\u011fl\u0131 probleml\u0259r var v\u0259 bunu h\u0259ll etm\u0259k laz\u0131md\u0131r. Bunu etm\u0259k \u00e7\u0259tindir, amma bunu sah\u0259d\u0259 birg\u0259 i\u015fl\u0259m\u0259y\u0259 haz\u0131r\u0131q&#8221;.<\/p>\n","protected":false},"excerpt":{"rendered":"<p>&#8220;Az\u0259rbaycan d\u00fcnyada meyv\u0259-t\u0259r\u0259v\u0259zl\u0259 z\u0259ngin olan \u0259sas \u00f6lk\u0259l\u0259rd\u0259n biridir. M\u0259n dey\u0259rdim ki, d\u00fcnyada \u0259n dadl\u0131 meyv\u0259-t\u0259r\u0259v\u0259z Az\u0259rbaycandad\u0131r. Amma siz onlar\u0131 yemirsiniz. Az\u0259rbaycanda insanlar\u0131n meyv\u0259 -t\u0259r\u0259v\u0259z q\u0259bulu s\u0259viyy\u0259si \u00e7ox a\u015fa\u011f\u0131d\u0131r. Bu sizi narahat etm\u0259lidir&#8221;. ARANTV.AZ\u00a0Trend-\u0259 istinad\u0259n x\u0259b\u0259r verir ki, bunu \u00dcmumd\u00fcnya S\u0259hiyy\u0259 T\u0259\u015fkilat\u0131n\u0131n Qeyri-infeksiyon x\u0259st\u0259likl\u0259rin qar\u015f\u0131s\u0131n\u0131n al\u0131nmas\u0131 v\u0259 n\u0259zar\u0259ti \u00fczr\u0259 Avropa Ofisinin r\u0259hb\u0259ri Joao Breda deyib. Onun s\u00f6zl\u0259rin\u0259 g\u00f6r\u0259, meyv\u0259 -t\u0259r\u0259v\u0259z insanlar\u0131 x\u0259r\u00e7\u0259ngd\u0259n , piyl\u0259nm\u0259d\u0259n, \u00fcr\u0259k- damar x\u0259st\u0259likl\u0259rind\u0259n qoruyur. Y.Breda \u0259lav\u0259 edib ki, t\u00f6vsiy\u0259 olunan normaya g\u00f6r\u0259, insan g\u00fcn \u0259rzind\u0259 5 qram duz q\u0259bul etm\u0259lidir. Lakin hesablamalara g\u00f6r\u0259, Az\u0259rbaycanda g\u00fcnd\u0259lik duz istehlak\u0131&hellip;<\/p>\n","protected":false},"author":2,"featured_media":109503,"comment_status":"closed","ping_status":"closed","sticky":false,"template":"","format":"standard","meta":{"om_disable_all_campaigns":false,"_monsterinsights_skip_tracking":false,"_monsterinsights_sitenote_active":false,"_monsterinsights_sitenote_note":"","_monsterinsights_sitenote_category":0},"categories":[19],"tags":[],"aioseo_notices":[],"gutentor_comment":0,"rttpg_featured_image_url":{"full":["https:\/\/arantv.az\/wp-content\/uploads\/2019\/12\/811787.jpg",800,600,false],"landscape":["https:\/\/arantv.az\/wp-content\/uploads\/2019\/12\/811787.jpg",800,600,false],"portraits":["https:\/\/arantv.az\/wp-content\/uploads\/2019\/12\/811787.jpg",800,600,false],"thumbnail":["https:\/\/arantv.az\/wp-content\/uploads\/2019\/12\/811787-150x150.jpg",150,150,true],"medium":["https:\/\/arantv.az\/wp-content\/uploads\/2019\/12\/811787-300x225.jpg",300,225,true],"large":["https:\/\/arantv.az\/wp-content\/uploads\/2019\/12\/811787.jpg",640,480,false],"1536x1536":["https:\/\/arantv.az\/wp-content\/uploads\/2019\/12\/811787.jpg",800,600,false],"2048x2048":["https:\/\/arantv.az\/wp-content\/uploads\/2019\/12\/811787.jpg",800,600,false],"post-thumbnail":["https:\/\/arantv.az\/wp-content\/uploads\/2019\/12\/811787-240x172.jpg",240,172,true],"advps-thumb-one":["https:\/\/arantv.az\/wp-content\/uploads\/2019\/12\/811787.jpg",800,600,false]},"rttpg_author":{"display_name":"V\u00fcsal Rafiqo\u011flu","author_link":"https:\/\/arantv.az\/?author=2"},"rttpg_comment":0,"rttpg_category":"<a href=\"https:\/\/arantv.az\/?cat=19\" rel=\"category\">G\u00fcnd\u0259m<\/a>","rttpg_excerpt":"&#8220;Az\u0259rbaycan d\u00fcnyada meyv\u0259-t\u0259r\u0259v\u0259zl\u0259 z\u0259ngin olan \u0259sas \u00f6lk\u0259l\u0259rd\u0259n biridir. M\u0259n dey\u0259rdim ki, d\u00fcnyada \u0259n dadl\u0131 meyv\u0259-t\u0259r\u0259v\u0259z Az\u0259rbaycandad\u0131r. Amma siz onlar\u0131 yemirsiniz. Az\u0259rbaycanda insanlar\u0131n meyv\u0259 -t\u0259r\u0259v\u0259z q\u0259bulu s\u0259viyy\u0259si \u00e7ox a\u015fa\u011f\u0131d\u0131r. Bu sizi narahat etm\u0259lidir&#8221;. ARANTV.AZ\u00a0Trend-\u0259 istinad\u0259n x\u0259b\u0259r verir ki, bunu \u00dcmumd\u00fcnya S\u0259hiyy\u0259 T\u0259\u015fkilat\u0131n\u0131n Qeyri-infeksiyon x\u0259st\u0259likl\u0259rin qar\u015f\u0131s\u0131n\u0131n al\u0131nmas\u0131 v\u0259 n\u0259zar\u0259ti \u00fczr\u0259 Avropa Ofisinin r\u0259hb\u0259ri Joao Breda deyib. Onun&hellip;","_links":{"self":[{"href":"https:\/\/arantv.az\/index.php?rest_route=\/wp\/v2\/posts\/109502"}],"collection":[{"href":"https:\/\/arantv.az\/index.php?rest_route=\/wp\/v2\/posts"}],"about":[{"href":"https:\/\/arantv.az\/index.php?rest_route=\/wp\/v2\/types\/post"}],"author":[{"embeddable":true,"href":"https:\/\/arantv.az\/index.php?rest_route=\/wp\/v2\/users\/2"}],"replies":[{"embeddable":true,"href":"https:\/\/arantv.az\/index.php?rest_route=%2Fwp%2Fv2%2Fcomments&post=109502"}],"version-history":[{"count":0,"href":"https:\/\/arantv.az\/index.php?rest_route=\/wp\/v2\/posts\/109502\/revisions"}],"wp:featuredmedia":[{"embeddable":true,"href":"https:\/\/arantv.az\/index.php?rest_route=\/wp\/v2\/media\/109503"}],"wp:attachment":[{"href":"https:\/\/arantv.az\/index.php?rest_route=%2Fwp%2Fv2%2Fmedia&parent=109502"}],"wp:term":[{"taxonomy":"category","embeddable":true,"href":"https:\/\/arantv.az\/index.php?rest_route=%2Fwp%2Fv2%2Fcategories&post=109502"},{"taxonomy":"post_tag","embeddable":true,"href":"https:\/\/arantv.az\/index.php?rest_route=%2Fwp%2Fv2%2Ftags&post=109502"}],"curies":[{"name":"wp","href":"https:\/\/api.w.org\/{rel}","templated":true}]}}