{"id":109514,"date":"2019-12-19T15:58:52","date_gmt":"2019-12-19T12:58:52","guid":{"rendered":"http:\/\/arantv.az\/?p=109514"},"modified":"2019-12-19T15:58:52","modified_gmt":"2019-12-19T12:58:52","slug":"14-yasli-asimanin-d%c9%99fnind%c9%99n-d%c9%99hs%c9%99tli-goruntul%c9%99r-video","status":"publish","type":"post","link":"https:\/\/arantv.az\/?p=109514","title":{"rendered":"14 ya\u015fl\u0131 Asiman\u0131n d\u0259fnind\u0259n \u2014 D\u018fH\u015e\u018fTL\u0130 G\u00d6R\u00dcNT\u00dcL\u018fR &#8211; V\u0130DEO"},"content":{"rendered":"<div class=\"spot\">ARB TV-nin \u201cElgizl\u0259 \u0130zl\u0259\u201d verili\u015fin\u0259 evl\u0259nm\u0259k \u00fc\u00e7\u00fcn g\u0259l\u0259n atas\u0131 il\u0259 birlikd\u0259 efir\u0259 \u00e7\u0131xan 14 ya\u015fl\u0131 Asiman\u0131n d\u0259fn m\u0259rasiminin g\u00f6zl\u0259nilm\u0259z \u00f6l\u00fcm\u00fc tama\u015fa\u00e7\u0131lar\u0131 m\u0259yus edib.<\/div>\n<p><strong>ARANTV.AZ<\/strong> x\u0259b\u0259r verir ki, &#8220;Elgizl\u0259 izl\u0259&#8221; proqram\u0131 Asiman\u0131n d\u0259fn m\u0259rasimind\u0259n \u00fcr\u0259kda\u011flayan d\u0259h\u015f\u0259tli g\u00f6r\u00fcnt\u00fcl\u0259ri efird\u0259 n\u00fcmayi\u015f etdirib.<\/p>\n<p>Pirallah\u0131 m\u0259kt\u0259bl\u0259rinin birind\u0259 VIII-ci sinifd\u0259 t\u0259hsil alan Asiman\u0131n d\u0259fnin\u0259 do\u011fmalar\u0131 il\u0259 yana\u015f\u0131 e\u015fidib-bil\u0259n h\u0259r k\u0259s g\u0259lib. Yeniyetm\u0259ni son m\u0259nzil\u0259 yola salanlar aras\u0131nda sinif yolda\u015flar\u0131 v\u0259 m\u00fc\u0259lliml\u0259ri d\u0259 olub. H\u0259r k\u0259s onun \u00fc\u00e7\u00fcn g\u00f6z ya\u015f\u0131 t\u00f6k\u00fcb.<\/p>\n<p>Qeyd ed\u0259k ki, ki\u00e7ik ya\u015flar\u0131ndan anas\u0131z qalan Asiman atas\u0131n\u0131n evl\u0259nm\u0259sini \u00e7ox ist\u0259yirdi. Yeniyetm\u0259 q\u0131z ona anal\u0131q ed\u0259c\u0259k birin\u0259 ehtiyac duydu\u011funu deyirdi.<\/p>\n<p>&#8220;Atam\u0131n evl\u0259nm\u0259sini ist\u0259yir\u0259m. D\u00fczd\u00fcr, o m\u0259n\u0259 do\u011fma anam kimi \u015firin olmaz. Qan\u0131mdan-can\u0131mdan deyil. M\u0259n\u0259 sirda\u015f-dost olsun. B\u0259lk\u0259 d\u0259 el\u0259 sirl\u0259rim var ki, atama dey\u0259 bilmir\u0259m, ancaq ona dey\u0259 bil\u0259r\u0259m&#8221;, &#8211; dey\u0259n Asiman, atas\u0131n\u0131n evl\u0259nm\u0259sin\u0259 qar\u015f\u0131 olmad\u0131\u011f\u0131n\u0131, \u0259ksin\u0259 onu d\u0259st\u0259kl\u0259diyini bildirmi\u015fdi.<\/p>\n<p>Alim b\u0259yl\u0259 evl\u0259nm\u0259k \u00fc\u00e7\u00fcn efir\u0259 g\u0259l\u0259n xan\u0131m m\u0259hz Asimana g\u00f6r\u0259 atas\u0131 il\u0259 evl\u0259nm\u0259k ist\u0259yirdi. \u00dcz\u00fcn\u00fc gizl\u0259d\u0259r\u0259k efir\u0259 \u00e7\u0131xan qad\u0131n Asiman\u0131 v\u0259fat etmi\u015f q\u0131zlar\u0131na \u00e7ox b\u0259nz\u0259tdiyini deyirdi. Lakin bu izdivac ba\u015f tutmad\u0131. Maraql\u0131d\u0131r ki, sosial \u015f\u0259b\u0259k\u0259 istifad\u0259\u00e7il\u0259ri aras\u0131nda Asiman\u0131 qad\u0131n\u0131n n\u0259fsinin \u00f6ld\u00fcrd\u00fcy\u00fcn\u00fc yazanlar da var.<\/p>\n<p>Qeyd ed\u0259k ki, Alim b\u0259yin qon\u015fusu G\u00fclnar\u0259 N\u0259biyeva Asiman\u0131n \u00f6l\u00fcm\u00fcnd\u0259 onu g\u00fcnahland\u0131r\u0131r. Qon\u015fu qad\u0131n Alimin Asiman\u0131 d\u00f6yd\u00fcy\u00fcn\u00fc, ac-susuz saxlad\u0131\u011f\u0131n\u0131, soyuq havalarda \u00e7\u00f6ld\u0259, yerd\u0259 yat\u0131rd\u0131. Ata qon\u015fusunun b\u00fct\u00fcn ittihamlar\u0131n\u0131 r\u0259dd edib v\u0259 q\u0131z\u0131n\u0131n v\u0259r\u0259md\u0259n \u00f6ld\u00fcy\u00fcn\u00fc deyib.<\/p>\n<p>Haz\u0131rda Asiman\u0131n \u00f6l\u00fcm s\u0259b\u0259bi ara\u015fd\u0131r\u0131l\u0131r. Ekspertizan\u0131n r\u0259yi &#8220;Elgizl\u0259 izl\u0259&#8221; proqram\u0131nda a\u00e7\u0131qlanacaq.&#8221;\u00d6lk\u0259.Az&#8221;<\/p>\n<p><iframe loading=\"lazy\" src=\"https:\/\/www.youtube.com\/embed\/UG471Z-voSY\" width=\"617\" height=\"345\" frameborder=\"0\" data-mce-fragment=\"1\"><\/iframe><\/p>\n","protected":false},"excerpt":{"rendered":"<p>ARB TV-nin \u201cElgizl\u0259 \u0130zl\u0259\u201d verili\u015fin\u0259 evl\u0259nm\u0259k \u00fc\u00e7\u00fcn g\u0259l\u0259n atas\u0131 il\u0259 birlikd\u0259 efir\u0259 \u00e7\u0131xan 14 ya\u015fl\u0131 Asiman\u0131n d\u0259fn m\u0259rasiminin g\u00f6zl\u0259nilm\u0259z \u00f6l\u00fcm\u00fc tama\u015fa\u00e7\u0131lar\u0131 m\u0259yus edib. ARANTV.AZ x\u0259b\u0259r verir ki, &#8220;Elgizl\u0259 izl\u0259&#8221; proqram\u0131 Asiman\u0131n d\u0259fn m\u0259rasimind\u0259n \u00fcr\u0259kda\u011flayan d\u0259h\u015f\u0259tli g\u00f6r\u00fcnt\u00fcl\u0259ri efird\u0259 n\u00fcmayi\u015f etdirib. Pirallah\u0131 m\u0259kt\u0259bl\u0259rinin birind\u0259 VIII-ci sinifd\u0259 t\u0259hsil alan Asiman\u0131n d\u0259fnin\u0259 do\u011fmalar\u0131 il\u0259 yana\u015f\u0131 e\u015fidib-bil\u0259n h\u0259r k\u0259s g\u0259lib. Yeniyetm\u0259ni son m\u0259nzil\u0259 yola salanlar aras\u0131nda sinif yolda\u015flar\u0131 v\u0259 m\u00fc\u0259lliml\u0259ri d\u0259 olub. H\u0259r k\u0259s onun \u00fc\u00e7\u00fcn g\u00f6z ya\u015f\u0131 t\u00f6k\u00fcb. Qeyd ed\u0259k ki, ki\u00e7ik ya\u015flar\u0131ndan anas\u0131z qalan Asiman atas\u0131n\u0131n evl\u0259nm\u0259sini \u00e7ox ist\u0259yirdi. Yeniyetm\u0259 q\u0131z ona anal\u0131q&hellip;<\/p>\n","protected":false},"author":2,"featured_media":109515,"comment_status":"closed","ping_status":"closed","sticky":false,"template":"","format":"standard","meta":{"om_disable_all_campaigns":false,"_monsterinsights_skip_tracking":false,"_monsterinsights_sitenote_active":false,"_monsterinsights_sitenote_note":"","_monsterinsights_sitenote_category":0},"categories":[1],"tags":[],"aioseo_notices":[],"gutentor_comment":0,"rttpg_featured_image_url":{"full":["https:\/\/arantv.az\/wp-content\/uploads\/2019\/12\/0-2.jpg",620,375,false],"landscape":["https:\/\/arantv.az\/wp-content\/uploads\/2019\/12\/0-2.jpg",620,375,false],"portraits":["https:\/\/arantv.az\/wp-content\/uploads\/2019\/12\/0-2.jpg",620,375,false],"thumbnail":["https:\/\/arantv.az\/wp-content\/uploads\/2019\/12\/0-2-150x150.jpg",150,150,true],"medium":["https:\/\/arantv.az\/wp-content\/uploads\/2019\/12\/0-2-300x181.jpg",300,181,true],"large":["https:\/\/arantv.az\/wp-content\/uploads\/2019\/12\/0-2.jpg",620,375,false],"1536x1536":["https:\/\/arantv.az\/wp-content\/uploads\/2019\/12\/0-2.jpg",620,375,false],"2048x2048":["https:\/\/arantv.az\/wp-content\/uploads\/2019\/12\/0-2.jpg",620,375,false],"post-thumbnail":["https:\/\/arantv.az\/wp-content\/uploads\/2019\/12\/0-2-240x172.jpg",240,172,true],"advps-thumb-one":["https:\/\/arantv.az\/wp-content\/uploads\/2019\/12\/0-2.jpg",620,375,false]},"rttpg_author":{"display_name":"V\u00fcsal Rafiqo\u011flu","author_link":"https:\/\/arantv.az\/?author=2"},"rttpg_comment":0,"rttpg_category":"<a href=\"https:\/\/arantv.az\/?cat=1\" rel=\"category\">C\u0259miyy\u0259t<\/a>","rttpg_excerpt":"ARB TV-nin \u201cElgizl\u0259 \u0130zl\u0259\u201d verili\u015fin\u0259 evl\u0259nm\u0259k \u00fc\u00e7\u00fcn g\u0259l\u0259n atas\u0131 il\u0259 birlikd\u0259 efir\u0259 \u00e7\u0131xan 14 ya\u015fl\u0131 Asiman\u0131n d\u0259fn m\u0259rasiminin g\u00f6zl\u0259nilm\u0259z \u00f6l\u00fcm\u00fc tama\u015fa\u00e7\u0131lar\u0131 m\u0259yus edib. ARANTV.AZ x\u0259b\u0259r verir ki, &#8220;Elgizl\u0259 izl\u0259&#8221; proqram\u0131 Asiman\u0131n d\u0259fn m\u0259rasimind\u0259n \u00fcr\u0259kda\u011flayan d\u0259h\u015f\u0259tli g\u00f6r\u00fcnt\u00fcl\u0259ri efird\u0259 n\u00fcmayi\u015f etdirib. Pirallah\u0131 m\u0259kt\u0259bl\u0259rinin birind\u0259 VIII-ci sinifd\u0259 t\u0259hsil alan Asiman\u0131n d\u0259fnin\u0259 do\u011fmalar\u0131 il\u0259 yana\u015f\u0131 e\u015fidib-bil\u0259n h\u0259r k\u0259s g\u0259lib.&hellip;","_links":{"self":[{"href":"https:\/\/arantv.az\/index.php?rest_route=\/wp\/v2\/posts\/109514"}],"collection":[{"href":"https:\/\/arantv.az\/index.php?rest_route=\/wp\/v2\/posts"}],"about":[{"href":"https:\/\/arantv.az\/index.php?rest_route=\/wp\/v2\/types\/post"}],"author":[{"embeddable":true,"href":"https:\/\/arantv.az\/index.php?rest_route=\/wp\/v2\/users\/2"}],"replies":[{"embeddable":true,"href":"https:\/\/arantv.az\/index.php?rest_route=%2Fwp%2Fv2%2Fcomments&post=109514"}],"version-history":[{"count":0,"href":"https:\/\/arantv.az\/index.php?rest_route=\/wp\/v2\/posts\/109514\/revisions"}],"wp:featuredmedia":[{"embeddable":true,"href":"https:\/\/arantv.az\/index.php?rest_route=\/wp\/v2\/media\/109515"}],"wp:attachment":[{"href":"https:\/\/arantv.az\/index.php?rest_route=%2Fwp%2Fv2%2Fmedia&parent=109514"}],"wp:term":[{"taxonomy":"category","embeddable":true,"href":"https:\/\/arantv.az\/index.php?rest_route=%2Fwp%2Fv2%2Fcategories&post=109514"},{"taxonomy":"post_tag","embeddable":true,"href":"https:\/\/arantv.az\/index.php?rest_route=%2Fwp%2Fv2%2Ftags&post=109514"}],"curies":[{"name":"wp","href":"https:\/\/api.w.org\/{rel}","templated":true}]}}