{"id":10972,"date":"2018-09-03T16:12:18","date_gmt":"2018-09-03T13:12:18","guid":{"rendered":"http:\/\/arantv.az\/?p=10972"},"modified":"2018-09-03T16:12:18","modified_gmt":"2018-09-03T13:12:18","slug":"az%c9%99rbaycanin-xaricd%c9%99-ilk-s%c9%99rab-evi-acildi-foto","status":"publish","type":"post","link":"https:\/\/arantv.az\/?p=10972","title":{"rendered":"Az\u0259rbaycan\u0131n xaricd\u0259 ilk \u015e\u0259rab Evi a\u00e7\u0131ld\u0131 &#8211; FOTO"},"content":{"rendered":"<p><strong>Sentyabr\u0131n 2-d\u0259 \u00c7in Xalq Respublikas\u0131n\u0131n Urum\u00e7i \u015f\u0259h\u0259rind\u0259 &#8220;Az\u0259rbaycan \u015e\u0259rab Evi&#8221; a\u00e7\u0131l\u0131b. Bu, Az\u0259rbaycan\u0131n xarici \u00f6lk\u0259d\u0259 a\u00e7\u0131lan ilk \u015e\u0259rab Evidir.<\/strong><\/p>\n<p><strong>ARANTV.AZ<\/strong>\u00a0 x\u0259b\u0259r verir ki, \u0130qtisadiyyat Nazirliyind\u0259n trend-\u0259 veril\u0259n m\u0259lumata g\u00f6r\u0259, bununla \u0259laq\u0259dar ke\u00e7iril\u0259n t\u0259dbird\u0259 h\u0259r iki \u00f6lk\u0259nin r\u0259smi \u015f\u0259xsl\u0259ri il\u0259 yana\u015f\u0131, Az\u0259rbaycan\u0131n \u015f\u0259rab istehsal\u00e7\u0131lar\u0131 v\u0259 \u00c7inin \u015f\u0259rab sat\u0131\u015f\u0131 il\u0259 m\u0259\u015f\u011ful olan \u015firk\u0259tl\u0259rinin t\u0259msil\u00e7il\u0259ri i\u015ftirak edibl\u0259r.<\/p>\n<p>\u0130qtisadiyyat Nazirliyinin d\u0259st\u0259yi v\u0259 Az\u0259rbaycanda \u0130xrac\u0131n v\u0259 \u0130nvestisiyalar\u0131n T\u0259\u015fviqi Fondunun (AZPROMO) t\u0259\u015fkilat\u00e7\u0131l\u0131\u011f\u0131 il\u0259 yarad\u0131lm\u0131\u015f &#8220;Az\u0259rbaycan \u015e\u0259rab Evi&#8221; Az\u0259rbaycan Respublikas\u0131 Prezidentinin tap\u015f\u0131r\u0131\u011f\u0131na uy\u011fun olaraq, Az\u0259rbaycan m\u0259hsullar\u0131n\u0131n ixrac\u0131n\u0131n d\u0259st\u0259kl\u0259nm\u0259si, ixrac\u0131n h\u0259cminin v\u0259 co\u011frafiyas\u0131n\u0131n geni\u015fl\u0259ndirilm\u0259si, &#8220;Made in Azerbaijan&#8221; brendinin t\u0259\u015fviqi, h\u0259m\u00e7inin Az\u0259rbaycan\u0131n \u015f\u0259rab v\u0259 dig\u0259r spirtli i\u00e7ki m\u0259hsullar\u0131n\u0131n \u00c7in bazar\u0131nda daha \u00e7ox tan\u0131d\u0131lmas\u0131 v\u0259 sat\u0131\u015f\u0131n\u0131n t\u0259\u015fkili sah\u0259sind\u0259 f\u0259aliyy\u0259t g\u00f6st\u0259r\u0259c\u0259k, bu sah\u0259d\u0259 \u0259laq\u0259l\u0259ndirm\u0259ni h\u0259yata ke\u00e7ir\u0259c\u0259k. \u015e\u0259rab Evinin daimi f\u0259aliyy\u0259t g\u00f6st\u0259r\u0259n s\u0259rgisind\u0259 x\u00fcsusi dad\u0131 v\u0259 keyfiyy\u0259ti il\u0259 se\u00e7il\u0259n m\u00fcxt\u0259lif n\u00f6vd\u0259 Az\u0259rbaycan \u015f\u0259rablar\u0131 n\u00fcmayi\u015f olunacaq.<\/p>\n<p>A\u00e7\u0131l\u0131\u015f t\u0259dbirind\u0259 \u00e7\u0131x\u0131\u015f ed\u0259n \u00c7in Xalq Respublikas\u0131 Sincan Uy\u011fur Muxtar Rayonunun beyn\u0259lxalq \u0259laq\u0259l\u0259r \u00fczr\u0259 r\u0259hb\u0259rl\u0259r qrupunun r\u0259is m\u00fcavini Mao Xuey, AZPROMO-nun r\u0259hb\u0259ri v\u0259zif\u0259sini icra ed\u0259n Yusif Abdullayev, Az\u0259rbaycan\u0131n \u00c7ind\u0259ki ticar\u0259t n\u00fcmay\u0259nd\u0259si Teymur Nadiro\u011flu, \u00c7inin &#8220;YEMA \u0130nternational&#8221; \u015firk\u0259tinin vitse-prezidenti \u00c7en Qan, Az\u0259rbaycan \u015e\u0259rab \u0130stehsal\u00e7\u0131lar\u0131 v\u0259 \u0130xracat\u00e7\u0131lar\u0131 Assosiasiyas\u0131n\u0131n r\u0259hb\u0259ri El\u00e7in M\u0259d\u0259tov v\u0259 ba\u015fqalar\u0131 Urum\u00e7id\u0259 f\u0259aliyy\u0259t\u0259 ba\u015falayan \u015e\u0259rab Evinin Az\u0259rbaycan-\u00c7in iqtisadi-ticar\u0259t \u0259laq\u0259l\u0259rinin geni\u015fl\u0259nm\u0259sin\u0259, Az\u0259rbaycan m\u0259hsullar\u0131n\u0131n ixrac\u0131n\u0131n art\u0131r\u0131lmas\u0131na t\u00f6hf\u0259 ver\u0259c\u0259yini vur\u011fulay\u0131blar.<\/p>\n<div id=\"AdributorNativeVideo0\" class=\"AdributorNativeVideo\"><\/div>\n<p>T\u0259dbir \u00e7\u0259r\u00e7iv\u0259sind\u0259 AZPROMO il\u0259 \u00c7inin &#8220;YEMA&#8221; \u015firk\u0259ti aras\u0131nda \u0259m\u0259kda\u015fl\u0131\u011fa dair Anla\u015fma Memorandumu imzalan\u0131b. Bundan ba\u015fqa, Az\u0259rbaycan \u015f\u0259rablar\u0131na h\u0259sr olunmu\u015f m\u0259tbuat konfrans\u0131 ke\u00e7irilib, \u015f\u0259rab\u00e7\u0131l\u0131\u011f\u0131n inki\u015faf\u0131na dair t\u0259qdimat v\u0259 video-\u00e7arxlar n\u00fcmayi\u015f etdirilib, \u00c7inin \u015f\u0259rab sat\u0131\u015f\u0131 il\u0259 m\u0259\u015f\u011ful olan \u015firk\u0259tl\u0259ri \u00fc\u00e7\u00fcn Az\u0259rbaycan \u015f\u0259rablar\u0131n\u0131n dequstasiyas\u0131 t\u0259\u015fkil olunub.<\/p>\n<p>Qeyd ed\u0259k ki, &#8220;Made in Azerbaijan&#8221; brendinin t\u0259\u015fviqi, ixrac\u0131n v\u0259 istehsal\u0131n stimulla\u015fd\u0131r\u0131lmas\u0131, o c\u00fcml\u0259d\u0259n Az\u0259rbaycan m\u0259hsullar\u0131n\u0131n xarici bazarlarda tan\u0131d\u0131lmas\u0131 v\u0259 sat\u0131\u015f\u0131n\u0131n geni\u015fl\u0259ndirilm\u0259si m\u0259qs\u0259di il\u0259 xarici \u00f6lk\u0259l\u0259rd\u0259 yeni ticar\u0259t v\u0259 \u015f\u0259rab evl\u0259rinin a\u00e7\u0131lmas\u0131 n\u0259z\u0259rd\u0259 tutulur.<\/p>\n","protected":false},"excerpt":{"rendered":"<p>Sentyabr\u0131n 2-d\u0259 \u00c7in Xalq Respublikas\u0131n\u0131n Urum\u00e7i \u015f\u0259h\u0259rind\u0259 &#8220;Az\u0259rbaycan \u015e\u0259rab Evi&#8221; a\u00e7\u0131l\u0131b. Bu, Az\u0259rbaycan\u0131n xarici \u00f6lk\u0259d\u0259 a\u00e7\u0131lan ilk \u015e\u0259rab Evidir. ARANTV.AZ\u00a0 x\u0259b\u0259r verir ki, \u0130qtisadiyyat Nazirliyind\u0259n trend-\u0259 veril\u0259n m\u0259lumata g\u00f6r\u0259, bununla \u0259laq\u0259dar ke\u00e7iril\u0259n t\u0259dbird\u0259 h\u0259r iki \u00f6lk\u0259nin r\u0259smi \u015f\u0259xsl\u0259ri il\u0259 yana\u015f\u0131, Az\u0259rbaycan\u0131n \u015f\u0259rab istehsal\u00e7\u0131lar\u0131 v\u0259 \u00c7inin \u015f\u0259rab sat\u0131\u015f\u0131 il\u0259 m\u0259\u015f\u011ful olan \u015firk\u0259tl\u0259rinin t\u0259msil\u00e7il\u0259ri i\u015ftirak edibl\u0259r. \u0130qtisadiyyat Nazirliyinin d\u0259st\u0259yi v\u0259 Az\u0259rbaycanda \u0130xrac\u0131n v\u0259 \u0130nvestisiyalar\u0131n T\u0259\u015fviqi Fondunun (AZPROMO) t\u0259\u015fkilat\u00e7\u0131l\u0131\u011f\u0131 il\u0259 yarad\u0131lm\u0131\u015f &#8220;Az\u0259rbaycan \u015e\u0259rab Evi&#8221; Az\u0259rbaycan Respublikas\u0131 Prezidentinin tap\u015f\u0131r\u0131\u011f\u0131na uy\u011fun olaraq, Az\u0259rbaycan m\u0259hsullar\u0131n\u0131n ixrac\u0131n\u0131n d\u0259st\u0259kl\u0259nm\u0259si, ixrac\u0131n h\u0259cminin v\u0259 co\u011frafiyas\u0131n\u0131n geni\u015fl\u0259ndirilm\u0259si, &#8220;Made in Azerbaijan&#8221; brendinin&hellip;<\/p>\n","protected":false},"author":2,"featured_media":10973,"comment_status":"closed","ping_status":"closed","sticky":false,"template":"","format":"standard","meta":{"om_disable_all_campaigns":false,"_monsterinsights_skip_tracking":false,"_monsterinsights_sitenote_active":false,"_monsterinsights_sitenote_note":"","_monsterinsights_sitenote_category":0},"categories":[19],"tags":[],"aioseo_notices":[],"gutentor_comment":0,"rttpg_featured_image_url":{"full":["https:\/\/arantv.az\/wp-content\/uploads\/2018\/09\/681970.jpg",800,600,false],"landscape":["https:\/\/arantv.az\/wp-content\/uploads\/2018\/09\/681970.jpg",800,600,false],"portraits":["https:\/\/arantv.az\/wp-content\/uploads\/2018\/09\/681970.jpg",800,600,false],"thumbnail":["https:\/\/arantv.az\/wp-content\/uploads\/2018\/09\/681970-150x150.jpg",150,150,true],"medium":["https:\/\/arantv.az\/wp-content\/uploads\/2018\/09\/681970-300x225.jpg",300,225,true],"large":["https:\/\/arantv.az\/wp-content\/uploads\/2018\/09\/681970.jpg",640,480,false],"1536x1536":["https:\/\/arantv.az\/wp-content\/uploads\/2018\/09\/681970.jpg",800,600,false],"2048x2048":["https:\/\/arantv.az\/wp-content\/uploads\/2018\/09\/681970.jpg",800,600,false],"post-thumbnail":["https:\/\/arantv.az\/wp-content\/uploads\/2018\/09\/681970-240x172.jpg",240,172,true],"advps-thumb-one":["https:\/\/arantv.az\/wp-content\/uploads\/2018\/09\/681970.jpg",800,600,false]},"rttpg_author":{"display_name":"V\u00fcsal Rafiqo\u011flu","author_link":"https:\/\/arantv.az\/?author=2"},"rttpg_comment":0,"rttpg_category":"<a href=\"https:\/\/arantv.az\/?cat=19\" rel=\"category\">G\u00fcnd\u0259m<\/a>","rttpg_excerpt":"Sentyabr\u0131n 2-d\u0259 \u00c7in Xalq Respublikas\u0131n\u0131n Urum\u00e7i \u015f\u0259h\u0259rind\u0259 &#8220;Az\u0259rbaycan \u015e\u0259rab Evi&#8221; a\u00e7\u0131l\u0131b. Bu, Az\u0259rbaycan\u0131n xarici \u00f6lk\u0259d\u0259 a\u00e7\u0131lan ilk \u015e\u0259rab Evidir. ARANTV.AZ\u00a0 x\u0259b\u0259r verir ki, \u0130qtisadiyyat Nazirliyind\u0259n trend-\u0259 veril\u0259n m\u0259lumata g\u00f6r\u0259, bununla \u0259laq\u0259dar ke\u00e7iril\u0259n t\u0259dbird\u0259 h\u0259r iki \u00f6lk\u0259nin r\u0259smi \u015f\u0259xsl\u0259ri il\u0259 yana\u015f\u0131, Az\u0259rbaycan\u0131n \u015f\u0259rab istehsal\u00e7\u0131lar\u0131 v\u0259 \u00c7inin \u015f\u0259rab sat\u0131\u015f\u0131 il\u0259 m\u0259\u015f\u011ful olan \u015firk\u0259tl\u0259rinin t\u0259msil\u00e7il\u0259ri i\u015ftirak edibl\u0259r. \u0130qtisadiyyat&hellip;","_links":{"self":[{"href":"https:\/\/arantv.az\/index.php?rest_route=\/wp\/v2\/posts\/10972"}],"collection":[{"href":"https:\/\/arantv.az\/index.php?rest_route=\/wp\/v2\/posts"}],"about":[{"href":"https:\/\/arantv.az\/index.php?rest_route=\/wp\/v2\/types\/post"}],"author":[{"embeddable":true,"href":"https:\/\/arantv.az\/index.php?rest_route=\/wp\/v2\/users\/2"}],"replies":[{"embeddable":true,"href":"https:\/\/arantv.az\/index.php?rest_route=%2Fwp%2Fv2%2Fcomments&post=10972"}],"version-history":[{"count":0,"href":"https:\/\/arantv.az\/index.php?rest_route=\/wp\/v2\/posts\/10972\/revisions"}],"wp:featuredmedia":[{"embeddable":true,"href":"https:\/\/arantv.az\/index.php?rest_route=\/wp\/v2\/media\/10973"}],"wp:attachment":[{"href":"https:\/\/arantv.az\/index.php?rest_route=%2Fwp%2Fv2%2Fmedia&parent=10972"}],"wp:term":[{"taxonomy":"category","embeddable":true,"href":"https:\/\/arantv.az\/index.php?rest_route=%2Fwp%2Fv2%2Fcategories&post=10972"},{"taxonomy":"post_tag","embeddable":true,"href":"https:\/\/arantv.az\/index.php?rest_route=%2Fwp%2Fv2%2Ftags&post=10972"}],"curies":[{"name":"wp","href":"https:\/\/api.w.org\/{rel}","templated":true}]}}