{"id":10981,"date":"2018-09-03T16:19:21","date_gmt":"2018-09-03T13:19:21","guid":{"rendered":"http:\/\/arantv.az\/?p=10981"},"modified":"2018-09-03T16:19:21","modified_gmt":"2018-09-03T13:19:21","slug":"az%c9%99rbaycan-ordusunda-s%c9%99mti-mu%c9%99yy%c9%99n-etm%c9%99-yarislari-basa-catib","status":"publish","type":"post","link":"https:\/\/arantv.az\/?p=10981","title":{"rendered":"Az\u0259rbaycan Ordusunda s\u0259mti m\u00fc\u0259yy\u0259n etm\u0259 yar\u0131\u015flar\u0131 ba\u015fa \u00e7at\u0131b"},"content":{"rendered":"<div class=\"main_content\">\n<div class=\"mc_wrap clear\">\n<div class=\"col_left\">\n<div class=\"page_content\">\n<div class=\"vi_in_desc\">\n<div class=\"vi_text\">\n<p><strong>ARANTV.AZ<\/strong> x\u0259b\u0259r verir ki, M\u00fcdafi\u0259 naziri general-polkovnik Zakir H\u0259s\u0259novun Az\u0259rbaycan Ordusunda idman yar\u0131\u015flar\u0131n\u0131n ke\u00e7irilm\u0259sin\u0259 dair illik \u0259mrin\u0259 \u0259sas\u0259n h\u0259rbi qulluq\u00e7ular aras\u0131nda t\u0259\u015fkil olunan n\u00f6vb\u0259ti s\u0259mti m\u00fc\u0259yy\u0259n etm\u0259 yar\u0131\u015flar\u0131 ba\u015fa \u00e7at\u0131b.<br \/>\nAyr\u0131-ayr\u0131 qo\u015fun n\u00f6vl\u0259ri v\u0259 xidm\u0259t sah\u0259l\u0259rind\u0259n yar\u0131\u015flara c\u0259lb edil\u0259n komandalar \u0259razid\u0259 s\u0259mti m\u00fc\u0259yy\u0259n etm\u0259k bacar\u0131qlar\u0131n\u0131 s\u0131nayaraq f\u0259rdi, qrup v\u0259 patrul h\u0259r\u0259k\u0259ti \u00fczr\u0259 birincilik u\u011frunda m\u00fcbariz\u0259 apar\u0131blar.<br \/>\nYar\u0131\u015flar\u0131n yekunlar\u0131na \u0259sas\u0259n ke\u00e7iril\u0259n m\u00fckafatlad\u0131rma m\u0259rasimi xalq\u0131m\u0131z\u0131n \u00fcmummilli lideri Heyd\u0259r \u018fliyevin v\u0259 \u015f\u0259hidl\u0259rin xatir\u0259sinin yad edilm\u0259si, D\u00f6vl\u0259t himninin s\u0259sl\u0259ndirilm\u0259si il\u0259 ba\u015flay\u0131b.<br \/>\nM\u0259rasimd\u0259 \u00e7\u0131x\u0131\u015f ed\u0259n polkovnik Sadiq Pa\u015fayev bu yar\u0131\u015flar\u0131n h\u0259rbi qulluq\u00e7ular\u0131n fiziki c\u0259h\u0259td\u0259n m\u00f6hk\u0259m v\u0259 g\u00fccl\u00fc olmalar\u0131 bax\u0131m\u0131ndan \u0259h\u0259miyy\u0259tind\u0259n dan\u0131\u015f\u0131b.<br \/>\nYekun n\u0259tic\u0259l\u0259r\u0259 \u0259sas\u0259n Bak\u0131 y\u0131\u011fma komandas\u0131 qalib g\u0259l\u0259r\u0259k yar\u0131\u015f\u0131n kubokunu qazan\u0131b. H\u0259rbi Hava Q\u00fcvv\u0259l\u0259rinin &#8220;N&#8221; h\u0259rbi hiss\u0259si ikinci, Beyl\u0259qan y\u0131\u011fma komandas\u0131 is\u0259 \u00fc\u00e7\u00fcnc\u00fc yer\u0259 layiq g\u00f6r\u00fcl\u00fcb.<br \/>\nF\u0259rdi \u015f\u0259kild\u0259 qad\u0131n h\u0259rbi qulluq\u00e7ular aras\u0131nda \u0259sg\u0259r P\u0259rvan\u0259 Heyd\u0259rova birinci, \u00e7avu\u015f M\u0259ry\u0259m M\u0259h\u0259rr\u0259mova ikinci, mayor C\u0259mil\u0259 \u0130r\u0259fiyeva \u00fc\u00e7\u00fcnc\u00fc, ki\u015fi h\u0259rbi qulluq\u00e7ular aras\u0131nda is\u0259 ki\u00e7ik \u00e7avu\u015f Dair Cumartov birinci, ki\u00e7ik \u00e7avu\u015f \u015eabud \u015eabudov ikinci, gizir Sahil H\u0259\u015fimov \u00fc\u00e7\u00fcnc\u00fc yer\u0259 layiq g\u00f6r\u00fcl\u00fcbl\u0259r.<br \/>\nYar\u0131\u015f\u0131n qalibl\u0259ri f\u0259xri f\u0259rman v\u0259 medallarla t\u0259ltif olunub.<\/p>\n<\/div>\n<div class=\"bx-wrapper\">\n<div class=\"bx-viewport\">\n<ul class=\"bxslider\">\n<li class=\"bx-clone\"><a class=\"fancybox\" href=\"https:\/\/mod.gov.az\/\/images\/gallery\/d8096482e9441363a83fe625324048f6.jpg\" rel=\"group31481\"><img src=\"https:\/\/mod.gov.az\/\/images\/gallery\/d8096482e9441363a83fe625324048f6.jpg\" \/><\/a><\/li>\n<li><a class=\"fancybox\" href=\"https:\/\/mod.gov.az\/\/images\/gallery\/44a22973c0e282765fdc6a0e5f384a78.jpg\" rel=\"group31481\"><img src=\"https:\/\/mod.gov.az\/\/images\/gallery\/44a22973c0e282765fdc6a0e5f384a78.jpg\" \/><\/a><\/li>\n<li><a class=\"fancybox\" href=\"https:\/\/mod.gov.az\/\/images\/gallery\/c2d422dd711aaba4345851a827abbacd.jpg\" rel=\"group31481\"><img src=\"https:\/\/mod.gov.az\/\/images\/gallery\/c2d422dd711aaba4345851a827abbacd.jpg\" \/><\/a><\/li>\n<li><a class=\"fancybox\" href=\"https:\/\/mod.gov.az\/\/images\/gallery\/76d51b1f1b0d155bac0e8f1198c6c846.jpg\" rel=\"group31481\"><img src=\"https:\/\/mod.gov.az\/\/images\/gallery\/76d51b1f1b0d155bac0e8f1198c6c846.jpg\" \/><\/a><\/li>\n<li><a class=\"fancybox\" href=\"https:\/\/mod.gov.az\/\/images\/gallery\/4cce296eaf8d2aa7c44691a9d3769e1a.jpg\" rel=\"group31481\"><img src=\"https:\/\/mod.gov.az\/\/images\/gallery\/4cce296eaf8d2aa7c44691a9d3769e1a.jpg\" \/><\/a><\/li>\n<li><a class=\"fancybox\" href=\"https:\/\/mod.gov.az\/\/images\/gallery\/d8096482e9441363a83fe625324048f6.jpg\" rel=\"group31481\"><img src=\"https:\/\/mod.gov.az\/\/images\/gallery\/d8096482e9441363a83fe625324048f6.jpg\" \/><\/a><\/li>\n<li class=\"bx-clone\"><a class=\"fancybox\" href=\"https:\/\/mod.gov.az\/\/images\/gallery\/44a22973c0e282765fdc6a0e5f384a78.jpg\" rel=\"group31481\"><img src=\"https:\/\/mod.gov.az\/\/images\/gallery\/44a22973c0e282765fdc6a0e5f384a78.jpg\" \/><\/a><\/li>\n<\/ul>\n<\/div>\n<div class=\"bx-controls bx-has-pager bx-has-controls-direction\">\n<div class=\"bx-pager bx-default-pager\"><\/div>\n<div class=\"bx-controls-direction\"><\/div>\n<\/div>\n<\/div>\n<\/div>\n<\/div>\n<\/div>\n<\/div>\n<\/div>\n","protected":false},"excerpt":{"rendered":"<p>ARANTV.AZ x\u0259b\u0259r verir ki, M\u00fcdafi\u0259 naziri general-polkovnik Zakir H\u0259s\u0259novun Az\u0259rbaycan Ordusunda idman yar\u0131\u015flar\u0131n\u0131n ke\u00e7irilm\u0259sin\u0259 dair illik \u0259mrin\u0259 \u0259sas\u0259n h\u0259rbi qulluq\u00e7ular aras\u0131nda t\u0259\u015fkil olunan n\u00f6vb\u0259ti s\u0259mti m\u00fc\u0259yy\u0259n etm\u0259 yar\u0131\u015flar\u0131 ba\u015fa \u00e7at\u0131b. Ayr\u0131-ayr\u0131 qo\u015fun n\u00f6vl\u0259ri v\u0259 xidm\u0259t sah\u0259l\u0259rind\u0259n yar\u0131\u015flara c\u0259lb edil\u0259n komandalar \u0259razid\u0259 s\u0259mti m\u00fc\u0259yy\u0259n etm\u0259k bacar\u0131qlar\u0131n\u0131 s\u0131nayaraq f\u0259rdi, qrup v\u0259 patrul h\u0259r\u0259k\u0259ti \u00fczr\u0259 birincilik u\u011frunda m\u00fcbariz\u0259 apar\u0131blar. Yar\u0131\u015flar\u0131n yekunlar\u0131na \u0259sas\u0259n ke\u00e7iril\u0259n m\u00fckafatlad\u0131rma m\u0259rasimi xalq\u0131m\u0131z\u0131n \u00fcmummilli lideri Heyd\u0259r \u018fliyevin v\u0259 \u015f\u0259hidl\u0259rin xatir\u0259sinin yad edilm\u0259si, D\u00f6vl\u0259t himninin s\u0259sl\u0259ndirilm\u0259si il\u0259 ba\u015flay\u0131b. M\u0259rasimd\u0259 \u00e7\u0131x\u0131\u015f ed\u0259n polkovnik Sadiq Pa\u015fayev bu yar\u0131\u015flar\u0131n h\u0259rbi qulluq\u00e7ular\u0131n fiziki c\u0259h\u0259td\u0259n m\u00f6hk\u0259m&hellip;<\/p>\n","protected":false},"author":2,"featured_media":10982,"comment_status":"closed","ping_status":"closed","sticky":false,"template":"","format":"standard","meta":{"om_disable_all_campaigns":false,"_monsterinsights_skip_tracking":false,"_monsterinsights_sitenote_active":false,"_monsterinsights_sitenote_note":"","_monsterinsights_sitenote_category":0},"categories":[19],"tags":[],"aioseo_notices":[],"gutentor_comment":0,"rttpg_featured_image_url":{"full":["https:\/\/arantv.az\/wp-content\/uploads\/2018\/09\/44a22973c0e282765fdc6a0e5f384a78.jpg",1000,632,false],"landscape":["https:\/\/arantv.az\/wp-content\/uploads\/2018\/09\/44a22973c0e282765fdc6a0e5f384a78.jpg",1000,632,false],"portraits":["https:\/\/arantv.az\/wp-content\/uploads\/2018\/09\/44a22973c0e282765fdc6a0e5f384a78.jpg",1000,632,false],"thumbnail":["https:\/\/arantv.az\/wp-content\/uploads\/2018\/09\/44a22973c0e282765fdc6a0e5f384a78-150x150.jpg",150,150,true],"medium":["https:\/\/arantv.az\/wp-content\/uploads\/2018\/09\/44a22973c0e282765fdc6a0e5f384a78-300x190.jpg",300,190,true],"large":["https:\/\/arantv.az\/wp-content\/uploads\/2018\/09\/44a22973c0e282765fdc6a0e5f384a78.jpg",640,404,false],"1536x1536":["https:\/\/arantv.az\/wp-content\/uploads\/2018\/09\/44a22973c0e282765fdc6a0e5f384a78.jpg",1000,632,false],"2048x2048":["https:\/\/arantv.az\/wp-content\/uploads\/2018\/09\/44a22973c0e282765fdc6a0e5f384a78.jpg",1000,632,false],"post-thumbnail":["https:\/\/arantv.az\/wp-content\/uploads\/2018\/09\/44a22973c0e282765fdc6a0e5f384a78-240x172.jpg",240,172,true],"advps-thumb-one":["https:\/\/arantv.az\/wp-content\/uploads\/2018\/09\/44a22973c0e282765fdc6a0e5f384a78-1000x620.jpg",1000,620,true]},"rttpg_author":{"display_name":"V\u00fcsal Rafiqo\u011flu","author_link":"https:\/\/arantv.az\/?author=2"},"rttpg_comment":0,"rttpg_category":"<a href=\"https:\/\/arantv.az\/?cat=19\" rel=\"category\">G\u00fcnd\u0259m<\/a>","rttpg_excerpt":"ARANTV.AZ x\u0259b\u0259r verir ki, M\u00fcdafi\u0259 naziri general-polkovnik Zakir H\u0259s\u0259novun Az\u0259rbaycan Ordusunda idman yar\u0131\u015flar\u0131n\u0131n ke\u00e7irilm\u0259sin\u0259 dair illik \u0259mrin\u0259 \u0259sas\u0259n h\u0259rbi qulluq\u00e7ular aras\u0131nda t\u0259\u015fkil olunan n\u00f6vb\u0259ti s\u0259mti m\u00fc\u0259yy\u0259n etm\u0259 yar\u0131\u015flar\u0131 ba\u015fa \u00e7at\u0131b. Ayr\u0131-ayr\u0131 qo\u015fun n\u00f6vl\u0259ri v\u0259 xidm\u0259t sah\u0259l\u0259rind\u0259n yar\u0131\u015flara c\u0259lb edil\u0259n komandalar \u0259razid\u0259 s\u0259mti m\u00fc\u0259yy\u0259n etm\u0259k bacar\u0131qlar\u0131n\u0131 s\u0131nayaraq f\u0259rdi, qrup v\u0259 patrul h\u0259r\u0259k\u0259ti \u00fczr\u0259 birincilik u\u011frunda m\u00fcbariz\u0259&hellip;","_links":{"self":[{"href":"https:\/\/arantv.az\/index.php?rest_route=\/wp\/v2\/posts\/10981"}],"collection":[{"href":"https:\/\/arantv.az\/index.php?rest_route=\/wp\/v2\/posts"}],"about":[{"href":"https:\/\/arantv.az\/index.php?rest_route=\/wp\/v2\/types\/post"}],"author":[{"embeddable":true,"href":"https:\/\/arantv.az\/index.php?rest_route=\/wp\/v2\/users\/2"}],"replies":[{"embeddable":true,"href":"https:\/\/arantv.az\/index.php?rest_route=%2Fwp%2Fv2%2Fcomments&post=10981"}],"version-history":[{"count":0,"href":"https:\/\/arantv.az\/index.php?rest_route=\/wp\/v2\/posts\/10981\/revisions"}],"wp:featuredmedia":[{"embeddable":true,"href":"https:\/\/arantv.az\/index.php?rest_route=\/wp\/v2\/media\/10982"}],"wp:attachment":[{"href":"https:\/\/arantv.az\/index.php?rest_route=%2Fwp%2Fv2%2Fmedia&parent=10981"}],"wp:term":[{"taxonomy":"category","embeddable":true,"href":"https:\/\/arantv.az\/index.php?rest_route=%2Fwp%2Fv2%2Fcategories&post=10981"},{"taxonomy":"post_tag","embeddable":true,"href":"https:\/\/arantv.az\/index.php?rest_route=%2Fwp%2Fv2%2Ftags&post=10981"}],"curies":[{"name":"wp","href":"https:\/\/api.w.org\/{rel}","templated":true}]}}