{"id":109896,"date":"2019-12-20T14:14:36","date_gmt":"2019-12-20T11:14:36","guid":{"rendered":"http:\/\/arantv.az\/?p=109896"},"modified":"2019-12-20T14:14:36","modified_gmt":"2019-12-20T11:14:36","slug":"bolqaristan-az%c9%99rbaycanla-%c9%99m%c9%99k-miqrasiyasi-muqavil%c9%99sini-t%c9%99sdiql%c9%99di","status":"publish","type":"post","link":"https:\/\/arantv.az\/?p=109896","title":{"rendered":"Bolqar\u0131stan Az\u0259rbaycanla \u0259m\u0259k miqrasiyas\u0131 m\u00fcqavil\u0259sini t\u0259sdiql\u0259di"},"content":{"rendered":"<p>Bolqar\u0131stan Az\u0259rbaycanla \u0259m\u0259k miqrasiyas\u0131 m\u00fcqavil\u0259sini t\u0259sdiql\u0259yib.<\/p>\n<p>\u201cNova TV\u201dnin x\u0259b\u0259rin\u0259 g\u00f6r\u0259, bu m\u0259qs\u0259dl\u0259 g\u00f6r\u00fc\u015fd\u0259\u00a0\u0259m\u0259k miqrasiyas\u0131n\u0131n t\u0259nziml\u0259nm\u0259si bar\u0259d\u0259 ikit\u0259r\u0259fli m\u00fcqavil\u0259 il\u0259 ba\u011fl\u0131 layih\u0259l\u0259r t\u0259sdiq edilib.<\/p>\n<p>Layih\u0259l\u0259r\u0259 g\u00f6r\u0259, Az\u0259rbaycan v\u0259t\u0259nda\u015flar\u0131n\u0131n Bolqar\u0131standa yerli v\u0259t\u0259nda\u015flar il\u0259 eyni \u0259m\u0259k h\u00fcququ\u00a0v\u0259 v\u0259zif\u0259l\u0259rind\u0259n istifad\u0259 ed\u0259c\u0259yi n\u0259z\u0259rd\u0259 tutulur.<\/p>\n<p>Layih\u0259l\u0259r az\u0259rbaycanl\u0131lar \u00fc\u00e7\u00fcn i\u015f h\u00fcququnun t\u0259nziml\u0259nm\u0259si il\u0259 ba\u011fl\u0131 dan\u0131\u015f\u0131qlar \u0259sas olmaqla, Bolqar\u0131standa i\u015fsizliyin azald\u0131lmas\u0131 \u015f\u0259raitind\u0259 i\u015f\u00e7i q\u00fcvv\u0259sinin ehtiyaclar\u0131n\u0131 \u00f6d\u0259m\u0259y\u0259 bir vasit\u0259 olacaq.<\/p>\n<p>Qeyd ed\u0259k ki, Bolqar\u0131stan eyni h\u00fcquqlu m\u00fcqavil\u0259ni Q\u0131r\u011f\u0131z\u0131stan v\u0259 \u00d6zb\u0259kistanla da ba\u011flay\u0131b.<\/p>\n","protected":false},"excerpt":{"rendered":"<p>Bolqar\u0131stan Az\u0259rbaycanla \u0259m\u0259k miqrasiyas\u0131 m\u00fcqavil\u0259sini t\u0259sdiql\u0259yib. \u201cNova TV\u201dnin x\u0259b\u0259rin\u0259 g\u00f6r\u0259, bu m\u0259qs\u0259dl\u0259 g\u00f6r\u00fc\u015fd\u0259\u00a0\u0259m\u0259k miqrasiyas\u0131n\u0131n t\u0259nziml\u0259nm\u0259si bar\u0259d\u0259 ikit\u0259r\u0259fli m\u00fcqavil\u0259 il\u0259 ba\u011fl\u0131 layih\u0259l\u0259r t\u0259sdiq edilib. Layih\u0259l\u0259r\u0259 g\u00f6r\u0259, Az\u0259rbaycan v\u0259t\u0259nda\u015flar\u0131n\u0131n Bolqar\u0131standa yerli v\u0259t\u0259nda\u015flar il\u0259 eyni \u0259m\u0259k h\u00fcququ\u00a0v\u0259 v\u0259zif\u0259l\u0259rind\u0259n istifad\u0259 ed\u0259c\u0259yi n\u0259z\u0259rd\u0259 tutulur. Layih\u0259l\u0259r az\u0259rbaycanl\u0131lar \u00fc\u00e7\u00fcn i\u015f h\u00fcququnun t\u0259nziml\u0259nm\u0259si il\u0259 ba\u011fl\u0131 dan\u0131\u015f\u0131qlar \u0259sas olmaqla, Bolqar\u0131standa i\u015fsizliyin azald\u0131lmas\u0131 \u015f\u0259raitind\u0259 i\u015f\u00e7i q\u00fcvv\u0259sinin ehtiyaclar\u0131n\u0131 \u00f6d\u0259m\u0259y\u0259 bir vasit\u0259 olacaq. Qeyd ed\u0259k ki, Bolqar\u0131stan eyni h\u00fcquqlu m\u00fcqavil\u0259ni Q\u0131r\u011f\u0131z\u0131stan v\u0259 \u00d6zb\u0259kistanla da ba\u011flay\u0131b.<\/p>\n","protected":false},"author":2,"featured_media":109897,"comment_status":"closed","ping_status":"closed","sticky":false,"template":"","format":"standard","meta":{"om_disable_all_campaigns":false,"_monsterinsights_skip_tracking":false,"_monsterinsights_sitenote_active":false,"_monsterinsights_sitenote_note":"","_monsterinsights_sitenote_category":0},"categories":[1],"tags":[],"aioseo_notices":[],"gutentor_comment":0,"rttpg_featured_image_url":{"full":["https:\/\/arantv.az\/wp-content\/uploads\/2019\/12\/bolqaristan.jpg",620,348,false],"landscape":["https:\/\/arantv.az\/wp-content\/uploads\/2019\/12\/bolqaristan.jpg",620,348,false],"portraits":["https:\/\/arantv.az\/wp-content\/uploads\/2019\/12\/bolqaristan.jpg",620,348,false],"thumbnail":["https:\/\/arantv.az\/wp-content\/uploads\/2019\/12\/bolqaristan-150x150.jpg",150,150,true],"medium":["https:\/\/arantv.az\/wp-content\/uploads\/2019\/12\/bolqaristan-300x168.jpg",300,168,true],"large":["https:\/\/arantv.az\/wp-content\/uploads\/2019\/12\/bolqaristan.jpg",620,348,false],"1536x1536":["https:\/\/arantv.az\/wp-content\/uploads\/2019\/12\/bolqaristan.jpg",620,348,false],"2048x2048":["https:\/\/arantv.az\/wp-content\/uploads\/2019\/12\/bolqaristan.jpg",620,348,false],"post-thumbnail":["https:\/\/arantv.az\/wp-content\/uploads\/2019\/12\/bolqaristan-240x172.jpg",240,172,true],"advps-thumb-one":["https:\/\/arantv.az\/wp-content\/uploads\/2019\/12\/bolqaristan.jpg",620,348,false]},"rttpg_author":{"display_name":"V\u00fcsal Rafiqo\u011flu","author_link":"https:\/\/arantv.az\/?author=2"},"rttpg_comment":0,"rttpg_category":"<a href=\"https:\/\/arantv.az\/?cat=1\" rel=\"category\">C\u0259miyy\u0259t<\/a>","rttpg_excerpt":"Bolqar\u0131stan Az\u0259rbaycanla \u0259m\u0259k miqrasiyas\u0131 m\u00fcqavil\u0259sini t\u0259sdiql\u0259yib. \u201cNova TV\u201dnin x\u0259b\u0259rin\u0259 g\u00f6r\u0259, bu m\u0259qs\u0259dl\u0259 g\u00f6r\u00fc\u015fd\u0259\u00a0\u0259m\u0259k miqrasiyas\u0131n\u0131n t\u0259nziml\u0259nm\u0259si bar\u0259d\u0259 ikit\u0259r\u0259fli m\u00fcqavil\u0259 il\u0259 ba\u011fl\u0131 layih\u0259l\u0259r t\u0259sdiq edilib. Layih\u0259l\u0259r\u0259 g\u00f6r\u0259, Az\u0259rbaycan v\u0259t\u0259nda\u015flar\u0131n\u0131n Bolqar\u0131standa yerli v\u0259t\u0259nda\u015flar il\u0259 eyni \u0259m\u0259k h\u00fcququ\u00a0v\u0259 v\u0259zif\u0259l\u0259rind\u0259n istifad\u0259 ed\u0259c\u0259yi n\u0259z\u0259rd\u0259 tutulur. Layih\u0259l\u0259r az\u0259rbaycanl\u0131lar \u00fc\u00e7\u00fcn i\u015f h\u00fcququnun t\u0259nziml\u0259nm\u0259si il\u0259 ba\u011fl\u0131 dan\u0131\u015f\u0131qlar \u0259sas olmaqla, Bolqar\u0131standa i\u015fsizliyin azald\u0131lmas\u0131 \u015f\u0259raitind\u0259 i\u015f\u00e7i&hellip;","_links":{"self":[{"href":"https:\/\/arantv.az\/index.php?rest_route=\/wp\/v2\/posts\/109896"}],"collection":[{"href":"https:\/\/arantv.az\/index.php?rest_route=\/wp\/v2\/posts"}],"about":[{"href":"https:\/\/arantv.az\/index.php?rest_route=\/wp\/v2\/types\/post"}],"author":[{"embeddable":true,"href":"https:\/\/arantv.az\/index.php?rest_route=\/wp\/v2\/users\/2"}],"replies":[{"embeddable":true,"href":"https:\/\/arantv.az\/index.php?rest_route=%2Fwp%2Fv2%2Fcomments&post=109896"}],"version-history":[{"count":0,"href":"https:\/\/arantv.az\/index.php?rest_route=\/wp\/v2\/posts\/109896\/revisions"}],"wp:featuredmedia":[{"embeddable":true,"href":"https:\/\/arantv.az\/index.php?rest_route=\/wp\/v2\/media\/109897"}],"wp:attachment":[{"href":"https:\/\/arantv.az\/index.php?rest_route=%2Fwp%2Fv2%2Fmedia&parent=109896"}],"wp:term":[{"taxonomy":"category","embeddable":true,"href":"https:\/\/arantv.az\/index.php?rest_route=%2Fwp%2Fv2%2Fcategories&post=109896"},{"taxonomy":"post_tag","embeddable":true,"href":"https:\/\/arantv.az\/index.php?rest_route=%2Fwp%2Fv2%2Ftags&post=109896"}],"curies":[{"name":"wp","href":"https:\/\/api.w.org\/{rel}","templated":true}]}}