{"id":109904,"date":"2019-12-20T14:16:37","date_gmt":"2019-12-20T11:16:37","guid":{"rendered":"http:\/\/arantv.az\/?p=109904"},"modified":"2019-12-20T14:16:37","modified_gmt":"2019-12-20T11:16:37","slug":"inaniram-ki-cinay%c9%99tl%c9%99r-tor%c9%99tmis-dig%c9%99r-m%c9%99murlar-da-muvafiq-formada-c%c9%99zalandirilacaq","status":"publish","type":"post","link":"https:\/\/arantv.az\/?p=109904","title":{"rendered":"&#8220;\u0130nan\u0131ram ki, cinay\u0259tl\u0259r t\u00f6r\u0259tmi\u015f dig\u0259r m\u0259murlar da m\u00fcvafiq formada c\u0259zaland\u0131r\u0131lacaq&#8221;"},"content":{"rendered":"<blockquote><p><em><strong>R\u00fc\u015fv\u0259t\u0259, v\u0259zif\u0259 s\u0259lahiyy\u0259tl\u0259rind\u0259n sui-istifad\u0259y\u0259 g\u00f6r\u0259 saxlan\u0131lan A\u011fstafa rayonunun icra ba\u015f\u00e7\u0131s\u0131 Nizam\u0259ddin Quliyev\u0259, eyni zamanda, Yevlax\u0131n ke\u00e7mi\u015f icra ba\u015f\u00e7\u0131s\u0131 Qoca S\u0259m\u0259dova qar\u015f\u0131 g\u00f6r\u00fcl\u0259n z\u0259ruri t\u0259dbirl\u0259r h\u0259r bir m\u0259mur \u00fc\u00e7\u00fcn \u00e7ox ciddi x\u0259b\u0259rdarl\u0131qd\u0131r.<\/strong><\/em><\/p><\/blockquote>\n<p><strong>ARANTV.AZ<\/strong> x\u0259b\u0259r verir ki, bunu\u00a0<a href=\"https:\/\/az.trend.az\/\" target=\"_blank\" rel=\"noopener\">Trend<\/a>-\u0259 Milli M\u0259clisin deputat\u0131 Asim Mollazad\u0259 deyib.<\/p>\n<p>Onun s\u00f6zl\u0259rin\u0259 g\u00f6r\u0259, m\u0259murlar yaln\u0131z d\u00f6vl\u0259tin m\u00fc\u0259yy\u0259n etdiyi siyas\u0259ti h\u0259yata ke\u00e7irm\u0259lidirl\u0259r. \u018fks halda, t\u00f6r\u0259dilmi\u015f cinay\u0259tl\u0259r\u0259 g\u00f6r\u0259 qanun qar\u015f\u0131s\u0131nda cavab verm\u0259li olacaqlar:<\/p>\n<p>&#8220;Az\u0259rbaycan d\u00f6vl\u0259tin\u0259 qar\u015f\u0131 olan bir \u00e7ox cinay\u0259tl\u0259r m\u0259hz m\u0259mur \u00f6zba\u015f\u0131nal\u0131\u011f\u0131, onlar\u0131n \u00f6z m\u0259suliyy\u0259tini itirm\u0259si il\u0259 ba\u011fl\u0131d\u0131r. Bel\u0259 m\u0259murlar\u0131n t\u00f6r\u0259tdiyi \u0259m\u0259ll\u0259r d\u00f6vl\u0259t\u0259 qar\u015f\u0131 olan bir q\u0259sddir. \u0130nan\u0131ram ki, cinay\u0259tl\u0259r t\u00f6r\u0259tmi\u015f dig\u0259r m\u0259murlar da m\u00fcvafiq formada c\u0259zaland\u0131r\u0131lacaq&#8221;.<\/p>\n<p>Xat\u0131rladaq ki, A\u011fstafa Rayon \u0130cra Hakimiyy\u0259tinin ba\u015f\u00e7\u0131s\u0131 Nizam\u0259ddin Quliyev, Yevlax \u015e\u0259h\u0259r \u0130cra Hakimiyy\u0259tinin ba\u015f\u00e7\u0131s\u0131 v\u0259zif\u0259sind\u0259 i\u015fl\u0259mi\u015f Qoca S\u0259m\u0259dov v\u0259 ba\u015fqalar\u0131 v\u0259zif\u0259 s\u0259lahiyy\u0259tl\u0259rind\u0259n sui-istifad\u0259 etm\u0259, k\u00fclli miqdarda t\u0259krar r\u00fc\u015fv\u0259t alma, m\u0259nims\u0259m\u0259 v\u0259 dig\u0259r faktlara g\u00f6r\u0259 D\u00f6vl\u0259t T\u0259hl\u00fck\u0259sizliyi Xidm\u0259tind\u0259 Cinay\u0259t M\u0259c\u0259ll\u0259sinin m\u00fcvafiq madd\u0259l\u0259ri il\u0259 ba\u015flan\u0131lm\u0131\u015f cinay\u0259t i\u015fl\u0259ri \u00fczr\u0259 \u015f\u00fcbh\u0259li \u015f\u0259xs qismind\u0259 saxlan\u0131l\u0131blar.<\/p>\n<p>Haz\u0131rda i\u015f \u00fczr\u0259 cinay\u0259tin dig\u0259r i\u015ftirak\u00e7\u0131lar\u0131n\u0131n m\u00fc\u0259yy\u0259nl\u0259\u015fdiril\u0259r\u0259k istintaqa c\u0259lb olunmas\u0131 istiqam\u0259tind\u0259 z\u0259ruri istintaq-\u0259m\u0259liyyat t\u0259dbirl\u0259ri davam etdirilir.<\/p>\n<p>Nizam\u0259ddin Quliyev dekabr\u0131n 20-d\u0259 d\u00f6vl\u0259t ba\u015f\u00e7\u0131s\u0131n\u0131n s\u0259r\u0259ncam\u0131 il\u0259 tutdu\u011fu v\u0259zif\u0259d\u0259n azad edilib.<\/p>\n","protected":false},"excerpt":{"rendered":"<p>R\u00fc\u015fv\u0259t\u0259, v\u0259zif\u0259 s\u0259lahiyy\u0259tl\u0259rind\u0259n sui-istifad\u0259y\u0259 g\u00f6r\u0259 saxlan\u0131lan A\u011fstafa rayonunun icra ba\u015f\u00e7\u0131s\u0131 Nizam\u0259ddin Quliyev\u0259, eyni zamanda, Yevlax\u0131n ke\u00e7mi\u015f icra ba\u015f\u00e7\u0131s\u0131 Qoca S\u0259m\u0259dova qar\u015f\u0131 g\u00f6r\u00fcl\u0259n z\u0259ruri t\u0259dbirl\u0259r h\u0259r bir m\u0259mur \u00fc\u00e7\u00fcn \u00e7ox ciddi x\u0259b\u0259rdarl\u0131qd\u0131r. ARANTV.AZ x\u0259b\u0259r verir ki, bunu\u00a0Trend-\u0259 Milli M\u0259clisin deputat\u0131 Asim Mollazad\u0259 deyib. Onun s\u00f6zl\u0259rin\u0259 g\u00f6r\u0259, m\u0259murlar yaln\u0131z d\u00f6vl\u0259tin m\u00fc\u0259yy\u0259n etdiyi siyas\u0259ti h\u0259yata ke\u00e7irm\u0259lidirl\u0259r. \u018fks halda, t\u00f6r\u0259dilmi\u015f cinay\u0259tl\u0259r\u0259 g\u00f6r\u0259 qanun qar\u015f\u0131s\u0131nda cavab verm\u0259li olacaqlar: &#8220;Az\u0259rbaycan d\u00f6vl\u0259tin\u0259 qar\u015f\u0131 olan bir \u00e7ox cinay\u0259tl\u0259r m\u0259hz m\u0259mur \u00f6zba\u015f\u0131nal\u0131\u011f\u0131, onlar\u0131n \u00f6z m\u0259suliyy\u0259tini itirm\u0259si il\u0259 ba\u011fl\u0131d\u0131r. Bel\u0259 m\u0259murlar\u0131n t\u00f6r\u0259tdiyi \u0259m\u0259ll\u0259r d\u00f6vl\u0259t\u0259 qar\u015f\u0131 olan bir q\u0259sddir. \u0130nan\u0131ram ki,&hellip;<\/p>\n","protected":false},"author":2,"featured_media":109905,"comment_status":"closed","ping_status":"closed","sticky":false,"template":"","format":"standard","meta":{"om_disable_all_campaigns":false,"_monsterinsights_skip_tracking":false,"_monsterinsights_sitenote_active":false,"_monsterinsights_sitenote_note":"","_monsterinsights_sitenote_category":0},"categories":[4],"tags":[],"aioseo_notices":[],"gutentor_comment":0,"rttpg_featured_image_url":{"full":["https:\/\/arantv.az\/wp-content\/uploads\/2019\/12\/812038.jpg",800,600,false],"landscape":["https:\/\/arantv.az\/wp-content\/uploads\/2019\/12\/812038.jpg",800,600,false],"portraits":["https:\/\/arantv.az\/wp-content\/uploads\/2019\/12\/812038.jpg",800,600,false],"thumbnail":["https:\/\/arantv.az\/wp-content\/uploads\/2019\/12\/812038-150x150.jpg",150,150,true],"medium":["https:\/\/arantv.az\/wp-content\/uploads\/2019\/12\/812038-300x225.jpg",300,225,true],"large":["https:\/\/arantv.az\/wp-content\/uploads\/2019\/12\/812038.jpg",640,480,false],"1536x1536":["https:\/\/arantv.az\/wp-content\/uploads\/2019\/12\/812038.jpg",800,600,false],"2048x2048":["https:\/\/arantv.az\/wp-content\/uploads\/2019\/12\/812038.jpg",800,600,false],"post-thumbnail":["https:\/\/arantv.az\/wp-content\/uploads\/2019\/12\/812038-240x172.jpg",240,172,true],"advps-thumb-one":["https:\/\/arantv.az\/wp-content\/uploads\/2019\/12\/812038.jpg",800,600,false]},"rttpg_author":{"display_name":"V\u00fcsal Rafiqo\u011flu","author_link":"https:\/\/arantv.az\/?author=2"},"rttpg_comment":0,"rttpg_category":"<a href=\"https:\/\/arantv.az\/?cat=4\" rel=\"category\">Siyas\u0259t<\/a>","rttpg_excerpt":"R\u00fc\u015fv\u0259t\u0259, v\u0259zif\u0259 s\u0259lahiyy\u0259tl\u0259rind\u0259n sui-istifad\u0259y\u0259 g\u00f6r\u0259 saxlan\u0131lan A\u011fstafa rayonunun icra ba\u015f\u00e7\u0131s\u0131 Nizam\u0259ddin Quliyev\u0259, eyni zamanda, Yevlax\u0131n ke\u00e7mi\u015f icra ba\u015f\u00e7\u0131s\u0131 Qoca S\u0259m\u0259dova qar\u015f\u0131 g\u00f6r\u00fcl\u0259n z\u0259ruri t\u0259dbirl\u0259r h\u0259r bir m\u0259mur \u00fc\u00e7\u00fcn \u00e7ox ciddi x\u0259b\u0259rdarl\u0131qd\u0131r. ARANTV.AZ x\u0259b\u0259r verir ki, bunu\u00a0Trend-\u0259 Milli M\u0259clisin deputat\u0131 Asim Mollazad\u0259 deyib. Onun s\u00f6zl\u0259rin\u0259 g\u00f6r\u0259, m\u0259murlar yaln\u0131z d\u00f6vl\u0259tin m\u00fc\u0259yy\u0259n etdiyi siyas\u0259ti h\u0259yata ke\u00e7irm\u0259lidirl\u0259r. \u018fks halda,&hellip;","_links":{"self":[{"href":"https:\/\/arantv.az\/index.php?rest_route=\/wp\/v2\/posts\/109904"}],"collection":[{"href":"https:\/\/arantv.az\/index.php?rest_route=\/wp\/v2\/posts"}],"about":[{"href":"https:\/\/arantv.az\/index.php?rest_route=\/wp\/v2\/types\/post"}],"author":[{"embeddable":true,"href":"https:\/\/arantv.az\/index.php?rest_route=\/wp\/v2\/users\/2"}],"replies":[{"embeddable":true,"href":"https:\/\/arantv.az\/index.php?rest_route=%2Fwp%2Fv2%2Fcomments&post=109904"}],"version-history":[{"count":0,"href":"https:\/\/arantv.az\/index.php?rest_route=\/wp\/v2\/posts\/109904\/revisions"}],"wp:featuredmedia":[{"embeddable":true,"href":"https:\/\/arantv.az\/index.php?rest_route=\/wp\/v2\/media\/109905"}],"wp:attachment":[{"href":"https:\/\/arantv.az\/index.php?rest_route=%2Fwp%2Fv2%2Fmedia&parent=109904"}],"wp:term":[{"taxonomy":"category","embeddable":true,"href":"https:\/\/arantv.az\/index.php?rest_route=%2Fwp%2Fv2%2Fcategories&post=109904"},{"taxonomy":"post_tag","embeddable":true,"href":"https:\/\/arantv.az\/index.php?rest_route=%2Fwp%2Fv2%2Ftags&post=109904"}],"curies":[{"name":"wp","href":"https:\/\/api.w.org\/{rel}","templated":true}]}}