{"id":109908,"date":"2019-12-20T14:17:36","date_gmt":"2019-12-20T11:17:36","guid":{"rendered":"http:\/\/arantv.az\/?p=109908"},"modified":"2019-12-20T14:17:36","modified_gmt":"2019-12-20T11:17:36","slug":"qida-t%c9%99hluk%c9%99sizliyi-haqqinda-qanun-layih%c9%99si-yaxinlarda-muvafiq-qurumlara-t%c9%99qdim-olunacaq","status":"publish","type":"post","link":"https:\/\/arantv.az\/?p=109908","title":{"rendered":"&#8220;Qida t\u0259hl\u00fck\u0259sizliyi haqq\u0131nda&#8221; qanun layih\u0259si yax\u0131nlarda m\u00fcvafiq qurumlara t\u0259qdim olunacaq"},"content":{"rendered":"<blockquote><p><em><strong>&#8220;Qida t\u0259hl\u00fck\u0259sizliyi haqq\u0131nda&#8221; qanun layih\u0259si yax\u0131nlarda m\u00fcvafiq qurumlara t\u0259qdim olunacaq.<\/strong><\/em><\/p><\/blockquote>\n<p><strong>ARANTV.AZ<\/strong>\u00a0\u00a0<a href=\"https:\/\/az.trend.az\/\" target=\"_blank\" rel=\"noopener\">Trend<\/a>-\u0259 istinad\u0259n x\u0259b\u0259r verir ki, bunu Az\u0259rbaycan Qida T\u0259hl\u00fck\u0259sizliyi Agentliyinin (AQTA) s\u0259dri Qo\u015fqar T\u0259hm\u0259zli Xarici Ticar\u0259t \u0130\u015ftirak\u00e7\u0131lar\u0131n\u0131n 2-ci Respublika Forumunda deyib.<\/p>\n<p>Onun s\u00f6zl\u0259rin\u0259 g\u00f6r\u0259, h\u00f6kum\u0259td\u0259 t\u0259msil olunan qurumlar\u0131n, m\u00fcxt\u0259lif ictimai t\u0259\u015fkilatlar\u0131n, sahibkarlar\u0131n, eyni zamanda beyn\u0259lxalq ekspertl\u0259rin r\u0259y verdikl\u0259ri m\u00fck\u0259mm\u0259l bir qanun layih\u0259si haz\u0131rlan\u0131b:<\/p>\n<p>&#8220;H\u0259min s\u0259n\u0259dd\u0259 Az\u0259rbaycan\u0131n ixrac olunan m\u0259hsullar\u0131n\u0131n ist\u0259r heyvan, ist\u0259rs\u0259 bitki m\u0259n\u015f\u0259lli, ist\u0259rs\u0259 d\u0259 dig\u0259r xarakterli m\u0259hsullar\u0131n g\u00f6st\u0259ricil\u0259ri \u00f6z \u0259ksini tapacaq. Y\u0259ni, bir s\u0259n\u0259d \u00fcz\u0259rind\u0259 h\u0259m m\u0259hsulun baytarl\u0131q, h\u0259m fitosanitar, eyni zamanda dig\u0259r sa\u011flaml\u0131q g\u00f6st\u0259ricil\u0259ri d\u0259 \u0259ks olunacaq&#8221;.<br \/>\nQeyd ed\u0259k ki, bu g\u00fcn Bak\u0131da &#8220;Xarici ticar\u0259t i\u015ftirak\u00e7\u0131lar\u0131n\u0131n II Respublika Forumu&#8221; ke\u00e7irilir. Forumda 900-\u0259 yax\u0131n sahibkar i\u015ftirak edir. Forumda D\u00f6vl\u0259t G\u00f6mr\u00fck Komit\u0259sinin s\u0259dri S\u0259f\u0259r Mehdiyev, K\u0259nd T\u0259s\u0259rr\u00fcfat\u0131 naziri \u0130nam K\u0259rimov, Az\u0259rbaycan Qida T\u0259hl\u00fck\u0259sizliyi Agentliyinin s\u0259dri Qo\u015fqar T\u0259hm\u0259zli v\u0259 ba\u015fqa r\u0259smi \u015f\u0259xsl\u0259r i\u015ftirak edir.<\/p>\n","protected":false},"excerpt":{"rendered":"<p>&#8220;Qida t\u0259hl\u00fck\u0259sizliyi haqq\u0131nda&#8221; qanun layih\u0259si yax\u0131nlarda m\u00fcvafiq qurumlara t\u0259qdim olunacaq. ARANTV.AZ\u00a0\u00a0Trend-\u0259 istinad\u0259n x\u0259b\u0259r verir ki, bunu Az\u0259rbaycan Qida T\u0259hl\u00fck\u0259sizliyi Agentliyinin (AQTA) s\u0259dri Qo\u015fqar T\u0259hm\u0259zli Xarici Ticar\u0259t \u0130\u015ftirak\u00e7\u0131lar\u0131n\u0131n 2-ci Respublika Forumunda deyib. Onun s\u00f6zl\u0259rin\u0259 g\u00f6r\u0259, h\u00f6kum\u0259td\u0259 t\u0259msil olunan qurumlar\u0131n, m\u00fcxt\u0259lif ictimai t\u0259\u015fkilatlar\u0131n, sahibkarlar\u0131n, eyni zamanda beyn\u0259lxalq ekspertl\u0259rin r\u0259y verdikl\u0259ri m\u00fck\u0259mm\u0259l bir qanun layih\u0259si haz\u0131rlan\u0131b: &#8220;H\u0259min s\u0259n\u0259dd\u0259 Az\u0259rbaycan\u0131n ixrac olunan m\u0259hsullar\u0131n\u0131n ist\u0259r heyvan, ist\u0259rs\u0259 bitki m\u0259n\u015f\u0259lli, ist\u0259rs\u0259 d\u0259 dig\u0259r xarakterli m\u0259hsullar\u0131n g\u00f6st\u0259ricil\u0259ri \u00f6z \u0259ksini tapacaq. Y\u0259ni, bir s\u0259n\u0259d \u00fcz\u0259rind\u0259 h\u0259m m\u0259hsulun baytarl\u0131q, h\u0259m fitosanitar, eyni zamanda dig\u0259r sa\u011flaml\u0131q g\u00f6st\u0259ricil\u0259ri d\u0259 \u0259ks olunacaq&#8221;.&hellip;<\/p>\n","protected":false},"author":2,"featured_media":109909,"comment_status":"closed","ping_status":"closed","sticky":false,"template":"","format":"standard","meta":{"om_disable_all_campaigns":false,"_monsterinsights_skip_tracking":false,"_monsterinsights_sitenote_active":false,"_monsterinsights_sitenote_note":"","_monsterinsights_sitenote_category":0},"categories":[1],"tags":[],"aioseo_notices":[],"gutentor_comment":0,"rttpg_featured_image_url":{"full":["https:\/\/arantv.az\/wp-content\/uploads\/2019\/12\/811994.jpg",800,600,false],"landscape":["https:\/\/arantv.az\/wp-content\/uploads\/2019\/12\/811994.jpg",800,600,false],"portraits":["https:\/\/arantv.az\/wp-content\/uploads\/2019\/12\/811994.jpg",800,600,false],"thumbnail":["https:\/\/arantv.az\/wp-content\/uploads\/2019\/12\/811994-150x150.jpg",150,150,true],"medium":["https:\/\/arantv.az\/wp-content\/uploads\/2019\/12\/811994-300x225.jpg",300,225,true],"large":["https:\/\/arantv.az\/wp-content\/uploads\/2019\/12\/811994.jpg",640,480,false],"1536x1536":["https:\/\/arantv.az\/wp-content\/uploads\/2019\/12\/811994.jpg",800,600,false],"2048x2048":["https:\/\/arantv.az\/wp-content\/uploads\/2019\/12\/811994.jpg",800,600,false],"post-thumbnail":["https:\/\/arantv.az\/wp-content\/uploads\/2019\/12\/811994-240x172.jpg",240,172,true],"advps-thumb-one":["https:\/\/arantv.az\/wp-content\/uploads\/2019\/12\/811994.jpg",800,600,false]},"rttpg_author":{"display_name":"V\u00fcsal Rafiqo\u011flu","author_link":"https:\/\/arantv.az\/?author=2"},"rttpg_comment":0,"rttpg_category":"<a href=\"https:\/\/arantv.az\/?cat=1\" rel=\"category\">C\u0259miyy\u0259t<\/a>","rttpg_excerpt":"&#8220;Qida t\u0259hl\u00fck\u0259sizliyi haqq\u0131nda&#8221; qanun layih\u0259si yax\u0131nlarda m\u00fcvafiq qurumlara t\u0259qdim olunacaq. ARANTV.AZ\u00a0\u00a0Trend-\u0259 istinad\u0259n x\u0259b\u0259r verir ki, bunu Az\u0259rbaycan Qida T\u0259hl\u00fck\u0259sizliyi Agentliyinin (AQTA) s\u0259dri Qo\u015fqar T\u0259hm\u0259zli Xarici Ticar\u0259t \u0130\u015ftirak\u00e7\u0131lar\u0131n\u0131n 2-ci Respublika Forumunda deyib. Onun s\u00f6zl\u0259rin\u0259 g\u00f6r\u0259, h\u00f6kum\u0259td\u0259 t\u0259msil olunan qurumlar\u0131n, m\u00fcxt\u0259lif ictimai t\u0259\u015fkilatlar\u0131n, sahibkarlar\u0131n, eyni zamanda beyn\u0259lxalq ekspertl\u0259rin r\u0259y verdikl\u0259ri m\u00fck\u0259mm\u0259l bir qanun layih\u0259si haz\u0131rlan\u0131b: &#8220;H\u0259min s\u0259n\u0259dd\u0259&hellip;","_links":{"self":[{"href":"https:\/\/arantv.az\/index.php?rest_route=\/wp\/v2\/posts\/109908"}],"collection":[{"href":"https:\/\/arantv.az\/index.php?rest_route=\/wp\/v2\/posts"}],"about":[{"href":"https:\/\/arantv.az\/index.php?rest_route=\/wp\/v2\/types\/post"}],"author":[{"embeddable":true,"href":"https:\/\/arantv.az\/index.php?rest_route=\/wp\/v2\/users\/2"}],"replies":[{"embeddable":true,"href":"https:\/\/arantv.az\/index.php?rest_route=%2Fwp%2Fv2%2Fcomments&post=109908"}],"version-history":[{"count":0,"href":"https:\/\/arantv.az\/index.php?rest_route=\/wp\/v2\/posts\/109908\/revisions"}],"wp:featuredmedia":[{"embeddable":true,"href":"https:\/\/arantv.az\/index.php?rest_route=\/wp\/v2\/media\/109909"}],"wp:attachment":[{"href":"https:\/\/arantv.az\/index.php?rest_route=%2Fwp%2Fv2%2Fmedia&parent=109908"}],"wp:term":[{"taxonomy":"category","embeddable":true,"href":"https:\/\/arantv.az\/index.php?rest_route=%2Fwp%2Fv2%2Fcategories&post=109908"},{"taxonomy":"post_tag","embeddable":true,"href":"https:\/\/arantv.az\/index.php?rest_route=%2Fwp%2Fv2%2Ftags&post=109908"}],"curies":[{"name":"wp","href":"https:\/\/api.w.org\/{rel}","templated":true}]}}