{"id":109920,"date":"2019-12-20T14:21:21","date_gmt":"2019-12-20T11:21:21","guid":{"rendered":"http:\/\/arantv.az\/?p=109920"},"modified":"2019-12-20T14:21:21","modified_gmt":"2019-12-20T11:21:21","slug":"2-ay-onc%c9%99-mat-olan-pasinyani-%c9%99liyevl%c9%99-c%c9%99tin-sam-yem%c9%99yi-gozl%c9%99yir","status":"publish","type":"post","link":"https:\/\/arantv.az\/?p=109920","title":{"rendered":"2 ay \u00f6nc\u0259 mat olan Pa\u015finyan\u0131 \u018fliyevl\u0259 \u00e7\u0259tin \u015fam yem\u0259yi g\u00f6zl\u0259yir"},"content":{"rendered":"<p><strong>Bu g\u00fcn Sankt-Peterburqda MDB d\u00f6vl\u0259t ba\u015f\u00e7\u0131lar\u0131n\u0131n qeyri-r\u0259smi sammiti ke\u00e7iril\u0259c\u0259k.<\/p>\n<p><\/strong><b>ARANTV.AZ\u00a0<\/b>x\u0259b\u0259r verir ki, Az\u0259rbaycan Prezidenti \u0130lham \u018fliyev rusiyal\u0131 h\u0259mkar\u0131 Vladimir Putinin d\u0259v\u0259ti il\u0259 sammitd\u0259 i\u015ftirak ed\u0259c\u0259k.<\/p>\n<p>M\u00fcmk\u00fcnd\u00fcr ki, sammit \u00e7\u0259r\u00e7iv\u0259sind\u0259 Az\u0259rbaycan liderinin Erm\u0259nistan\u0131n ba\u015f naziri Nikol Pa\u015finyanla hans\u0131sa t\u0259maslar\u0131 olsun, lakin r\u0259smi olaraq, iki \u00f6lk\u0259nin r\u0259hb\u0259rinin g\u00f6r\u00fc\u015f\u00fc g\u00f6zl\u0259nilmir.<\/p>\n<p>Erm\u0259nistan\u0131n ba\u015f nazirinin m\u0259tbuat xidm\u0259tinin r\u0259hb\u0259ri Vladimir Karapetyan da bildirib ki, Prezident \u0130lham \u018fliyevl\u0259 ba\u015f nazir Nikol Pa\u015finyan\u0131n g\u00f6r\u00fc\u015f\u00fc planla\u015fd\u0131r\u0131lmay\u0131b.<\/p>\n<p>\u201cLakin h\u0259r iki liderin i\u015ftirak\u0131 il\u0259 r\u0259smi \u015fam yem\u0259yi olacaq\u201d, &#8211; Karapetyan qeyd edib.<\/p>\n<p>Qeyd ed\u0259k ki, Az\u0259rbaycan v\u0259 Erm\u0259nistan r\u0259hb\u0259rl\u0259rinin sonuncu t\u0259mas\u0131 oktyabrda A\u015fqabadda ke\u00e7iril\u0259n MDB d\u00f6vl\u0259t ba\u015f\u00e7\u0131lar\u0131n\u0131n zirv\u0259 g\u00f6r\u00fc\u015f\u00fcnd\u0259 olmu\u015fdu. H\u0259min g\u00f6r\u00fc\u015fd\u0259 Prezident \u0130lham \u018fliyev Erm\u0259nistan\u0131n Qaregin Njdenin timsal\u0131nda fa\u015fizmi q\u0259hr\u0259manla\u015fd\u0131rmas\u0131na diqq\u0259t \u00e7\u0259kmi\u015f v\u0259 masa arxas\u0131nda \u0259yl\u0259\u015f\u0259n Pa\u015finyan\u0131 \u201cmat v\u0259ziyy\u0259tin\u0259\u201d salm\u0131\u015fd\u0131. Az\u0259rbaycan liderinin bu \u00e7\u0131x\u0131\u015f\u0131ndan sonra MDB-d\u0259, x\u00fcsusil\u0259 Rusiyada Njdenin q\u0259hr\u0259manla\u015fd\u0131r\u0131lmas\u0131na qar\u015f\u0131 ictimai etiraz dal\u011fas\u0131 ba\u015fland\u0131. Bu hadis\u0259l\u0259r kontekstind\u0259 bu g\u00fcn Pa\u015finyan\u0131 \u00e7\u0259tin \u015fam yem\u0259yi g\u00f6zl\u0259diyini dey\u0259 bil\u0259rik. Mararaql\u0131d\u0131r, Az\u0259rbaycan lideri Erm\u0259nistan r\u0259hb\u0259rliyin\u0259 bu d\u0259f\u0259 hans\u0131 z\u0259rb\u0259ni vuracaq? Erm\u0259nistan medias\u0131nda bu istiqam\u0259td\u0259 m\u00fczakir\u0259l\u0259r apar\u0131l\u0131r.Publika.az<\/p>\n","protected":false},"excerpt":{"rendered":"<p>Bu g\u00fcn Sankt-Peterburqda MDB d\u00f6vl\u0259t ba\u015f\u00e7\u0131lar\u0131n\u0131n qeyri-r\u0259smi sammiti ke\u00e7iril\u0259c\u0259k. ARANTV.AZ\u00a0x\u0259b\u0259r verir ki, Az\u0259rbaycan Prezidenti \u0130lham \u018fliyev rusiyal\u0131 h\u0259mkar\u0131 Vladimir Putinin d\u0259v\u0259ti il\u0259 sammitd\u0259 i\u015ftirak ed\u0259c\u0259k. M\u00fcmk\u00fcnd\u00fcr ki, sammit \u00e7\u0259r\u00e7iv\u0259sind\u0259 Az\u0259rbaycan liderinin Erm\u0259nistan\u0131n ba\u015f naziri Nikol Pa\u015finyanla hans\u0131sa t\u0259maslar\u0131 olsun, lakin r\u0259smi olaraq, iki \u00f6lk\u0259nin r\u0259hb\u0259rinin g\u00f6r\u00fc\u015f\u00fc g\u00f6zl\u0259nilmir. Erm\u0259nistan\u0131n ba\u015f nazirinin m\u0259tbuat xidm\u0259tinin r\u0259hb\u0259ri Vladimir Karapetyan da bildirib ki, Prezident \u0130lham \u018fliyevl\u0259 ba\u015f nazir Nikol Pa\u015finyan\u0131n g\u00f6r\u00fc\u015f\u00fc planla\u015fd\u0131r\u0131lmay\u0131b. \u201cLakin h\u0259r iki liderin i\u015ftirak\u0131 il\u0259 r\u0259smi \u015fam yem\u0259yi olacaq\u201d, &#8211; Karapetyan qeyd edib. Qeyd ed\u0259k ki, Az\u0259rbaycan v\u0259 Erm\u0259nistan r\u0259hb\u0259rl\u0259rinin sonuncu t\u0259mas\u0131&hellip;<\/p>\n","protected":false},"author":2,"featured_media":109921,"comment_status":"closed","ping_status":"closed","sticky":false,"template":"","format":"standard","meta":{"om_disable_all_campaigns":false,"_monsterinsights_skip_tracking":false,"_monsterinsights_sitenote_active":false,"_monsterinsights_sitenote_note":"","_monsterinsights_sitenote_category":0},"categories":[4],"tags":[],"aioseo_notices":[],"gutentor_comment":0,"rttpg_featured_image_url":{"full":["https:\/\/arantv.az\/wp-content\/uploads\/2019\/12\/eliyev-pasinyan.jpg",800,450,false],"landscape":["https:\/\/arantv.az\/wp-content\/uploads\/2019\/12\/eliyev-pasinyan.jpg",800,450,false],"portraits":["https:\/\/arantv.az\/wp-content\/uploads\/2019\/12\/eliyev-pasinyan.jpg",800,450,false],"thumbnail":["https:\/\/arantv.az\/wp-content\/uploads\/2019\/12\/eliyev-pasinyan-150x150.jpg",150,150,true],"medium":["https:\/\/arantv.az\/wp-content\/uploads\/2019\/12\/eliyev-pasinyan-300x169.jpg",300,169,true],"large":["https:\/\/arantv.az\/wp-content\/uploads\/2019\/12\/eliyev-pasinyan.jpg",640,360,false],"1536x1536":["https:\/\/arantv.az\/wp-content\/uploads\/2019\/12\/eliyev-pasinyan.jpg",800,450,false],"2048x2048":["https:\/\/arantv.az\/wp-content\/uploads\/2019\/12\/eliyev-pasinyan.jpg",800,450,false],"post-thumbnail":["https:\/\/arantv.az\/wp-content\/uploads\/2019\/12\/eliyev-pasinyan-240x172.jpg",240,172,true],"advps-thumb-one":["https:\/\/arantv.az\/wp-content\/uploads\/2019\/12\/eliyev-pasinyan.jpg",800,450,false]},"rttpg_author":{"display_name":"V\u00fcsal Rafiqo\u011flu","author_link":"https:\/\/arantv.az\/?author=2"},"rttpg_comment":0,"rttpg_category":"<a href=\"https:\/\/arantv.az\/?cat=4\" rel=\"category\">Siyas\u0259t<\/a>","rttpg_excerpt":"Bu g\u00fcn Sankt-Peterburqda MDB d\u00f6vl\u0259t ba\u015f\u00e7\u0131lar\u0131n\u0131n qeyri-r\u0259smi sammiti ke\u00e7iril\u0259c\u0259k. ARANTV.AZ\u00a0x\u0259b\u0259r verir ki, Az\u0259rbaycan Prezidenti \u0130lham \u018fliyev rusiyal\u0131 h\u0259mkar\u0131 Vladimir Putinin d\u0259v\u0259ti il\u0259 sammitd\u0259 i\u015ftirak ed\u0259c\u0259k. M\u00fcmk\u00fcnd\u00fcr ki, sammit \u00e7\u0259r\u00e7iv\u0259sind\u0259 Az\u0259rbaycan liderinin Erm\u0259nistan\u0131n ba\u015f naziri Nikol Pa\u015finyanla hans\u0131sa t\u0259maslar\u0131 olsun, lakin r\u0259smi olaraq, iki \u00f6lk\u0259nin r\u0259hb\u0259rinin g\u00f6r\u00fc\u015f\u00fc g\u00f6zl\u0259nilmir. Erm\u0259nistan\u0131n ba\u015f nazirinin m\u0259tbuat xidm\u0259tinin r\u0259hb\u0259ri Vladimir Karapetyan&hellip;","_links":{"self":[{"href":"https:\/\/arantv.az\/index.php?rest_route=\/wp\/v2\/posts\/109920"}],"collection":[{"href":"https:\/\/arantv.az\/index.php?rest_route=\/wp\/v2\/posts"}],"about":[{"href":"https:\/\/arantv.az\/index.php?rest_route=\/wp\/v2\/types\/post"}],"author":[{"embeddable":true,"href":"https:\/\/arantv.az\/index.php?rest_route=\/wp\/v2\/users\/2"}],"replies":[{"embeddable":true,"href":"https:\/\/arantv.az\/index.php?rest_route=%2Fwp%2Fv2%2Fcomments&post=109920"}],"version-history":[{"count":0,"href":"https:\/\/arantv.az\/index.php?rest_route=\/wp\/v2\/posts\/109920\/revisions"}],"wp:featuredmedia":[{"embeddable":true,"href":"https:\/\/arantv.az\/index.php?rest_route=\/wp\/v2\/media\/109921"}],"wp:attachment":[{"href":"https:\/\/arantv.az\/index.php?rest_route=%2Fwp%2Fv2%2Fmedia&parent=109920"}],"wp:term":[{"taxonomy":"category","embeddable":true,"href":"https:\/\/arantv.az\/index.php?rest_route=%2Fwp%2Fv2%2Fcategories&post=109920"},{"taxonomy":"post_tag","embeddable":true,"href":"https:\/\/arantv.az\/index.php?rest_route=%2Fwp%2Fv2%2Ftags&post=109920"}],"curies":[{"name":"wp","href":"https:\/\/api.w.org\/{rel}","templated":true}]}}