{"id":109948,"date":"2019-12-20T14:47:01","date_gmt":"2019-12-20T11:47:01","guid":{"rendered":"http:\/\/arantv.az\/?p=109948"},"modified":"2019-12-20T14:47:01","modified_gmt":"2019-12-20T11:47:01","slug":"s%c9%99hid-ail%c9%99l%c9%99rin%c9%99-v%c9%99-qarabag-muharib%c9%99si-%c9%99lill%c9%99rin%c9%99-m%c9%99nzill%c9%99r-verildi-foto","status":"publish","type":"post","link":"https:\/\/arantv.az\/?p=109948","title":{"rendered":"\u015e\u0259hid ail\u0259l\u0259rin\u0259 v\u0259 Qaraba\u011f m\u00fcharib\u0259si \u0259lill\u0259rin\u0259 m\u0259nzill\u0259r verildi &#8211; FOTO"},"content":{"rendered":"<p>\u018fm\u0259k v\u0259 \u018fhalinin Sosial M\u00fcdafi\u0259si Nazirliyi t\u0259r\u0259find\u0259n bu g\u00fcn Ab\u015feron rayonunun M\u0259mm\u0259dli k\u0259ndind\u0259 bir qrup \u015f\u0259hid ail\u0259sin\u0259 v\u0259 \u00f6lk\u0259mizin \u0259razi b\u00fct\u00f6vl\u00fcy\u00fcn\u00fcn, m\u00fcst\u0259qilliyinin v\u0259 konstitusiya qurulu\u015funun m\u00fcdafi\u0259si il\u0259 \u0259laq\u0259dar \u0259lil olmu\u015f v\u0259t\u0259nda\u015flara yeni m\u0259nzill\u0259r t\u0259qdim edilib.<\/p>\n<p><b>ARANTV.AZ\u00a0<\/b>x\u0259b\u0259r verir ki, bununla da qeyd olunan kateqoriyalardan olan v\u0259t\u0259nda\u015flara bu g\u00fcn Bak\u0131n\u0131n Qarada\u011f rayonunda v\u0259 Ab\u015feron rayonunda \u00fcmumilikd\u0259 30 m\u0259nzil verilib.<\/p>\n<p>Ab\u015feron rayonunda m\u0259nzill\u0259rin t\u0259qdim edilm\u0259si t\u0259dbirind\u0259 \u018fm\u0259k v\u0259 \u018fhalinin Sosial M\u00fcdafi\u0259si nazirinin m\u00fcavini Anar K\u0259rimov vur\u011fulay\u0131b ki, Prezident \u0130lham \u018fliyevin tap\u015f\u0131r\u0131\u011f\u0131 \u0259sas\u0131nda sosial c\u0259h\u0259td\u0259n h\u0259ssas qruplara qay\u011f\u0131 daim art\u0131r\u0131l\u0131r.<\/p>\n<div id=\"AdviadNativeVideo0\" class=\"AdviadNativeVideo\"><\/div>\n<p>Habel\u0259\u00a0\u00f6lk\u0259mizin \u0259razi b\u00fct\u00f6vl\u00fcy\u00fcn\u00fcn, m\u00fcst\u0259qilliyinin v\u0259 konstitusiya qurulu\u015funun m\u00fcdafi\u0259si u\u011frunda d\u00f6y\u00fc\u015fl\u0259rd\u0259 \u015f\u0259hid olmu\u015f insanlar\u0131n ail\u0259l\u0259rinin, bu d\u00f6y\u00fc\u015fl\u0259rd\u0259 \u0259lil olmu\u015f \u015f\u0259xsl\u0259rin m\u0259nzill\u0259 t\u0259minat\u0131 i\u015fl\u0259ri ild\u0259n-il\u0259 g\u00fccl\u0259ndirilir.<\/p>\n<p>Nazir m\u00fcavini deyib ki, \u00f6t\u0259n il bu kateqoriyadan olan v\u0259t\u0259nda\u015flara n\u0259z\u0259rd\u0259 tutuldu\u011fundan \u00fc\u00e7\u00a0d\u0259f\u0259 \u00e7ox olmaqla 626 m\u0259nzil verilmi\u015fdis\u0259, cari ild\u0259 bundan 50 faiz\u0259d\u0259k \u00e7ox olmaqla 934 m\u0259nzil v\u0259 f\u0259rdi ev verilm\u0259si n\u0259z\u0259rd\u0259 tutulub, onlardan art\u0131q b\u00f6y\u00fck \u0259ks\u0259riyy\u0259ti art\u0131q t\u0259qdim olunub. \u0130ndiy\u0259d\u0259k nazirlik t\u0259r\u0259find\u0259n \u015f\u0259hid ail\u0259l\u0259rin\u0259 v\u0259 m\u00fcharib\u0259 \u0259lill\u0259rin\u0259 veril\u0259n m\u0259nzil v\u0259 f\u0259rdi evl\u0259rin say\u0131 art\u0131q 7208-\u0259 \u00e7at\u0131b. Qar\u015f\u0131dak\u0131 d\u00f6vrd\u0259 d\u0259 bu istiqam\u0259td\u0259 i\u015fl\u0259r u\u011furla davam etdiril\u0259c\u0259k.<\/p>\n<p>A.K\u0259rimov \u00f6lk\u0259mizin \u0259razi b\u00fct\u00f6vl\u00fcy\u00fcn\u00fcn, m\u00fcst\u0259qilliyinin v\u0259 konstitusiya qurulu\u015funun m\u00fcdafi\u0259si il\u0259 \u0259laq\u0259dar \u0259lil olmu\u015f v\u0259t\u0259nda\u015flar\u0131n avtomobill\u0259 t\u0259minat\u0131 t\u0259dbirl\u0259rind\u0259n d\u0259 b\u0259hs edib. O bildirib ki, 2018-ci ild\u0259 265 avtomobil verilibs\u0259, bu il h\u0259min insanlara 600-\u0259 yax\u0131n avtomobilin verilm\u0259si planla\u015fd\u0131r\u0131l\u0131b, onlardan da 500-\u0259 yax\u0131n\u0131 art\u0131q verilib. Qeyd olunan v\u0259t\u0259nda\u015flar\u0131n indiy\u0259d\u0259k 6465 minik avtomobili il\u0259 t\u0259minat\u0131 h\u0259yata ke\u00e7irilib.<\/p>\n<p>T\u0259dbird\u0259 2019-cu il \u0259rzind\u0259 \u00f6lk\u0259mizd\u0259 \u0259halinin sosial m\u00fcdafi\u0259sinin g\u00fccl\u0259ndirilm\u0259si, sosial \u00f6d\u0259ni\u015fl\u0259rin art\u0131r\u0131lmas\u0131 istiqam\u0259tind\u0259 at\u0131lan m\u00fch\u00fcm add\u0131mlar diqq\u0259t\u0259 \u00e7atd\u0131r\u0131l\u0131b. Cari ild\u0259 \u015f\u0259hid ail\u0259l\u0259rinin,\u00a0m\u00fcharib\u0259 \u0259lill\u0259rinin t\u0259qa\u00fcdl\u0259rinin, \u00fcmum\u0259n \u0259lilliyi olan \u015f\u0259xsl\u0259rin m\u00fcavin\u0259tl\u0259rinin d\u0259 orta hesabla 100 faiz art\u0131r\u0131ld\u0131\u011f\u0131 bildirilib.<\/p>\n<p>Qeyd ed\u0259k ki, bu g\u00fcn Ab\u015feron rayonunda m\u0259nzill\u0259 t\u0259min olunan \u015f\u0259hid ail\u0259l\u0259ri s\u0131ras\u0131nda Az\u0259rbaycan\u0131n Milli Q\u0259hr\u0259man\u0131 M\u0259tl\u0259b Quliyevin ail\u0259si d\u0259 var. Milli Q\u0259hr\u0259man\u0131n ail\u0259sin\u0259 \u00fc\u00e7otaql\u0131 m\u0259nzil t\u0259qdim edilib.<\/p>\n<p>Yeni m\u0259nzill\u0259rl\u0259 t\u0259min olunan v\u0259t\u0259nda\u015flar daim qay\u011f\u0131 il\u0259 \u0259hat\u0259 olunduqlar\u0131na v\u0259 bu qay\u011f\u0131n\u0131n davam\u0131 kimi, m\u00fcasir t\u0259l\u0259bl\u0259r\u0259 cavab ver\u0259n yeni m\u0259nzill\u0259rl\u0259 t\u0259min edildikl\u0259rin\u0259 g\u00f6r\u0259 Prezident \u0130lham \u018fliyev\u0259 d\u0259rin minn\u0259tdarl\u0131qlar\u0131n\u0131 ifad\u0259 edibl\u0259r.Oxu.Az<\/p>\n<div class=\"gallery\">\n<div class=\"gallery-i\"><img src=\"https:\/\/assets.oxu.az\/uploads\/W1siZiIsIjIwMTkvMTIvMjAvMTUvMjAvMzUvYTAwYTY3OGItMTdkNS00MTdmLWI2ZjEtYTAxYWM2YjA4ZGYxL1doYXRzQXBwIEltYWdlIDIwMTktMTItMjAgYXQgMTUuMTguNTQgKDYpLmpwZWciXSxbInAiLCJlbmNvZGUiLCJqcGciLCItcXVhbGl0eSA4MCJdLFsicCIsInRodW1iIiwiNTkweDU5MFx1MDAzZSJdXQ?sha=af7c598277c47607\" alt=\"\" \/><\/p>\n<div class=\"gallery-i-caption\"><\/div>\n<\/div>\n<div class=\"gallery-i\"><img src=\"https:\/\/assets.oxu.az\/uploads\/W1siZiIsIjIwMTkvMTIvMjAvMTUvMjAvMzUvMDRlZTBiMjItMmQ0NS00NWJlLTg2ZmYtNmZlNzc2YWM3NGI3L1doYXRzQXBwIEltYWdlIDIwMTktMTItMjAgYXQgMTUuMTguNTQgKDUpLmpwZWciXSxbInAiLCJlbmNvZGUiLCJqcGciLCItcXVhbGl0eSA4MCJdLFsicCIsInRodW1iIiwiNTkweDU5MFx1MDAzZSJdXQ?sha=7eccdf6c0ba7b0d2\" alt=\"\" \/><\/p>\n<div class=\"gallery-i-caption\"><\/div>\n<\/div>\n<div class=\"gallery-i\"><img src=\"https:\/\/assets.oxu.az\/uploads\/W1siZiIsIjIwMTkvMTIvMjAvMTUvMjAvMzUvMDljNDNlNzAtYjBiNi00ZTYyLTk3YTQtZGY1NDgwYWRkNWFkL1doYXRzQXBwIEltYWdlIDIwMTktMTItMjAgYXQgMTUuMTguNTQgKDQpLmpwZWciXSxbInAiLCJlbmNvZGUiLCJqcGciLCItcXVhbGl0eSA4MCJdLFsicCIsInRodW1iIiwiNTkweDU5MFx1MDAzZSJdXQ?sha=72428f0e7b3f2656\" alt=\"\" \/><\/p>\n<div class=\"gallery-i-caption\"><\/div>\n<\/div>\n<div class=\"gallery-i\"><img src=\"https:\/\/assets.oxu.az\/uploads\/W1siZiIsIjIwMTkvMTIvMjAvMTUvMjAvMzUvYWYxMzMwYWItNTEzMS00MDMzLWJmMDUtZDQyYzI5ZDVlYjM3L1doYXRzQXBwIEltYWdlIDIwMTktMTItMjAgYXQgMTUuMTguNTQgKDMpLmpwZWciXSxbInAiLCJlbmNvZGUiLCJqcGciLCItcXVhbGl0eSA4MCJdLFsicCIsInRodW1iIiwiNTkweDU5MFx1MDAzZSJdXQ?sha=dfbc0f5e15362d58\" alt=\"\" \/><\/p>\n<div class=\"gallery-i-caption\"><\/div>\n<\/div>\n<div class=\"gallery-i\"><img src=\"https:\/\/assets.oxu.az\/uploads\/W1siZiIsIjIwMTkvMTIvMjAvMTUvMjAvMzUvMDI1ZmU3MDUtNGE4Zi00NGVmLTkzY2YtODNhN2YwMDE0NjUxL1doYXRzQXBwIEltYWdlIDIwMTktMTItMjAgYXQgMTUuMTguNTQgKDIpLmpwZWciXSxbInAiLCJlbmNvZGUiLCJqcGciLCItcXVhbGl0eSA4MCJdLFsicCIsInRodW1iIiwiNTkweDU5MFx1MDAzZSJdXQ?sha=c5c23a19cc44c024\" alt=\"\" \/><\/p>\n<div class=\"gallery-i-caption\"><\/div>\n<\/div>\n<div class=\"gallery-i\"><img src=\"https:\/\/assets.oxu.az\/uploads\/W1siZiIsIjIwMTkvMTIvMjAvMTUvMjAvMzYvYWE5OTgyMmYtYWJmYy00OGI1LTg4MWMtODVhNjc5ZDdhYzZkL1doYXRzQXBwIEltYWdlIDIwMTktMTItMjAgYXQgMTUuMTguNTQgKDEpLmpwZWciXSxbInAiLCJlbmNvZGUiLCJqcGciLCItcXVhbGl0eSA4MCJdLFsicCIsInRodW1iIiwiNTkweDU5MFx1MDAzZSJdXQ?sha=363f7581d5ac113f\" alt=\"\" \/><\/p>\n<div class=\"gallery-i-caption\"><\/div>\n<\/div>\n<div class=\"gallery-i\"><img src=\"https:\/\/assets.oxu.az\/uploads\/W1siZiIsIjIwMTkvMTIvMjAvMTUvMjAvMzYvZjk4MzM0MTQtNDljNi00MGYwLWE0MGYtMGFiYWU1MGJiMWNjL1doYXRzQXBwIEltYWdlIDIwMTktMTItMjAgYXQgMTUuMTguNTQuanBlZyJdLFsicCIsImVuY29kZSIsImpwZyIsIi1xdWFsaXR5IDgwIl0sWyJwIiwidGh1bWIiLCI1OTB4NTkwXHUwMDNlIl1d?sha=2467f8f08f0dfe71\" alt=\"\" \/><\/div>\n<\/div>\n","protected":false},"excerpt":{"rendered":"<p>\u018fm\u0259k v\u0259 \u018fhalinin Sosial M\u00fcdafi\u0259si Nazirliyi t\u0259r\u0259find\u0259n bu g\u00fcn Ab\u015feron rayonunun M\u0259mm\u0259dli k\u0259ndind\u0259 bir qrup \u015f\u0259hid ail\u0259sin\u0259 v\u0259 \u00f6lk\u0259mizin \u0259razi b\u00fct\u00f6vl\u00fcy\u00fcn\u00fcn, m\u00fcst\u0259qilliyinin v\u0259 konstitusiya qurulu\u015funun m\u00fcdafi\u0259si il\u0259 \u0259laq\u0259dar \u0259lil olmu\u015f v\u0259t\u0259nda\u015flara yeni m\u0259nzill\u0259r t\u0259qdim edilib. ARANTV.AZ\u00a0x\u0259b\u0259r verir ki, bununla da qeyd olunan kateqoriyalardan olan v\u0259t\u0259nda\u015flara bu g\u00fcn Bak\u0131n\u0131n Qarada\u011f rayonunda v\u0259 Ab\u015feron rayonunda \u00fcmumilikd\u0259 30 m\u0259nzil verilib. Ab\u015feron rayonunda m\u0259nzill\u0259rin t\u0259qdim edilm\u0259si t\u0259dbirind\u0259 \u018fm\u0259k v\u0259 \u018fhalinin Sosial M\u00fcdafi\u0259si nazirinin m\u00fcavini Anar K\u0259rimov vur\u011fulay\u0131b ki, Prezident \u0130lham \u018fliyevin tap\u015f\u0131r\u0131\u011f\u0131 \u0259sas\u0131nda sosial c\u0259h\u0259td\u0259n h\u0259ssas qruplara qay\u011f\u0131 daim art\u0131r\u0131l\u0131r. Habel\u0259\u00a0\u00f6lk\u0259mizin \u0259razi b\u00fct\u00f6vl\u00fcy\u00fcn\u00fcn, m\u00fcst\u0259qilliyinin&hellip;<\/p>\n","protected":false},"author":2,"featured_media":109949,"comment_status":"closed","ping_status":"closed","sticky":false,"template":"","format":"standard","meta":{"om_disable_all_campaigns":false,"_monsterinsights_skip_tracking":false,"_monsterinsights_sitenote_active":false,"_monsterinsights_sitenote_note":"","_monsterinsights_sitenote_category":0},"categories":[1],"tags":[],"aioseo_notices":[],"gutentor_comment":0,"rttpg_featured_image_url":{"full":["https:\/\/arantv.az\/wp-content\/uploads\/2019\/12\/WhatsApp-Image-2019-12-20-at-15.18.54-5.jpg",620,465,false],"landscape":["https:\/\/arantv.az\/wp-content\/uploads\/2019\/12\/WhatsApp-Image-2019-12-20-at-15.18.54-5.jpg",620,465,false],"portraits":["https:\/\/arantv.az\/wp-content\/uploads\/2019\/12\/WhatsApp-Image-2019-12-20-at-15.18.54-5.jpg",620,465,false],"thumbnail":["https:\/\/arantv.az\/wp-content\/uploads\/2019\/12\/WhatsApp-Image-2019-12-20-at-15.18.54-5-150x150.jpg",150,150,true],"medium":["https:\/\/arantv.az\/wp-content\/uploads\/2019\/12\/WhatsApp-Image-2019-12-20-at-15.18.54-5-300x225.jpg",300,225,true],"large":["https:\/\/arantv.az\/wp-content\/uploads\/2019\/12\/WhatsApp-Image-2019-12-20-at-15.18.54-5.jpg",620,465,false],"1536x1536":["https:\/\/arantv.az\/wp-content\/uploads\/2019\/12\/WhatsApp-Image-2019-12-20-at-15.18.54-5.jpg",620,465,false],"2048x2048":["https:\/\/arantv.az\/wp-content\/uploads\/2019\/12\/WhatsApp-Image-2019-12-20-at-15.18.54-5.jpg",620,465,false],"post-thumbnail":["https:\/\/arantv.az\/wp-content\/uploads\/2019\/12\/WhatsApp-Image-2019-12-20-at-15.18.54-5-240x172.jpg",240,172,true],"advps-thumb-one":["https:\/\/arantv.az\/wp-content\/uploads\/2019\/12\/WhatsApp-Image-2019-12-20-at-15.18.54-5.jpg",620,465,false]},"rttpg_author":{"display_name":"V\u00fcsal Rafiqo\u011flu","author_link":"https:\/\/arantv.az\/?author=2"},"rttpg_comment":0,"rttpg_category":"<a href=\"https:\/\/arantv.az\/?cat=1\" rel=\"category\">C\u0259miyy\u0259t<\/a>","rttpg_excerpt":"\u018fm\u0259k v\u0259 \u018fhalinin Sosial M\u00fcdafi\u0259si Nazirliyi t\u0259r\u0259find\u0259n bu g\u00fcn Ab\u015feron rayonunun M\u0259mm\u0259dli k\u0259ndind\u0259 bir qrup \u015f\u0259hid ail\u0259sin\u0259 v\u0259 \u00f6lk\u0259mizin \u0259razi b\u00fct\u00f6vl\u00fcy\u00fcn\u00fcn, m\u00fcst\u0259qilliyinin v\u0259 konstitusiya qurulu\u015funun m\u00fcdafi\u0259si il\u0259 \u0259laq\u0259dar \u0259lil olmu\u015f v\u0259t\u0259nda\u015flara yeni m\u0259nzill\u0259r t\u0259qdim edilib. ARANTV.AZ\u00a0x\u0259b\u0259r verir ki, bununla da qeyd olunan kateqoriyalardan olan v\u0259t\u0259nda\u015flara bu g\u00fcn Bak\u0131n\u0131n Qarada\u011f rayonunda v\u0259 Ab\u015feron rayonunda \u00fcmumilikd\u0259 30&hellip;","_links":{"self":[{"href":"https:\/\/arantv.az\/index.php?rest_route=\/wp\/v2\/posts\/109948"}],"collection":[{"href":"https:\/\/arantv.az\/index.php?rest_route=\/wp\/v2\/posts"}],"about":[{"href":"https:\/\/arantv.az\/index.php?rest_route=\/wp\/v2\/types\/post"}],"author":[{"embeddable":true,"href":"https:\/\/arantv.az\/index.php?rest_route=\/wp\/v2\/users\/2"}],"replies":[{"embeddable":true,"href":"https:\/\/arantv.az\/index.php?rest_route=%2Fwp%2Fv2%2Fcomments&post=109948"}],"version-history":[{"count":0,"href":"https:\/\/arantv.az\/index.php?rest_route=\/wp\/v2\/posts\/109948\/revisions"}],"wp:featuredmedia":[{"embeddable":true,"href":"https:\/\/arantv.az\/index.php?rest_route=\/wp\/v2\/media\/109949"}],"wp:attachment":[{"href":"https:\/\/arantv.az\/index.php?rest_route=%2Fwp%2Fv2%2Fmedia&parent=109948"}],"wp:term":[{"taxonomy":"category","embeddable":true,"href":"https:\/\/arantv.az\/index.php?rest_route=%2Fwp%2Fv2%2Fcategories&post=109948"},{"taxonomy":"post_tag","embeddable":true,"href":"https:\/\/arantv.az\/index.php?rest_route=%2Fwp%2Fv2%2Ftags&post=109948"}],"curies":[{"name":"wp","href":"https:\/\/api.w.org\/{rel}","templated":true}]}}