{"id":109952,"date":"2019-12-20T14:48:17","date_gmt":"2019-12-20T11:48:17","guid":{"rendered":"http:\/\/arantv.az\/?p=109952"},"modified":"2019-12-20T14:48:17","modified_gmt":"2019-12-20T11:48:17","slug":"az%c9%99rbaycanin-h%c9%99yata-kecirdiyi-butun-enerji-layih%c9%99l%c9%99ri-%c9%99srin-on%c9%99mli-layih%c9%99l%c9%99ridir-hulusi-kilic","status":"publish","type":"post","link":"https:\/\/arantv.az\/?p=109952","title":{"rendered":"Az\u0259rbaycan\u0131n h\u0259yata ke\u00e7irdiyi b\u00fct\u00fcn enerji layih\u0259l\u0259ri \u0259srin \u00f6n\u0259mli layih\u0259l\u0259ridir &#8211; Hulusi K\u0131l\u0131\u00e7"},"content":{"rendered":"<p>&#8220;Az\u0259rbaycan\u0131n h\u0259yata ke\u00e7irdiyi b\u00fct\u00fcn enerji layih\u0259l\u0259ri \u0259srin \u00f6n\u0259mli layih\u0259l\u0259ridir&#8221;.<\/p>\n<p><strong>ARANTV.AZ<\/strong>\u00a0 x\u0259b\u0259r verir ki, bunu\u00a0<a href=\"https:\/\/az.trend.az\/\" target=\"_blank\" rel=\"noopener\">Trend<\/a>-\u0259 \u00f6z\u0259l a\u00e7\u0131qlamas\u0131nda T\u00fcrk D\u00fcnyas\u0131 Parlamentl\u0259r Birliyinin ba\u015f koordinatoru, T\u00fcrkiy\u0259nin Az\u0259rbaycandak\u0131 sabiq s\u0259firi Hulusi K\u0131l\u0131\u00e7 deyib.<\/p>\n<p>H.K\u0131l\u0131\u00e7 bildirib ki, Az\u0259rbaycan\u0131n \u00fcmummilli lideri Heyd\u0259r \u018fliyevin t\u0259\u015f\u0259bb\u00fcs\u00fc il\u0259 Bak\u0131-Tbilisi-Ceyhan neft k\u0259m\u0259rinin m\u0259hz T\u00fcrkiy\u0259 \u00fcz\u0259rind\u0259n in\u015fa edilm\u0259si il\u0259 qarda\u015f Az\u0259rbaycan n\u0259h\u0259ng layih\u0259l\u0259r\u0259 start verdi: &#8220;Bunlar Bak\u0131-Tbilisi-\u018frzurum qaz k\u0259m\u0259ri, \u0130p\u0259k d\u0259mir yolu x\u0259tti adland\u0131r\u0131lan Bak\u0131-Tbilisi-Qars d\u0259mir yolu x\u0259tti v\u0259 d\u00f6rd\u00fcnc\u00fc n\u0259h\u0259ng layih\u0259 olan Trans-Anadolu qaz k\u0259m\u0259ri &#8211; TANAP-d\u0131r&#8221;.<\/p>\n<p>Diplomat vur\u011fulay\u0131b ki, TANAP, s\u00f6z\u00fcn \u0259sl m\u0259nas\u0131nda \u00e7ox m\u00f6ht\u0259\u015f\u0259m layih\u0259dir v\u0259 bu layih\u0259y\u0259 T\u00fcrkm\u0259nistan v\u0259 Qazax\u0131stan\u0131n qo\u015fulaca\u011f\u0131 t\u0259qdird\u0259, b\u00fct\u00f6vl\u00fckd\u0259, T\u00fcrk d\u00fcnyas\u0131n\u0131n layih\u0259si hal\u0131na g\u0259l\u0259c\u0259k.<\/p>\n<p>Qeyd ed\u0259k ki, noyabr\u0131n 30-da T\u00fcrkiy\u0259nin \u018fdirn\u0259 \u015f\u0259h\u0259rinin \u0130psala q\u0259s\u0259b\u0259sind\u0259 Trans Anadolu T\u0259bii Qaz Boru K\u0259m\u0259rinin (TANAP) Avropa ba\u011flant\u0131s\u0131n\u0131n (Faza-1) a\u00e7\u0131l\u0131\u015f m\u0259rasimi ke\u00e7irilib.<\/p>\n<p>X\u0259z\u0259rin Az\u0259rbaycan sektorundak\u0131 &#8220;\u015eahd\u0259niz-2&#8221; yata\u011f\u0131ndan \u00e7\u0131xar\u0131lan qaz\u0131 T\u00fcrkiy\u0259y\u0259 v\u0259 bu \u00f6lk\u0259d\u0259n Avropaya n\u0259ql ed\u0259c\u0259k TANAP &#8220;C\u0259nub Qaz D\u0259hlizi&#8221;nin t\u0259rkib hiss\u0259si olan bir layih\u0259dir. TANAP T\u00fcrkiy\u0259-G\u00fcrc\u00fcstan s\u0259rh\u0259dind\u0259 C\u0259nubi Qafqaz Boru K\u0259m\u0259rin\u0259, T\u00fcrkiy\u0259-Yunan\u0131stan s\u0259rh\u0259dind\u0259 is\u0259 &#8220;Trans-Adriatik&#8221; (TAP) qaz boru k\u0259m\u0259rin\u0259 birl\u0259\u015f\u0259c\u0259k. Uzunlu\u011fu 1810 kilometr olan TANAP-\u0131n ilkin \u00f6t\u00fcr\u00fcc\u00fcl\u00fck qabiliyy\u0259ti 16 milyard kubmetrdir v\u0259 sonradan bu h\u0259cmin 31 milyard kubmetr\u0259d\u0259k art\u0131r\u0131lmas\u0131 imkan\u0131 var.<\/p>\n<p>TANAP-\u0131n s\u0259hmdarlar\u0131n\u0131n bu layih\u0259d\u0259 pay\u0131 bel\u0259dir: &#8220;C\u0259nub Qaz D\u0259hlizi&#8221; QSC &#8211; 58 faiz, &#8220;Bota\u015f&#8221; &#8211; 30 faiz v\u0259 BP \u015firk\u0259ti &#8211; 12 faiz.<\/p>\n<p>Xat\u0131rladaq ki, TANAP il\u0259 ilk qaz \u00f6t\u00fcr\u00fclm\u0259si 2018-ci il iyunun 12-d\u0259 T\u00fcrkiy\u0259nin \u018fski\u015f\u0259h\u0259r vilay\u0259tind\u0259 ba\u015f tutub v\u0259 h\u0259min il iyun ay\u0131n\u0131n sonuna T\u00fcrkiy\u0259y\u0259 qaz\u0131n kommersiya t\u0259dar\u00fckl\u0259ri ba\u015flay\u0131b. 2018-ci il iyunun 30-dan 2019-cu il oktyabr\u0131n sonuna TANAP il\u0259 qaz t\u0259dar\u00fck\u00fc 3,08 milyard kubmetr t\u0259\u015fkil edib.<\/p>\n","protected":false},"excerpt":{"rendered":"<p>&#8220;Az\u0259rbaycan\u0131n h\u0259yata ke\u00e7irdiyi b\u00fct\u00fcn enerji layih\u0259l\u0259ri \u0259srin \u00f6n\u0259mli layih\u0259l\u0259ridir&#8221;. ARANTV.AZ\u00a0 x\u0259b\u0259r verir ki, bunu\u00a0Trend-\u0259 \u00f6z\u0259l a\u00e7\u0131qlamas\u0131nda T\u00fcrk D\u00fcnyas\u0131 Parlamentl\u0259r Birliyinin ba\u015f koordinatoru, T\u00fcrkiy\u0259nin Az\u0259rbaycandak\u0131 sabiq s\u0259firi Hulusi K\u0131l\u0131\u00e7 deyib. H.K\u0131l\u0131\u00e7 bildirib ki, Az\u0259rbaycan\u0131n \u00fcmummilli lideri Heyd\u0259r \u018fliyevin t\u0259\u015f\u0259bb\u00fcs\u00fc il\u0259 Bak\u0131-Tbilisi-Ceyhan neft k\u0259m\u0259rinin m\u0259hz T\u00fcrkiy\u0259 \u00fcz\u0259rind\u0259n in\u015fa edilm\u0259si il\u0259 qarda\u015f Az\u0259rbaycan n\u0259h\u0259ng layih\u0259l\u0259r\u0259 start verdi: &#8220;Bunlar Bak\u0131-Tbilisi-\u018frzurum qaz k\u0259m\u0259ri, \u0130p\u0259k d\u0259mir yolu x\u0259tti adland\u0131r\u0131lan Bak\u0131-Tbilisi-Qars d\u0259mir yolu x\u0259tti v\u0259 d\u00f6rd\u00fcnc\u00fc n\u0259h\u0259ng layih\u0259 olan Trans-Anadolu qaz k\u0259m\u0259ri &#8211; TANAP-d\u0131r&#8221;. Diplomat vur\u011fulay\u0131b ki, TANAP, s\u00f6z\u00fcn \u0259sl m\u0259nas\u0131nda \u00e7ox m\u00f6ht\u0259\u015f\u0259m layih\u0259dir v\u0259 bu layih\u0259y\u0259&hellip;<\/p>\n","protected":false},"author":2,"featured_media":109953,"comment_status":"closed","ping_status":"closed","sticky":false,"template":"","format":"standard","meta":{"om_disable_all_campaigns":false,"_monsterinsights_skip_tracking":false,"_monsterinsights_sitenote_active":false,"_monsterinsights_sitenote_note":"","_monsterinsights_sitenote_category":0},"categories":[4],"tags":[],"aioseo_notices":[],"gutentor_comment":0,"rttpg_featured_image_url":{"full":["https:\/\/arantv.az\/wp-content\/uploads\/2019\/12\/812080.jpg",1280,1007,false],"landscape":["https:\/\/arantv.az\/wp-content\/uploads\/2019\/12\/812080.jpg",1280,1007,false],"portraits":["https:\/\/arantv.az\/wp-content\/uploads\/2019\/12\/812080.jpg",1280,1007,false],"thumbnail":["https:\/\/arantv.az\/wp-content\/uploads\/2019\/12\/812080-150x150.jpg",150,150,true],"medium":["https:\/\/arantv.az\/wp-content\/uploads\/2019\/12\/812080-300x236.jpg",300,236,true],"large":["https:\/\/arantv.az\/wp-content\/uploads\/2019\/12\/812080-1024x806.jpg",640,504,true],"1536x1536":["https:\/\/arantv.az\/wp-content\/uploads\/2019\/12\/812080.jpg",1280,1007,false],"2048x2048":["https:\/\/arantv.az\/wp-content\/uploads\/2019\/12\/812080.jpg",1280,1007,false],"post-thumbnail":["https:\/\/arantv.az\/wp-content\/uploads\/2019\/12\/812080-240x172.jpg",240,172,true],"advps-thumb-one":["https:\/\/arantv.az\/wp-content\/uploads\/2019\/12\/812080-1200x620.jpg",1200,620,true]},"rttpg_author":{"display_name":"V\u00fcsal Rafiqo\u011flu","author_link":"https:\/\/arantv.az\/?author=2"},"rttpg_comment":0,"rttpg_category":"<a href=\"https:\/\/arantv.az\/?cat=4\" rel=\"category\">Siyas\u0259t<\/a>","rttpg_excerpt":"&#8220;Az\u0259rbaycan\u0131n h\u0259yata ke\u00e7irdiyi b\u00fct\u00fcn enerji layih\u0259l\u0259ri \u0259srin \u00f6n\u0259mli layih\u0259l\u0259ridir&#8221;. ARANTV.AZ\u00a0 x\u0259b\u0259r verir ki, bunu\u00a0Trend-\u0259 \u00f6z\u0259l a\u00e7\u0131qlamas\u0131nda T\u00fcrk D\u00fcnyas\u0131 Parlamentl\u0259r Birliyinin ba\u015f koordinatoru, T\u00fcrkiy\u0259nin Az\u0259rbaycandak\u0131 sabiq s\u0259firi Hulusi K\u0131l\u0131\u00e7 deyib. H.K\u0131l\u0131\u00e7 bildirib ki, Az\u0259rbaycan\u0131n \u00fcmummilli lideri Heyd\u0259r \u018fliyevin t\u0259\u015f\u0259bb\u00fcs\u00fc il\u0259 Bak\u0131-Tbilisi-Ceyhan neft k\u0259m\u0259rinin m\u0259hz T\u00fcrkiy\u0259 \u00fcz\u0259rind\u0259n in\u015fa edilm\u0259si il\u0259 qarda\u015f Az\u0259rbaycan n\u0259h\u0259ng layih\u0259l\u0259r\u0259 start verdi: &#8220;Bunlar&hellip;","_links":{"self":[{"href":"https:\/\/arantv.az\/index.php?rest_route=\/wp\/v2\/posts\/109952"}],"collection":[{"href":"https:\/\/arantv.az\/index.php?rest_route=\/wp\/v2\/posts"}],"about":[{"href":"https:\/\/arantv.az\/index.php?rest_route=\/wp\/v2\/types\/post"}],"author":[{"embeddable":true,"href":"https:\/\/arantv.az\/index.php?rest_route=\/wp\/v2\/users\/2"}],"replies":[{"embeddable":true,"href":"https:\/\/arantv.az\/index.php?rest_route=%2Fwp%2Fv2%2Fcomments&post=109952"}],"version-history":[{"count":0,"href":"https:\/\/arantv.az\/index.php?rest_route=\/wp\/v2\/posts\/109952\/revisions"}],"wp:featuredmedia":[{"embeddable":true,"href":"https:\/\/arantv.az\/index.php?rest_route=\/wp\/v2\/media\/109953"}],"wp:attachment":[{"href":"https:\/\/arantv.az\/index.php?rest_route=%2Fwp%2Fv2%2Fmedia&parent=109952"}],"wp:term":[{"taxonomy":"category","embeddable":true,"href":"https:\/\/arantv.az\/index.php?rest_route=%2Fwp%2Fv2%2Fcategories&post=109952"},{"taxonomy":"post_tag","embeddable":true,"href":"https:\/\/arantv.az\/index.php?rest_route=%2Fwp%2Fv2%2Ftags&post=109952"}],"curies":[{"name":"wp","href":"https:\/\/api.w.org\/{rel}","templated":true}]}}