{"id":109956,"date":"2019-12-20T14:52:35","date_gmt":"2019-12-20T11:52:35","guid":{"rendered":"http:\/\/arantv.az\/?p=109956"},"modified":"2019-12-20T14:52:35","modified_gmt":"2019-12-20T11:52:35","slug":"bakida-dil%c9%99ncilik-ed%c9%99n-20-yasli-qadinin-sok-yalani-uz%c9%99-cixdi-video","status":"publish","type":"post","link":"https:\/\/arantv.az\/?p=109956","title":{"rendered":"Bak\u0131da dil\u0259n\u00e7ilik ed\u0259n 20 ya\u015fl\u0131 qad\u0131n\u0131n \u015eOK yalan\u0131 \u00fcz\u0259 \u00e7\u0131xd\u0131-V\u0130DEO"},"content":{"rendered":"<p>&#8220;Bak\u0131da 3 ayl\u0131q k\u00f6rp\u0259si il\u0259 s\u0259h\u0259rd\u0259n ax\u015famad\u0259k k\u00fc\u00e7\u0259d\u0259 dayan\u0131b dil\u0259n\u0259n ana peyda olub&#8221;.<br \/>\n<b>ARANTV.AZ\u00a0<\/b> bildirir ki, paytaxt\u0131n S\u0259m\u0259d Vur\u011fun k\u00fc\u00e7\u0259sind\u0259 yerl\u0259\u015f\u0259n marketin \u00f6n\u00fcnd\u0259 20 ya\u015fl\u0131 bir qad\u0131n \u0259lind\u0259 k\u00f6rp\u0259 u\u015faqla dayanaraq dil\u0259n\u00e7ilik edir. Dediyin\u0259 g\u00f6r\u0259, u\u015faq 3 ayl\u0131qd\u0131r v\u0259 \u00f6z \u00f6vlad\u0131d\u0131r. Buna baxmayaraq \u0259trafdak\u0131 v\u0259t\u0259nda\u015flar h\u0259min qad\u0131n\u0131n h\u0259r g\u00fcn h\u0259min m\u0259kan\u0131n qar\u015f\u0131s\u0131nda dayand\u0131\u011f\u0131 \u00fc\u00e7\u00fcn onun haqq\u0131nda m\u0259lumatl\u0131d\u0131rlar.<br \/>\n\u018fm\u0259kda\u015f\u0131m\u0131z\u0131n toplad\u0131\u011f\u0131 m\u0259lumatda h\u0259min qad\u0131n\u0131n h\u0259yat yolda\u015f\u0131ndan bo\u015fanmad\u0131\u011f\u0131 deyilib. Veril\u0259n m\u0259lumata \u0259sas\u0259n, k\u00f6rp\u0259si quca\u011f\u0131nda dil\u0259n\u00e7ilik ed\u0259n qad\u0131n s\u0259h\u0259r saatlar\u0131ndan gec\u0259 saatlar\u0131nad\u0259k oradak\u0131 da\u015f\u0131n \u00fcz\u0259rind\u0259 oturaraq dil\u0259n\u00e7ilik edir. Dan\u0131\u015f\u0131\u011f\u0131nda o h\u0259yat yolda\u015f\u0131n\u0131n sa\u011f oldu\u011funu v\u0259 v\u0259r\u0259m x\u0259st\u0259si oldu\u011funu deyib.<br \/>\nQeyd ed\u0259k ki, h\u0259min qad\u0131n dil\u0259n\u00e7i deyil. Bildir\u0259k ki, son d\u00f6vr\u00fcn \u0259n aktual m\u0259s\u0259l\u0259l\u0259rind\u0259n biri m\u0259hz u\u015faqlar\u0131n o\u011furlan\u0131b, dil\u0259n\u00e7iliy\u0259 s\u00f6vq edilm\u0259si il\u0259 ba\u011fl\u0131d\u0131r. Orqan alveri, u\u015faqlar\u0131n sat\u0131lmas\u0131 \u0259n h\u0259ssas m\u0259s\u0259l\u0259l\u0259rd\u0259n olaraq qalmaqdad\u0131r. H\u00fcquq-m\u00fchafiz\u0259 orqanlar\u0131 n\u0259 q\u0259d\u0259r d\u0259 \u00e7al\u0131\u015fsalar bel\u0259, \u015f\u0259xsl\u0259rin h\u0259l\u0259 d\u0259 qar\u015f\u0131s\u0131n\u0131 ala, k\u00fc\u00e7\u0259l\u0259rd\u0259n y\u0131\u011f\u0131\u015fd\u0131ra bilmir.Sonxeber.az<\/p>\n<div id=\"AdviadNativeVideo0\" class=\"AdviadNativeVideo\"><\/div>\n<div class=\"embed-responsive embed-responsive-16by9\"><iframe loading=\"lazy\" id=\"nmqembedid\" class=\"embed-responsive-item\" title=\"video player\" src=\"https:\/\/izle.az\/embed\/qyyxLQrNNDPLN9Ut8ygGAA~~\" width=\"600\" height=\"340\" frameborder=\"0\" scrolling=\"no\" allowfullscreen=\"allowfullscreen\" data-mce-fragment=\"1\"><\/iframe><\/div>\n<p>&nbsp;<\/p>\n","protected":false},"excerpt":{"rendered":"<p>&#8220;Bak\u0131da 3 ayl\u0131q k\u00f6rp\u0259si il\u0259 s\u0259h\u0259rd\u0259n ax\u015famad\u0259k k\u00fc\u00e7\u0259d\u0259 dayan\u0131b dil\u0259n\u0259n ana peyda olub&#8221;. ARANTV.AZ\u00a0 bildirir ki, paytaxt\u0131n S\u0259m\u0259d Vur\u011fun k\u00fc\u00e7\u0259sind\u0259 yerl\u0259\u015f\u0259n marketin \u00f6n\u00fcnd\u0259 20 ya\u015fl\u0131 bir qad\u0131n \u0259lind\u0259 k\u00f6rp\u0259 u\u015faqla dayanaraq dil\u0259n\u00e7ilik edir. Dediyin\u0259 g\u00f6r\u0259, u\u015faq 3 ayl\u0131qd\u0131r v\u0259 \u00f6z \u00f6vlad\u0131d\u0131r. Buna baxmayaraq \u0259trafdak\u0131 v\u0259t\u0259nda\u015flar h\u0259min qad\u0131n\u0131n h\u0259r g\u00fcn h\u0259min m\u0259kan\u0131n qar\u015f\u0131s\u0131nda dayand\u0131\u011f\u0131 \u00fc\u00e7\u00fcn onun haqq\u0131nda m\u0259lumatl\u0131d\u0131rlar. \u018fm\u0259kda\u015f\u0131m\u0131z\u0131n toplad\u0131\u011f\u0131 m\u0259lumatda h\u0259min qad\u0131n\u0131n h\u0259yat yolda\u015f\u0131ndan bo\u015fanmad\u0131\u011f\u0131 deyilib. Veril\u0259n m\u0259lumata \u0259sas\u0259n, k\u00f6rp\u0259si quca\u011f\u0131nda dil\u0259n\u00e7ilik ed\u0259n qad\u0131n s\u0259h\u0259r saatlar\u0131ndan gec\u0259 saatlar\u0131nad\u0259k oradak\u0131 da\u015f\u0131n \u00fcz\u0259rind\u0259 oturaraq dil\u0259n\u00e7ilik edir. Dan\u0131\u015f\u0131\u011f\u0131nda o h\u0259yat yolda\u015f\u0131n\u0131n sa\u011f oldu\u011funu&hellip;<\/p>\n","protected":false},"author":2,"featured_media":109957,"comment_status":"closed","ping_status":"closed","sticky":false,"template":"","format":"standard","meta":{"om_disable_all_campaigns":false,"_monsterinsights_skip_tracking":false,"_monsterinsights_sitenote_active":false,"_monsterinsights_sitenote_note":"","_monsterinsights_sitenote_category":0},"categories":[1],"tags":[],"aioseo_notices":[],"gutentor_comment":0,"rttpg_featured_image_url":{"full":["https:\/\/arantv.az\/wp-content\/uploads\/2019\/12\/yeni_qadin.jpg",549,329,false],"landscape":["https:\/\/arantv.az\/wp-content\/uploads\/2019\/12\/yeni_qadin.jpg",549,329,false],"portraits":["https:\/\/arantv.az\/wp-content\/uploads\/2019\/12\/yeni_qadin.jpg",549,329,false],"thumbnail":["https:\/\/arantv.az\/wp-content\/uploads\/2019\/12\/yeni_qadin-150x150.jpg",150,150,true],"medium":["https:\/\/arantv.az\/wp-content\/uploads\/2019\/12\/yeni_qadin-300x180.jpg",300,180,true],"large":["https:\/\/arantv.az\/wp-content\/uploads\/2019\/12\/yeni_qadin.jpg",549,329,false],"1536x1536":["https:\/\/arantv.az\/wp-content\/uploads\/2019\/12\/yeni_qadin.jpg",549,329,false],"2048x2048":["https:\/\/arantv.az\/wp-content\/uploads\/2019\/12\/yeni_qadin.jpg",549,329,false],"post-thumbnail":["https:\/\/arantv.az\/wp-content\/uploads\/2019\/12\/yeni_qadin-240x172.jpg",240,172,true],"advps-thumb-one":["https:\/\/arantv.az\/wp-content\/uploads\/2019\/12\/yeni_qadin.jpg",549,329,false]},"rttpg_author":{"display_name":"V\u00fcsal Rafiqo\u011flu","author_link":"https:\/\/arantv.az\/?author=2"},"rttpg_comment":0,"rttpg_category":"<a href=\"https:\/\/arantv.az\/?cat=1\" rel=\"category\">C\u0259miyy\u0259t<\/a>","rttpg_excerpt":"&#8220;Bak\u0131da 3 ayl\u0131q k\u00f6rp\u0259si il\u0259 s\u0259h\u0259rd\u0259n ax\u015famad\u0259k k\u00fc\u00e7\u0259d\u0259 dayan\u0131b dil\u0259n\u0259n ana peyda olub&#8221;. ARANTV.AZ\u00a0 bildirir ki, paytaxt\u0131n S\u0259m\u0259d Vur\u011fun k\u00fc\u00e7\u0259sind\u0259 yerl\u0259\u015f\u0259n marketin \u00f6n\u00fcnd\u0259 20 ya\u015fl\u0131 bir qad\u0131n \u0259lind\u0259 k\u00f6rp\u0259 u\u015faqla dayanaraq dil\u0259n\u00e7ilik edir. Dediyin\u0259 g\u00f6r\u0259, u\u015faq 3 ayl\u0131qd\u0131r v\u0259 \u00f6z \u00f6vlad\u0131d\u0131r. Buna baxmayaraq \u0259trafdak\u0131 v\u0259t\u0259nda\u015flar h\u0259min qad\u0131n\u0131n h\u0259r g\u00fcn h\u0259min m\u0259kan\u0131n qar\u015f\u0131s\u0131nda dayand\u0131\u011f\u0131 \u00fc\u00e7\u00fcn onun&hellip;","_links":{"self":[{"href":"https:\/\/arantv.az\/index.php?rest_route=\/wp\/v2\/posts\/109956"}],"collection":[{"href":"https:\/\/arantv.az\/index.php?rest_route=\/wp\/v2\/posts"}],"about":[{"href":"https:\/\/arantv.az\/index.php?rest_route=\/wp\/v2\/types\/post"}],"author":[{"embeddable":true,"href":"https:\/\/arantv.az\/index.php?rest_route=\/wp\/v2\/users\/2"}],"replies":[{"embeddable":true,"href":"https:\/\/arantv.az\/index.php?rest_route=%2Fwp%2Fv2%2Fcomments&post=109956"}],"version-history":[{"count":0,"href":"https:\/\/arantv.az\/index.php?rest_route=\/wp\/v2\/posts\/109956\/revisions"}],"wp:featuredmedia":[{"embeddable":true,"href":"https:\/\/arantv.az\/index.php?rest_route=\/wp\/v2\/media\/109957"}],"wp:attachment":[{"href":"https:\/\/arantv.az\/index.php?rest_route=%2Fwp%2Fv2%2Fmedia&parent=109956"}],"wp:term":[{"taxonomy":"category","embeddable":true,"href":"https:\/\/arantv.az\/index.php?rest_route=%2Fwp%2Fv2%2Fcategories&post=109956"},{"taxonomy":"post_tag","embeddable":true,"href":"https:\/\/arantv.az\/index.php?rest_route=%2Fwp%2Fv2%2Ftags&post=109956"}],"curies":[{"name":"wp","href":"https:\/\/api.w.org\/{rel}","templated":true}]}}