{"id":109960,"date":"2019-12-20T14:59:37","date_gmt":"2019-12-20T11:59:37","guid":{"rendered":"http:\/\/arantv.az\/?p=109960"},"modified":"2019-12-20T14:59:37","modified_gmt":"2019-12-20T11:59:37","slug":"cangud%c9%99nl%c9%99-g%c9%99z%c9%99n-evl%c9%99ri-muhafiz%c9%99-olunan-icra-bascilari-onlar-kimd%c9%99n-n%c9%99d%c9%99n-qorxurlar","status":"publish","type":"post","link":"https:\/\/arantv.az\/?p=109960","title":{"rendered":"Cang\u00fcd\u0259nl\u0259 g\u0259z\u0259n, evl\u0259ri m\u00fchafiz\u0259 olunan icra ba\u015f\u00e7\u0131lar\u0131 &#8211; Onlar kimd\u0259n, n\u0259d\u0259n qorxurlar?"},"content":{"rendered":"<p>Nizam\u0259ddin Quliyev, Qoca S\u0259m\u0259dov kimi sabiq icra ba\u015f\u00e7\u0131lar\u0131n\u0131n saxlan\u0131lmas\u0131 yerli icra hakimiyy\u0259tl\u0259rinin i\u015fini g\u00fcnd\u0259m\u0259 g\u0259tirib.<\/p>\n<p>\u0130ndi sosial \u015f\u0259b\u0259k\u0259l\u0259rd\u0259 m\u00fczakir\u0259 olunan m\u0259s\u0259l\u0259l\u0259rd\u0259n biri d\u0259 b\u0259zi rayonlar\u0131nda \u0130cra Hakimiyy\u0259ti ba\u015f\u00e7\u0131s\u0131n\u0131n ya\u015fad\u0131\u011f\u0131 evl\u0259ri polisin m\u00fchafiz\u0259 etm\u0259si v\u0259 icra ba\u015f\u00e7\u0131lar\u0131n\u0131n cang\u00fcd\u0259n saxlamas\u0131d\u0131r.<\/p>\n<p>Bir s\u0131ra rayonlarda \u0130cra Hakimiyy\u0259ti ba\u015f\u00e7\u0131s\u0131n\u0131n ya\u015fad\u0131\u011f\u0131 evl\u0259rin \u0259traf\u0131nda post-patrul xidm\u0259tinin \u0259n az\u0131 bir ma\u015f\u0131n\u0131, ya da \u00fc\u00e7\u00a0\u0259m\u0259kda\u015f\u0131 dayan\u0131r.<\/p>\n<div id=\"AdviadNativeVideo0\" class=\"AdviadNativeVideo\"><\/div>\n<p>Do\u011frudanm\u0131, rayonlarda kriminogen durum bel\u0259 pisdir ki, icra ba\u015f\u00e7\u0131lar\u0131 evl\u0259rinin qar\u015f\u0131s\u0131nda m\u00fchafiz\u0259 postu yarad\u0131b, \u00f6zl\u0259ri is\u0259 adam aras\u0131na cang\u00fcd\u0259nl\u0259 \u00e7\u0131x\u0131rlar? Yox, \u0259g\u0259r bel\u0259 deyils\u0259, onda icra ba\u015f\u00e7\u0131lar\u0131 kimd\u0259n, n\u0259d\u0259n qorxurlar?<\/p>\n<p>Ke\u00e7mi\u015f polis r\u0259isi, kriminalist Mahmud Hac\u0131yev Modern.az-a bildirib ki, icra ba\u015f\u00e7\u0131lar\u0131n\u0131n ham\u0131s\u0131 bel\u0259 etmir:<\/p>\n<p>\u201cBunu icra ba\u015f\u00e7\u0131lar\u0131n\u0131n ham\u0131s\u0131na \u015famil etm\u0259k olmaz. Bel\u0259 bir hala vaxtil\u0259 Salyan\u0131n icra ba\u015f\u00e7\u0131s\u0131n\u0131n timsal\u0131nda rast g\u0259lmi\u015fdik v\u0259 onu tez bir zamanda v\u0259zif\u0259d\u0259n azad etdil\u0259r. Onlar\u0131n bel\u0259 add\u0131m\u0131 d\u00fczg\u00fcn deyil.<\/p>\n<p>Haz\u0131rda \u00f6lk\u0259boyu kadr islahatlar\u0131 apar\u0131l\u0131r, icra ba\u015f\u00e7\u0131lar\u0131 da \u00f6zl\u0259rini yl\u011f\u0131\u015fd\u0131rma\u011fa \u00e7al\u0131\u015f\u0131rlar. Vaxtil\u0259 yan\u0131nda cang\u00fcd\u0259n v\u0259 polis g\u0259zdir\u0259n icra ba\u015f\u00e7\u0131lar\u0131n\u0131n \u00e7oxu\u00a0 c\u0259zaland\u0131r\u0131lsa da, indi d\u0259 el\u0259l\u0259rin\u0259 rast g\u0259lm\u0259k olur\u201d.<\/p>\n<p>Mahmud Hac\u0131yev deyib ki, \u0130cra Hakimiyy\u0259ti ba\u015f\u00e7\u0131s\u0131n\u0131n ya\u015fad\u0131\u011f\u0131 evl\u0259ri polisin m\u00fchafiz\u0259 etm\u0259si v\u0259 icra ba\u015f\u00e7\u0131lar\u0131n\u0131n cang\u00fcd\u0259nl\u0259 g\u0259zm\u0259sin\u0259 dair qanunvericilikd\u0259 d\u0259 h\u0259r hans\u0131 t\u0259l\u0259b yoxdur.<\/p>\n<p>\u201cEl dili il\u0259 des\u0259k, icra ba\u015f\u00e7\u0131s\u0131 i\u015fl\u0259diyi rayonun a\u011fsaqqal\u0131 say\u0131l\u0131r. \u018fg\u0259r icra ba\u015f\u00e7\u0131s\u0131 elin a\u011fsaqqal\u0131, s\u00f6z sahibi say\u0131l\u0131rsa, \u00f6z\u00fcn\u00fc c\u0259miyy\u0259td\u0259n \u2013 insanlardan niy\u0259 qorumal\u0131d\u0131r?!\u201d<\/p>\n<p>Mahmud Hac\u0131yev qeyd edib ki, haz\u0131rda \u00f6lk\u0259d\u0259 he\u00e7 bir kriminal g\u0259rginlik m\u00fc\u015fahid\u0259 edilmir\u00a0 v\u0259 buna g\u00f6r\u0259 d\u0259 icra ba\u015f\u00e7\u0131lar\u0131n\u0131n evl\u0259rinin m\u00fchafiz\u0259sin\u0259 v\u0259 onlar\u0131n cang\u00fcd\u0259nl\u0259 g\u0259zm\u0259sin\u0259 d\u0259 ehtiyac yoxdur.<\/p>\n<p>\u201cSad\u0259c\u0259, b\u0259zi icra ba\u015f\u00e7\u0131lar\u0131 \u015fan-\u015f\u00f6hr\u0259t namin\u0259 bel\u0259 edir. Rayonlarda t\u0259hl\u00fck\u0259li atmosfer d\u0259 yoxdur, dey\u0259s\u0259n ki, ona g\u00f6r\u0259 bel\u0259 edirl\u0259r. B\u0259zil\u0259ri \u015fan-\u015f\u00f6hr\u0259t, b\u0259zil\u0259ri d\u0259 \u00f6z\u00fcn\u00fc s\u0131\u011fortalay\u0131r ki, bird\u0259n n\u0259s\u0259 olar. Amma yen\u0259 d\u0259 n\u0259s\u0259 olsa bel\u0259, icra ba\u015f\u00e7\u0131s\u0131 yerl\u0259rd\u0259 xalq\u0131n qay\u011f\u0131s\u0131n\u0131 \u00e7\u0259k\u0259n \u015f\u0259xsl\u0259rdir, bel\u0259 etm\u0259m\u0259lidirl\u0259r. Onlar\u0131n bu c\u00fcr xo\u015fag\u0259lm\u0259z add\u0131m\u0131n\u0131n sad\u0259 camaatda naraz\u0131l\u0131q do\u011furma\u011f\u0131 ba\u015fad\u00fc\u015f\u00fcl\u0259ndir\u201d.<\/p>\n","protected":false},"excerpt":{"rendered":"<p>Nizam\u0259ddin Quliyev, Qoca S\u0259m\u0259dov kimi sabiq icra ba\u015f\u00e7\u0131lar\u0131n\u0131n saxlan\u0131lmas\u0131 yerli icra hakimiyy\u0259tl\u0259rinin i\u015fini g\u00fcnd\u0259m\u0259 g\u0259tirib. \u0130ndi sosial \u015f\u0259b\u0259k\u0259l\u0259rd\u0259 m\u00fczakir\u0259 olunan m\u0259s\u0259l\u0259l\u0259rd\u0259n biri d\u0259 b\u0259zi rayonlar\u0131nda \u0130cra Hakimiyy\u0259ti ba\u015f\u00e7\u0131s\u0131n\u0131n ya\u015fad\u0131\u011f\u0131 evl\u0259ri polisin m\u00fchafiz\u0259 etm\u0259si v\u0259 icra ba\u015f\u00e7\u0131lar\u0131n\u0131n cang\u00fcd\u0259n saxlamas\u0131d\u0131r. Bir s\u0131ra rayonlarda \u0130cra Hakimiyy\u0259ti ba\u015f\u00e7\u0131s\u0131n\u0131n ya\u015fad\u0131\u011f\u0131 evl\u0259rin \u0259traf\u0131nda post-patrul xidm\u0259tinin \u0259n az\u0131 bir ma\u015f\u0131n\u0131, ya da \u00fc\u00e7\u00a0\u0259m\u0259kda\u015f\u0131 dayan\u0131r. Do\u011frudanm\u0131, rayonlarda kriminogen durum bel\u0259 pisdir ki, icra ba\u015f\u00e7\u0131lar\u0131 evl\u0259rinin qar\u015f\u0131s\u0131nda m\u00fchafiz\u0259 postu yarad\u0131b, \u00f6zl\u0259ri is\u0259 adam aras\u0131na cang\u00fcd\u0259nl\u0259 \u00e7\u0131x\u0131rlar? Yox, \u0259g\u0259r bel\u0259 deyils\u0259, onda icra ba\u015f\u00e7\u0131lar\u0131 kimd\u0259n, n\u0259d\u0259n qorxurlar? Ke\u00e7mi\u015f polis r\u0259isi,&hellip;<\/p>\n","protected":false},"author":2,"featured_media":109961,"comment_status":"closed","ping_status":"closed","sticky":false,"template":"","format":"standard","meta":{"om_disable_all_campaigns":false,"_monsterinsights_skip_tracking":false,"_monsterinsights_sitenote_active":false,"_monsterinsights_sitenote_note":"","_monsterinsights_sitenote_category":0},"categories":[1],"tags":[],"aioseo_notices":[],"gutentor_comment":0,"rttpg_featured_image_url":{"full":["https:\/\/arantv.az\/wp-content\/uploads\/2019\/12\/bodyguard-services.jpg",620,413,false],"landscape":["https:\/\/arantv.az\/wp-content\/uploads\/2019\/12\/bodyguard-services.jpg",620,413,false],"portraits":["https:\/\/arantv.az\/wp-content\/uploads\/2019\/12\/bodyguard-services.jpg",620,413,false],"thumbnail":["https:\/\/arantv.az\/wp-content\/uploads\/2019\/12\/bodyguard-services-150x150.jpg",150,150,true],"medium":["https:\/\/arantv.az\/wp-content\/uploads\/2019\/12\/bodyguard-services-300x200.jpg",300,200,true],"large":["https:\/\/arantv.az\/wp-content\/uploads\/2019\/12\/bodyguard-services.jpg",620,413,false],"1536x1536":["https:\/\/arantv.az\/wp-content\/uploads\/2019\/12\/bodyguard-services.jpg",620,413,false],"2048x2048":["https:\/\/arantv.az\/wp-content\/uploads\/2019\/12\/bodyguard-services.jpg",620,413,false],"post-thumbnail":["https:\/\/arantv.az\/wp-content\/uploads\/2019\/12\/bodyguard-services-240x172.jpg",240,172,true],"advps-thumb-one":["https:\/\/arantv.az\/wp-content\/uploads\/2019\/12\/bodyguard-services.jpg",620,413,false]},"rttpg_author":{"display_name":"V\u00fcsal Rafiqo\u011flu","author_link":"https:\/\/arantv.az\/?author=2"},"rttpg_comment":0,"rttpg_category":"<a href=\"https:\/\/arantv.az\/?cat=1\" rel=\"category\">C\u0259miyy\u0259t<\/a>","rttpg_excerpt":"Nizam\u0259ddin Quliyev, Qoca S\u0259m\u0259dov kimi sabiq icra ba\u015f\u00e7\u0131lar\u0131n\u0131n saxlan\u0131lmas\u0131 yerli icra hakimiyy\u0259tl\u0259rinin i\u015fini g\u00fcnd\u0259m\u0259 g\u0259tirib. \u0130ndi sosial \u015f\u0259b\u0259k\u0259l\u0259rd\u0259 m\u00fczakir\u0259 olunan m\u0259s\u0259l\u0259l\u0259rd\u0259n biri d\u0259 b\u0259zi rayonlar\u0131nda \u0130cra Hakimiyy\u0259ti ba\u015f\u00e7\u0131s\u0131n\u0131n ya\u015fad\u0131\u011f\u0131 evl\u0259ri polisin m\u00fchafiz\u0259 etm\u0259si v\u0259 icra ba\u015f\u00e7\u0131lar\u0131n\u0131n cang\u00fcd\u0259n saxlamas\u0131d\u0131r. Bir s\u0131ra rayonlarda \u0130cra Hakimiyy\u0259ti ba\u015f\u00e7\u0131s\u0131n\u0131n ya\u015fad\u0131\u011f\u0131 evl\u0259rin \u0259traf\u0131nda post-patrul xidm\u0259tinin \u0259n az\u0131 bir ma\u015f\u0131n\u0131, ya da&hellip;","_links":{"self":[{"href":"https:\/\/arantv.az\/index.php?rest_route=\/wp\/v2\/posts\/109960"}],"collection":[{"href":"https:\/\/arantv.az\/index.php?rest_route=\/wp\/v2\/posts"}],"about":[{"href":"https:\/\/arantv.az\/index.php?rest_route=\/wp\/v2\/types\/post"}],"author":[{"embeddable":true,"href":"https:\/\/arantv.az\/index.php?rest_route=\/wp\/v2\/users\/2"}],"replies":[{"embeddable":true,"href":"https:\/\/arantv.az\/index.php?rest_route=%2Fwp%2Fv2%2Fcomments&post=109960"}],"version-history":[{"count":0,"href":"https:\/\/arantv.az\/index.php?rest_route=\/wp\/v2\/posts\/109960\/revisions"}],"wp:featuredmedia":[{"embeddable":true,"href":"https:\/\/arantv.az\/index.php?rest_route=\/wp\/v2\/media\/109961"}],"wp:attachment":[{"href":"https:\/\/arantv.az\/index.php?rest_route=%2Fwp%2Fv2%2Fmedia&parent=109960"}],"wp:term":[{"taxonomy":"category","embeddable":true,"href":"https:\/\/arantv.az\/index.php?rest_route=%2Fwp%2Fv2%2Fcategories&post=109960"},{"taxonomy":"post_tag","embeddable":true,"href":"https:\/\/arantv.az\/index.php?rest_route=%2Fwp%2Fv2%2Ftags&post=109960"}],"curies":[{"name":"wp","href":"https:\/\/api.w.org\/{rel}","templated":true}]}}