{"id":109964,"date":"2019-12-20T15:00:36","date_gmt":"2019-12-20T12:00:36","guid":{"rendered":"http:\/\/arantv.az\/?p=109964"},"modified":"2019-12-20T15:00:36","modified_gmt":"2019-12-20T12:00:36","slug":"vuqar-r%c9%99himzad%c9%99-pambiqciligin-inkisafi-h%c9%99m-coxlu-sayda-yeni-is-yerl%c9%99rinin-acilmasina-h%c9%99m-d%c9%99-v%c9%99t%c9%99ndaslarin-g%c9%99lirl%c9%99rinin-artmasina-s%c9%99b%c9%99b-o","status":"publish","type":"post","link":"https:\/\/arantv.az\/?p=109964","title":{"rendered":"V\u00fcqar R\u0259himzad\u0259: &#8220;Pamb\u0131q\u00e7\u0131l\u0131\u011f\u0131n inki\u015faf\u0131 h\u0259m \u00e7oxlu sayda yeni i\u015f yerl\u0259rinin a\u00e7\u0131lmas\u0131na, h\u0259m d\u0259 v\u0259t\u0259nda\u015flar\u0131n g\u0259lirl\u0259rinin artmas\u0131na s\u0259b\u0259b oldu&#8221;"},"content":{"rendered":"<p>&#8220;Bu il Az\u0259rbaycanda 300 min tona yax\u0131n pamb\u0131q y\u0131\u011f\u0131l\u0131b v\u0259 bu, m\u00fcst\u0259qillik ill\u0259rind\u0259 rekord g\u00f6st\u0259rici hesab olunur. Bu da onu g\u00f6st\u0259rir ki, c\u0259nab Prezident \u0130lham \u018fliyevin m\u0259qs\u0259dy\u00f6nl\u00fc f\u0259aliyy\u0259ti v\u0259 h\u0259yata ke\u00e7irdiyi islahatlar n\u0259tic\u0259sind\u0259 son ill\u0259r \u0259rzind\u0259 pamb\u0131q\u00e7\u0131l\u0131qda inki\u015fafla ba\u011fl\u0131 at\u0131lm\u0131\u015f b\u00fct\u00fcn add\u0131mlar \u00f6z s\u0259m\u0259r\u0259sini verm\u0259kd\u0259dir. El\u0259 Prezident \u0130lham \u018fliyevin dekabr\u0131n 19-da pamb\u0131q\u00e7\u0131l\u0131q m\u00f6vs\u00fcm\u00fcn\u00fcn yekunlar\u0131 v\u0259 2020-ci ild\u0259 g\u00f6r\u00fcl\u0259c\u0259k t\u0259dbirl\u0259r il\u0259 ba\u011fl\u0131 m\u00fc\u015favir\u0259d\u0259 diqq\u0259t\u0259 \u00e7atd\u0131rd\u0131\u011f\u0131 m\u0259qamlar da isbatlay\u0131r ki, Az\u0259rbaycanda pamb\u0131q\u00e7\u0131l\u0131q \u00e7ox \u0259m\u0259ktutumlu v\u0259 g\u0259lirli sah\u0259y\u0259 \u00e7evrilib&#8221;.<\/p>\n<p><strong>ARANTV.AZ<\/strong> x\u0259b\u0259r verir ki, bu fikirl\u0259ri Yeni Az\u0259rbaycan Partiyas\u0131 (YAP) Siyasi \u015euras\u0131n\u0131n \u00fczv\u00fc, &#8220;\u0130ki sahil&#8221; q\u0259zetinin ba\u015f redaktoru V\u00fcqar R\u0259himzad\u0259 K\u0130V-\u0259 a\u00e7\u0131qlamas\u0131nda s\u00f6yl\u0259yib.<\/p>\n<p>Ba\u015f redaktor bildirib ki, Prezident \u0130lham \u018fliyev m\u00fc\u015favir\u0259d\u0259 \u0259ld\u0259 olunan u\u011furlarla yana\u015f\u0131, pamb\u0131q\u00e7\u0131l\u0131q \u00fczr\u0259 n\u0259tic\u0259 \u0259ld\u0259 etm\u0259yi bacarmayan rayonlar\u0131 da diqq\u0259t\u0259 \u00e7atd\u0131rd\u0131 v\u0259 n\u00f6vb\u0259ti ill\u0259rd\u0259 a\u015fa\u011f\u0131 n\u0259tic\u0259l\u0259rin t\u0259krarlanmamas\u0131 \u00fc\u00e7\u00fcn ciddi\u00a0 tap\u015f\u0131r\u0131qlar verdi: &#8220;D\u00f6vl\u0259timizin ba\u015f\u00e7\u0131s\u0131 1969-1982-ci ill\u0259rd\u0259 Az\u0259rbaycana r\u0259hb\u0259rlik etmi\u015f ulu \u00f6nd\u0259r Heyd\u0259r \u018fliyevin zaman\u0131nda pamb\u0131q\u00e7\u0131l\u0131\u011f\u0131n \u00e7ox s\u00fcr\u0259tl\u0259 inki\u015faf etdiyini bildirdi. H\u0259tta, 1979, 1980 v\u0259 1981-ci ill\u0259rd\u0259 rekord s\u0259viyy\u0259d\u0259 pamb\u0131q y\u0131\u011f\u0131lm\u0131\u015fd\u0131. Lakin \u00e7ox t\u0259\u0259ss\u00fcfl\u0259r olsun ki, m\u00fcst\u0259qilliyimizin ilk ill\u0259rind\u0259, x\u00fcsusil\u0259 d\u0259 1992-ci ild\u0259 hakimiyy\u0259ti silah g\u00fcc\u00fcn\u0259 \u0259l\u0259 ke\u00e7irmi\u015f AXC-M\u00fcsavat c\u00fctl\u00fcy\u00fc d\u00f6vr\u00fcnd\u0259 ulu \u00f6nd\u0259r Heyd\u0259r \u018fliyevin respublikam\u0131za r\u0259hb\u0259rliyi d\u00f6vr\u00fcnd\u0259 qurub-yaratd\u0131\u011f\u0131 pamb\u0131q\u00e7\u0131l\u0131q sah\u0259si dem\u0259k olar ki, m\u0259hv edilmi\u015fdi. H\u0259min d\u00f6vrd\u0259 \u0259kin sah\u0259l\u0259rinin m\u0259hv edilm\u0259si il\u0259 yana\u015f\u0131, zavod v\u0259 fabrikl\u0259r d\u0259 da\u011f\u0131d\u0131lm\u0131\u015fd\u0131, sat\u0131lm\u0131\u015fd\u0131. T\u0259s\u0259vv\u00fcr edin ki, 1981-ci ild\u0259 Az\u0259rbaycanda pamb\u0131q t\u0259dar\u00fck\u00fc 1 milyon tona qalxm\u0131\u015fd\u0131. Lakin 1992-ci ild\u0259 AXC-M\u00fcsavat hakimiyy\u0259ti d\u00f6vr\u00fcnd\u0259 bu r\u0259q\u0259m d\u0259f\u0259l\u0259rl\u0259 a\u015fa\u011f\u0131 d\u00fc\u015fm\u00fc\u015fd\u00fc. Antimilli hakimiyy\u0259tin s\u0259ri\u015ft\u0259sizliyi ucbat\u0131ndan \u00f6lk\u0259d\u0259 total b\u00f6hran, siyasi, h\u0259rbi, iqtisadi xaos h\u00f6km s\u00fcr\u00fcrd\u00fc, inflyasiyan\u0131n s\u0259viyy\u0259si 1000 faizd\u0259n \u00e7ox idi, s\u0259naye m\u00fc\u0259ssis\u0259l\u0259ri iflic olmu\u015fdu, k\u0259nd t\u0259s\u0259rr\u00fcfat\u0131 da\u011f\u0131d\u0131lm\u0131\u015fd\u0131. \u00d6lk\u0259d\u0259 talan\u00e7\u0131l\u0131q, r\u00fc\u015fv\u0259txorluq, \u00f6zba\u015f\u0131nal\u0131q h\u00f6km s\u00fcr\u00fcrd\u00fc. AXC-M\u00fcsavat c\u00fctl\u00fcy\u00fc Az\u0259rbaycan\u0131 sanki d\u00fc\u015fm\u0259n kimi da\u011f\u0131d\u0131r, par\u00e7alay\u0131r, m\u0259hv edirdi. Bunun n\u0259tic\u0259sind\u0259 d\u0259 \u00f6lk\u0259 idar\u0259olunmaz v\u0259ziyy\u0259t\u0259 d\u00fc\u015fm\u00fc\u015fd\u00fc. Yaln\u0131z xalq\u0131n t\u0259kidli t\u0259l\u0259bi il\u0259 ulu \u00f6nd\u0259r Heyd\u0259r \u018fliyev hakimiyy\u0259t\u0259 qay\u0131dandan sonra v\u0259ziyy\u0259t sabitl\u0259\u015fdi, \u00f6lk\u0259 inki\u015faf, t\u0259r\u0259qqi yoluna q\u0259d\u0259m qoydu. M\u0259hz haz\u0131rda c\u0259nab Prezident \u0130lham \u018fliyevin r\u0259hb\u0259rliyi il\u0259 k\u0259nd t\u0259s\u0259rr\u00fcfat\u0131 sektorunda h\u0259yata ke\u00e7iril\u0259n islahatlar n\u0259tic\u0259sind\u0259 pamb\u0131q\u00e7\u0131l\u0131q s\u00fcr\u0259tl\u0259 inki\u015faf etm\u0259kd\u0259dir. Pamb\u0131q\u00e7\u0131l\u0131\u011f\u0131n inki\u015faf\u0131 h\u0259m \u00e7oxlu sayda yeni i\u015f yerl\u0259rinin a\u00e7\u0131lmas\u0131na, h\u0259m d\u0259 v\u0259t\u0259nda\u015flar\u0131n g\u0259lirl\u0259rinin artmas\u0131na s\u0259b\u0259b oldu. Effektiv islahatlar n\u0259tic\u0259sind\u0259 2015-ci ill\u0259 m\u00fcqayis\u0259d\u0259 \u00f6t\u0259n 4 il \u0259rzind\u0259 pamb\u0131q t\u0259dar\u00fck\u00fc t\u0259xmin\u0259n 6 d\u0259f\u0259 artd\u0131&#8221;.<br \/>\n&#8220;Realla\u015fd\u0131r\u0131lan islahatlar n\u0259tic\u0259sind\u0259 \u00fcmum\u0259n Az\u0259rbaycan\u0131n inki\u015faf\u0131 daha da s\u00fcr\u0259tl\u0259nib&#8221; dey\u0259n V\u00fcqar R\u0259himzad\u0259 \u0259lav\u0259 edib ki, beyn\u0259lxalq reytinq agentlikl\u0259ri \u00f6lk\u0259mizin inki\u015faf\u0131n\u0131 y\u00fcks\u0259k d\u0259y\u0259rl\u0259ndirirl\u0259r: &#8220;M\u0259s\u0259l\u0259n, bu yax\u0131nlarda AB\u015e-\u0131n &#8220;U.S.News&amp;World Report&#8221; jurnal\u0131 2019-cu ild\u0259 d\u00fcnyan\u0131n \u0259n g\u00fccl\u00fc \u00f6lk\u0259l\u0259rinin reytinq siyah\u0131s\u0131n\u0131 a\u00e7\u0131qlay\u0131b v\u0259 bu reytinqd\u0259 Az\u0259rbaycan inki\u015faf s\u0259viyy\u0259sin\u0259 g\u00f6r\u0259 45-ci yerd\u0259 q\u0259rarla\u015f\u0131b. Bununla yana\u015f\u0131, D\u00fcnya Bank\u0131n\u0131n 2020-ci il \u00fczr\u0259 &#8220;Doing Business&#8221; hesabat\u0131nda Az\u0259rbaycan \u0259n islahat\u00e7\u0131 20 \u00f6lk\u0259 s\u0131ras\u0131nda yer al\u0131b. Davos \u00dcmumd\u00fcnya \u0130qtisadi Forumunun hesabat\u0131nda h\u00f6kum\u0259tin uzunm\u00fcdd\u0259tli strategiyas\u0131na g\u00f6r\u0259 Az\u0259rbaycan d\u00fcnya miqyas\u0131nda 10-cu, r\u0259hb\u0259rliyin islahatlara meyillilik s\u0259viyy\u0259sin\u0259 g\u00f6r\u0259 is\u0259 5-ci yerd\u0259dir&#8221;.<br \/>\nV\u00fcqar R\u0259himzad\u0259 qeyd edib ki, Prezident \u0130lham \u018fliyev m\u00fc\u015favir\u0259d\u0259 d\u00f6vl\u0259t m\u0259murlar\u0131na x\u0259b\u0259rdarl\u0131q edib. Prezident \u0130lham \u018fliyev, h\u0259m\u00e7inin b\u0259db\u0259xt hadis\u0259l\u0259r zaman\u0131 yan\u011f\u0131ndan z\u0259r\u0259r \u00e7\u0259kmi\u015f sahibkarlara da daha m\u0259suliyy\u0259tli olma\u011f\u0131 v\u0259 s\u0131\u011forta \u0259m\u0259liyyatlar\u0131 h\u0259yata ke\u00e7irm\u0259yi m\u0259sl\u0259h\u0259t g\u00f6r\u00fcb: &#8220;M\u00fc\u015favir\u0259d\u0259 Prezident \u0130lham \u018fliyevin s\u0259sl\u0259ndirdiyi fikirl\u0259rin \u0259sas mahiyy\u0259ti ondan ibar\u0259t idi ki, sahibkarlar sosial m\u0259suliyy\u0259tl\u0259rini anlamal\u0131d\u0131rlar. D\u00f6vl\u0259t yaln\u0131z azt\u0259minatl\u0131 v\u0259t\u0259nda\u015flar\u0131na yard\u0131m ed\u0259 bil\u0259r. \u0130mkan\u0131 olan sahibkarlar is\u0259 \u00f6nc\u0259d\u0259n t\u0259dbir g\u00f6rm\u0259li, obyektl\u0259rini, mallar\u0131n\u0131, m\u00fclkl\u0259rini s\u0131\u011forta etdirm\u0259lidirl\u0259r&#8221;.<\/p>\n","protected":false},"excerpt":{"rendered":"<p>&#8220;Bu il Az\u0259rbaycanda 300 min tona yax\u0131n pamb\u0131q y\u0131\u011f\u0131l\u0131b v\u0259 bu, m\u00fcst\u0259qillik ill\u0259rind\u0259 rekord g\u00f6st\u0259rici hesab olunur. Bu da onu g\u00f6st\u0259rir ki, c\u0259nab Prezident \u0130lham \u018fliyevin m\u0259qs\u0259dy\u00f6nl\u00fc f\u0259aliyy\u0259ti v\u0259 h\u0259yata ke\u00e7irdiyi islahatlar n\u0259tic\u0259sind\u0259 son ill\u0259r \u0259rzind\u0259 pamb\u0131q\u00e7\u0131l\u0131qda inki\u015fafla ba\u011fl\u0131 at\u0131lm\u0131\u015f b\u00fct\u00fcn add\u0131mlar \u00f6z s\u0259m\u0259r\u0259sini verm\u0259kd\u0259dir. El\u0259 Prezident \u0130lham \u018fliyevin dekabr\u0131n 19-da pamb\u0131q\u00e7\u0131l\u0131q m\u00f6vs\u00fcm\u00fcn\u00fcn yekunlar\u0131 v\u0259 2020-ci ild\u0259 g\u00f6r\u00fcl\u0259c\u0259k t\u0259dbirl\u0259r il\u0259 ba\u011fl\u0131 m\u00fc\u015favir\u0259d\u0259 diqq\u0259t\u0259 \u00e7atd\u0131rd\u0131\u011f\u0131 m\u0259qamlar da isbatlay\u0131r ki, Az\u0259rbaycanda pamb\u0131q\u00e7\u0131l\u0131q \u00e7ox \u0259m\u0259ktutumlu v\u0259 g\u0259lirli sah\u0259y\u0259 \u00e7evrilib&#8221;. ARANTV.AZ x\u0259b\u0259r verir ki, bu fikirl\u0259ri Yeni Az\u0259rbaycan Partiyas\u0131 (YAP) Siyasi \u015euras\u0131n\u0131n \u00fczv\u00fc, &#8220;\u0130ki&hellip;<\/p>\n","protected":false},"author":2,"featured_media":109965,"comment_status":"closed","ping_status":"closed","sticky":false,"template":"","format":"standard","meta":{"om_disable_all_campaigns":false,"_monsterinsights_skip_tracking":false,"_monsterinsights_sitenote_active":false,"_monsterinsights_sitenote_note":"","_monsterinsights_sitenote_category":0},"categories":[4],"tags":[],"aioseo_notices":[],"gutentor_comment":0,"rttpg_featured_image_url":{"full":["https:\/\/arantv.az\/wp-content\/uploads\/2019\/12\/vuqar_rehimzade.jpg",800,600,false],"landscape":["https:\/\/arantv.az\/wp-content\/uploads\/2019\/12\/vuqar_rehimzade.jpg",800,600,false],"portraits":["https:\/\/arantv.az\/wp-content\/uploads\/2019\/12\/vuqar_rehimzade.jpg",800,600,false],"thumbnail":["https:\/\/arantv.az\/wp-content\/uploads\/2019\/12\/vuqar_rehimzade-150x150.jpg",150,150,true],"medium":["https:\/\/arantv.az\/wp-content\/uploads\/2019\/12\/vuqar_rehimzade-300x225.jpg",300,225,true],"large":["https:\/\/arantv.az\/wp-content\/uploads\/2019\/12\/vuqar_rehimzade.jpg",640,480,false],"1536x1536":["https:\/\/arantv.az\/wp-content\/uploads\/2019\/12\/vuqar_rehimzade.jpg",800,600,false],"2048x2048":["https:\/\/arantv.az\/wp-content\/uploads\/2019\/12\/vuqar_rehimzade.jpg",800,600,false],"post-thumbnail":["https:\/\/arantv.az\/wp-content\/uploads\/2019\/12\/vuqar_rehimzade-240x172.jpg",240,172,true],"advps-thumb-one":["https:\/\/arantv.az\/wp-content\/uploads\/2019\/12\/vuqar_rehimzade.jpg",800,600,false]},"rttpg_author":{"display_name":"V\u00fcsal Rafiqo\u011flu","author_link":"https:\/\/arantv.az\/?author=2"},"rttpg_comment":0,"rttpg_category":"<a href=\"https:\/\/arantv.az\/?cat=4\" rel=\"category\">Siyas\u0259t<\/a>","rttpg_excerpt":"&#8220;Bu il Az\u0259rbaycanda 300 min tona yax\u0131n pamb\u0131q y\u0131\u011f\u0131l\u0131b v\u0259 bu, m\u00fcst\u0259qillik ill\u0259rind\u0259 rekord g\u00f6st\u0259rici hesab olunur. Bu da onu g\u00f6st\u0259rir ki, c\u0259nab Prezident \u0130lham \u018fliyevin m\u0259qs\u0259dy\u00f6nl\u00fc f\u0259aliyy\u0259ti v\u0259 h\u0259yata ke\u00e7irdiyi islahatlar n\u0259tic\u0259sind\u0259 son ill\u0259r \u0259rzind\u0259 pamb\u0131q\u00e7\u0131l\u0131qda inki\u015fafla ba\u011fl\u0131 at\u0131lm\u0131\u015f b\u00fct\u00fcn add\u0131mlar \u00f6z s\u0259m\u0259r\u0259sini verm\u0259kd\u0259dir. El\u0259 Prezident \u0130lham \u018fliyevin dekabr\u0131n 19-da pamb\u0131q\u00e7\u0131l\u0131q m\u00f6vs\u00fcm\u00fcn\u00fcn yekunlar\u0131 v\u0259&hellip;","_links":{"self":[{"href":"https:\/\/arantv.az\/index.php?rest_route=\/wp\/v2\/posts\/109964"}],"collection":[{"href":"https:\/\/arantv.az\/index.php?rest_route=\/wp\/v2\/posts"}],"about":[{"href":"https:\/\/arantv.az\/index.php?rest_route=\/wp\/v2\/types\/post"}],"author":[{"embeddable":true,"href":"https:\/\/arantv.az\/index.php?rest_route=\/wp\/v2\/users\/2"}],"replies":[{"embeddable":true,"href":"https:\/\/arantv.az\/index.php?rest_route=%2Fwp%2Fv2%2Fcomments&post=109964"}],"version-history":[{"count":0,"href":"https:\/\/arantv.az\/index.php?rest_route=\/wp\/v2\/posts\/109964\/revisions"}],"wp:featuredmedia":[{"embeddable":true,"href":"https:\/\/arantv.az\/index.php?rest_route=\/wp\/v2\/media\/109965"}],"wp:attachment":[{"href":"https:\/\/arantv.az\/index.php?rest_route=%2Fwp%2Fv2%2Fmedia&parent=109964"}],"wp:term":[{"taxonomy":"category","embeddable":true,"href":"https:\/\/arantv.az\/index.php?rest_route=%2Fwp%2Fv2%2Fcategories&post=109964"},{"taxonomy":"post_tag","embeddable":true,"href":"https:\/\/arantv.az\/index.php?rest_route=%2Fwp%2Fv2%2Ftags&post=109964"}],"curies":[{"name":"wp","href":"https:\/\/api.w.org\/{rel}","templated":true}]}}