{"id":109972,"date":"2019-12-20T15:15:29","date_gmt":"2019-12-20T12:15:29","guid":{"rendered":"http:\/\/arantv.az\/?p=109972"},"modified":"2019-12-20T15:15:29","modified_gmt":"2019-12-20T12:15:29","slug":"prezident-ilham-%c9%99liyev-rusiya-federasiyasina-s%c9%99f%c9%99r%c9%99-gedib","status":"publish","type":"post","link":"https:\/\/arantv.az\/?p=109972","title":{"rendered":"Prezident \u0130lham \u018fliyev Rusiya Federasiyas\u0131na s\u0259f\u0259r\u0259 gedib"},"content":{"rendered":"<p>Az\u0259rbaycan Respublikas\u0131n\u0131n Prezidenti \u0130lham \u018fliyev Rusiya Federasiyas\u0131n\u0131n Prezidenti Vladimir Putinin d\u0259v\u0259ti il\u0259 MDB d\u00f6vl\u0259t ba\u015f\u00e7\u0131lar\u0131n\u0131n qeyri-r\u0259smi g\u00f6r\u00fc\u015f\u00fcnd\u0259 i\u015ftirak etm\u0259k \u00fc\u00e7\u00fcn dekabr\u0131n 20-d\u0259 Sankt-Peterburq \u015f\u0259h\u0259rin\u0259 s\u0259f\u0259r\u0259 gedib.<\/p>\n<p><strong>ARANTV.AZ<\/strong>\u00a0\u00a0<a href=\"http:\/\/azertag.az\/\" target=\"_blank\" rel=\"noopener\">AZ\u018fRTAC<\/a>-a istinad\u0259n bildirir ki,\u00a0Sankt-Peterburq \u015f\u0259h\u0259rinin Pulkovo-1 hava liman\u0131nda d\u00f6vl\u0259timizin ba\u015f\u00e7\u0131s\u0131 \u0130lham \u018fliyevi Leninqrad vilay\u0259tinin qubernatoru Aleksandr Drozdenko, Sankt-Peterburq \u015f\u0259h\u0259ri h\u00f6kum\u0259tinin \u00fczv\u00fc, Xarici \u0259laq\u0259l\u0259r komit\u0259sinin s\u0259dri Yevgeni Qriqoriyev, Leninqrad vilay\u0259tinin Xarici \u0259laq\u0259l\u0259r komit\u0259sinin s\u0259dr m\u00fcavini \u0130nna Biqotskaya v\u0259 dig\u0259r r\u0259smi \u015f\u0259xsl\u0259r qar\u015f\u0131lad\u0131lar.<\/p>\n","protected":false},"excerpt":{"rendered":"<p>Az\u0259rbaycan Respublikas\u0131n\u0131n Prezidenti \u0130lham \u018fliyev Rusiya Federasiyas\u0131n\u0131n Prezidenti Vladimir Putinin d\u0259v\u0259ti il\u0259 MDB d\u00f6vl\u0259t ba\u015f\u00e7\u0131lar\u0131n\u0131n qeyri-r\u0259smi g\u00f6r\u00fc\u015f\u00fcnd\u0259 i\u015ftirak etm\u0259k \u00fc\u00e7\u00fcn dekabr\u0131n 20-d\u0259 Sankt-Peterburq \u015f\u0259h\u0259rin\u0259 s\u0259f\u0259r\u0259 gedib. ARANTV.AZ\u00a0\u00a0AZ\u018fRTAC-a istinad\u0259n bildirir ki,\u00a0Sankt-Peterburq \u015f\u0259h\u0259rinin Pulkovo-1 hava liman\u0131nda d\u00f6vl\u0259timizin ba\u015f\u00e7\u0131s\u0131 \u0130lham \u018fliyevi Leninqrad vilay\u0259tinin qubernatoru Aleksandr Drozdenko, Sankt-Peterburq \u015f\u0259h\u0259ri h\u00f6kum\u0259tinin \u00fczv\u00fc, Xarici \u0259laq\u0259l\u0259r komit\u0259sinin s\u0259dri Yevgeni Qriqoriyev, Leninqrad vilay\u0259tinin Xarici \u0259laq\u0259l\u0259r komit\u0259sinin s\u0259dr m\u00fcavini \u0130nna Biqotskaya v\u0259 dig\u0259r r\u0259smi \u015f\u0259xsl\u0259r qar\u015f\u0131lad\u0131lar.<\/p>\n","protected":false},"author":2,"featured_media":109973,"comment_status":"closed","ping_status":"closed","sticky":false,"template":"","format":"standard","meta":{"om_disable_all_campaigns":false,"_monsterinsights_skip_tracking":false,"_monsterinsights_sitenote_active":false,"_monsterinsights_sitenote_note":"","_monsterinsights_sitenote_category":0},"categories":[4],"tags":[],"aioseo_notices":[],"gutentor_comment":0,"rttpg_featured_image_url":{"full":["https:\/\/arantv.az\/wp-content\/uploads\/2019\/12\/812089.jpg",998,669,false],"landscape":["https:\/\/arantv.az\/wp-content\/uploads\/2019\/12\/812089.jpg",998,669,false],"portraits":["https:\/\/arantv.az\/wp-content\/uploads\/2019\/12\/812089.jpg",998,669,false],"thumbnail":["https:\/\/arantv.az\/wp-content\/uploads\/2019\/12\/812089-150x150.jpg",150,150,true],"medium":["https:\/\/arantv.az\/wp-content\/uploads\/2019\/12\/812089-300x201.jpg",300,201,true],"large":["https:\/\/arantv.az\/wp-content\/uploads\/2019\/12\/812089.jpg",640,429,false],"1536x1536":["https:\/\/arantv.az\/wp-content\/uploads\/2019\/12\/812089.jpg",998,669,false],"2048x2048":["https:\/\/arantv.az\/wp-content\/uploads\/2019\/12\/812089.jpg",998,669,false],"post-thumbnail":["https:\/\/arantv.az\/wp-content\/uploads\/2019\/12\/812089-240x172.jpg",240,172,true],"advps-thumb-one":["https:\/\/arantv.az\/wp-content\/uploads\/2019\/12\/812089-998x620.jpg",998,620,true]},"rttpg_author":{"display_name":"V\u00fcsal Rafiqo\u011flu","author_link":"https:\/\/arantv.az\/?author=2"},"rttpg_comment":0,"rttpg_category":"<a href=\"https:\/\/arantv.az\/?cat=4\" rel=\"category\">Siyas\u0259t<\/a>","rttpg_excerpt":"Az\u0259rbaycan Respublikas\u0131n\u0131n Prezidenti \u0130lham \u018fliyev Rusiya Federasiyas\u0131n\u0131n Prezidenti Vladimir Putinin d\u0259v\u0259ti il\u0259 MDB d\u00f6vl\u0259t ba\u015f\u00e7\u0131lar\u0131n\u0131n qeyri-r\u0259smi g\u00f6r\u00fc\u015f\u00fcnd\u0259 i\u015ftirak etm\u0259k \u00fc\u00e7\u00fcn dekabr\u0131n 20-d\u0259 Sankt-Peterburq \u015f\u0259h\u0259rin\u0259 s\u0259f\u0259r\u0259 gedib. ARANTV.AZ\u00a0\u00a0AZ\u018fRTAC-a istinad\u0259n bildirir ki,\u00a0Sankt-Peterburq \u015f\u0259h\u0259rinin Pulkovo-1 hava liman\u0131nda d\u00f6vl\u0259timizin ba\u015f\u00e7\u0131s\u0131 \u0130lham \u018fliyevi Leninqrad vilay\u0259tinin qubernatoru Aleksandr Drozdenko, Sankt-Peterburq \u015f\u0259h\u0259ri h\u00f6kum\u0259tinin \u00fczv\u00fc, Xarici \u0259laq\u0259l\u0259r komit\u0259sinin s\u0259dri Yevgeni Qriqoriyev, Leninqrad vilay\u0259tinin&hellip;","_links":{"self":[{"href":"https:\/\/arantv.az\/index.php?rest_route=\/wp\/v2\/posts\/109972"}],"collection":[{"href":"https:\/\/arantv.az\/index.php?rest_route=\/wp\/v2\/posts"}],"about":[{"href":"https:\/\/arantv.az\/index.php?rest_route=\/wp\/v2\/types\/post"}],"author":[{"embeddable":true,"href":"https:\/\/arantv.az\/index.php?rest_route=\/wp\/v2\/users\/2"}],"replies":[{"embeddable":true,"href":"https:\/\/arantv.az\/index.php?rest_route=%2Fwp%2Fv2%2Fcomments&post=109972"}],"version-history":[{"count":0,"href":"https:\/\/arantv.az\/index.php?rest_route=\/wp\/v2\/posts\/109972\/revisions"}],"wp:featuredmedia":[{"embeddable":true,"href":"https:\/\/arantv.az\/index.php?rest_route=\/wp\/v2\/media\/109973"}],"wp:attachment":[{"href":"https:\/\/arantv.az\/index.php?rest_route=%2Fwp%2Fv2%2Fmedia&parent=109972"}],"wp:term":[{"taxonomy":"category","embeddable":true,"href":"https:\/\/arantv.az\/index.php?rest_route=%2Fwp%2Fv2%2Fcategories&post=109972"},{"taxonomy":"post_tag","embeddable":true,"href":"https:\/\/arantv.az\/index.php?rest_route=%2Fwp%2Fv2%2Ftags&post=109972"}],"curies":[{"name":"wp","href":"https:\/\/api.w.org\/{rel}","templated":true}]}}