{"id":109991,"date":"2019-12-20T15:37:13","date_gmt":"2019-12-20T12:37:13","guid":{"rendered":"http:\/\/arantv.az\/?p=109991"},"modified":"2019-12-20T15:37:13","modified_gmt":"2019-12-20T12:37:13","slug":"goranboyda-da-saxlanilanlar-var-icra-hakimiyy%c9%99tind%c9%99n-aciqlama","status":"publish","type":"post","link":"https:\/\/arantv.az\/?p=109991","title":{"rendered":"Goranboyda da saxlan\u0131lanlar var? &#8211; \u0130cra Hakimiyy\u0259tind\u0259n A\u00c7IQLAMA"},"content":{"rendered":"<p>Sosial \u015f\u0259b\u0259k\u0259l\u0259rd\u0259 A\u011fstafa Rayon \u0130cra Hakimiyy\u0259tinin ba\u015f\u00e7\u0131s\u0131 Nizam\u0259ddin Quliyevin tutulmas\u0131ndan sonra onun bundan \u00f6nc\u0259 icra ba\u015f\u00e7\u0131s\u0131 oldu\u011fu Goranboy rayonunda da saxlan\u0131lanlar\u0131n oldu\u011fu bar\u0259d\u0259 m\u0259lumat yay\u0131l\u0131b.<\/p>\n<p>Bildirilir ki, saxlan\u0131lanlar i\u00e7\u0259risind\u0259 Nizam\u0259ddin Quliyevin Goranboyda icra ba\u015f\u00e7\u0131s\u0131 oldu\u011fu zaman onun birinci m\u00fcavini v\u0259zif\u0259l\u0259rind\u0259 \u00e7al\u0131\u015fm\u0131\u015f Bax\u0131\u015f Abdullayev v\u0259 El\u00e7in Cahangirovin f\u0259aliyy\u0259ti bar\u0259d\u0259 d\u0259 ara\u015fd\u0131rmalar apar\u0131l\u0131r. Onlarla b\u0259rab\u0259r N.Quliyevin pul y\u0131\u011fan\u0131 kimi tan\u0131nan Yal\u00e7\u0131n adl\u0131 \u015f\u0259xsin d\u0259 saxlan\u0131ld\u0131\u011f\u0131 bildirilir.<\/p>\n<p>M\u0259lumat\u0131 d\u0259qiql\u0259\u015fdirm\u0259k \u00fc\u00e7\u00fcn \u0259m\u0259kda\u015f\u0131m\u0131z Goranboy Rayon \u0130cra Hakimiyy\u0259ti il\u0259 \u0259laq\u0259 saxlay\u0131b.<\/p>\n<div id=\"AdviadNativeVideo0\" class=\"AdviadNativeVideo\"><\/div>\n<p>M\u0259s\u0259l\u0259 il\u0259 ba\u011fl\u0131 Goranboy Rayon \u0130cra Hakimiyy\u0259tinin \u0130nformasiya t\u0259minat\u0131 v\u0259 t\u0259hlil sektorunun m\u00fcdiri Faiq Muradov Modern.az-a a\u00e7\u0131qlama verib.<\/p>\n<p>\u201cH\u0259l\u0259lik bu saata q\u0259d\u0259r dediyiniz m\u0259s\u0259l\u0259 il\u0259 ba\u011fl\u0131, biz\u0259 he\u00e7 bir r\u0259smi m\u0259lumat verilm\u0259yib. \u00dcmumiyy\u0259tl\u0259, Goranboy rayonu il\u0259 ba\u011fl\u0131 h\u0259bs q\u0259timkan t\u0259dbiri h\u0259yata ke\u00e7irilm\u0259yib. DTX \u0259g\u0259r onlar\u0131n h\u0259bsi il\u0259 ba\u011fl\u0131 q\u0259rar veribl\u0259rs\u0259, biz onu bil\u0259 bilm\u0259rik.<\/p>\n<p>Ancaq d\u0259qiq dey\u0259 bil\u0259r\u0259m ki, Goranboy Rayon \u0130cra Hakimiyy\u0259tin\u0259 bel\u0259 m\u0259lumat daxil olmay\u0131b.Y\u0259ni yaln\u0131\u015f informasiyad\u0131r.Yal\u00e7\u0131n adl\u0131 \u015f\u0259xs \u00fcmumiyy\u0259tl\u0259 bizim icra hakimiyy\u0259tinin i\u015f\u00e7isi olmay\u0131b.Y\u0259ni m\u0259mur olmay\u0131b, \u015f\u0259xsi biznesl\u0259 m\u0259\u015f\u011ful olur.<\/p>\n<p>\u00d6z\u00fc d\u0259 idmanla m\u0259\u015f\u011ful olub. \u0130ndi onun Nizam\u0259ddin m\u00fc\u0259lliml\u0259 \u0259laq\u0259si olub, ya olmay\u0131b bu bizi maraqland\u0131ran m\u0259s\u0259l\u0259 deyil. Bax\u0131\u015f Abdullayev haz\u0131rda i\u015f ba\u015f\u0131ndad\u0131r, \u00f6z\u00fc d\u0259 s\u0131\u011forta idar\u0259sinin m\u00fcdiri v\u0259zif\u0259sind\u0259 \u00e7al\u0131\u015f\u0131r. El\u00e7in Cahangirov \u0259vv\u0259l Nizam\u0259ddin Quliyevin m\u00fcavini olub. Haz\u0131rda Goranboy \u0130cra Hakimiyy\u0259tinin \u0259mlak komit\u0259si \u00fczr\u0259 m\u0259sul katibi v\u0259zif\u0259sind\u0259 i\u015fl\u0259yir. O da haz\u0131rda i\u015finin ba\u015f\u0131ndad\u0131r\u201d.<\/p>\n<p>Qeyd ed\u0259k ki, Bax\u0131\u015f Abdullayev 2015-ci il\u0259d\u0259k Goranboy Rayon \u0130cra Hakimiyy\u0259ti ba\u015f\u00e7\u0131s\u0131n\u0131n birinci m\u00fcavini v\u0259zif\u0259sind\u0259 \u00e7al\u0131\u015f\u0131b. Daha sonra bu v\u0259zif\u0259y\u0259 El\u00e7in Cahangirov g\u0259tirilib. 2019-cu ilin may ay\u0131nda Goranboyun yeni icra ba\u015f\u00e7\u0131s\u0131 M\u0259h\u0259rr\u0259m Quliyev E.Cahangirovu birinci m\u00fcavin v\u0259zif\u0259sind\u0259n azad edib.<\/p>\n<p>Xat\u0131rladaq ki, Nizam\u0259ddin Quliyev 2009-2019-cu ill\u0259rd\u0259 Goranboy rayon \u0130cra Hakimiyy\u0259tinin ba\u015f\u00e7\u0131s\u0131 v\u0259zif\u0259sind\u0259 \u00e7al\u0131\u015f\u0131b.<\/p>\n<p>\u00d6lk\u0259 ba\u015f\u00e7\u0131s\u0131n\u0131n 5 aprel 2019-cu il tarixli s\u0259r\u0259ncam\u0131 il\u0259 Goranboy rayon \u0130cra Hakimiyy\u0259tinin ba\u015f\u00e7\u0131s\u0131 v\u0259zif\u0259sind\u0259n azad edil\u0259n N.Quliyev A\u011fstafa rayon \u0130cra Hakimiyy\u0259tinin ba\u015f\u00e7\u0131s\u0131 t\u0259yin edilib.<\/p>\n<p>N.Quliyev d\u00fcn\u0259n i\u015f ota\u011f\u0131nda D\u00f6vl\u0259t T\u0259hl\u00fck\u0259sizliyi Xidm\u0259tinin (DTX) \u0259m\u0259kda\u015flar\u0131 t\u0259r\u0259find\u0259n r\u00fc\u015fv\u0259t v\u0259 korrupsiya ittihamlar\u0131 il\u0259 saxlan\u0131l\u0131b.<\/p>\n<p>Prezident \u0130lham \u018fliyevin bu g\u00fcn imzalad\u0131\u011f\u0131 s\u0259r\u0259ncamla N.Quliyev A\u011fstafa Rayon \u0130cra Hakimiyy\u0259ti ba\u015f\u00e7\u0131s\u0131 v\u0259zif\u0259sind\u0259n azad edilib.<\/p>\n","protected":false},"excerpt":{"rendered":"<p>Sosial \u015f\u0259b\u0259k\u0259l\u0259rd\u0259 A\u011fstafa Rayon \u0130cra Hakimiyy\u0259tinin ba\u015f\u00e7\u0131s\u0131 Nizam\u0259ddin Quliyevin tutulmas\u0131ndan sonra onun bundan \u00f6nc\u0259 icra ba\u015f\u00e7\u0131s\u0131 oldu\u011fu Goranboy rayonunda da saxlan\u0131lanlar\u0131n oldu\u011fu bar\u0259d\u0259 m\u0259lumat yay\u0131l\u0131b. Bildirilir ki, saxlan\u0131lanlar i\u00e7\u0259risind\u0259 Nizam\u0259ddin Quliyevin Goranboyda icra ba\u015f\u00e7\u0131s\u0131 oldu\u011fu zaman onun birinci m\u00fcavini v\u0259zif\u0259l\u0259rind\u0259 \u00e7al\u0131\u015fm\u0131\u015f Bax\u0131\u015f Abdullayev v\u0259 El\u00e7in Cahangirovin f\u0259aliyy\u0259ti bar\u0259d\u0259 d\u0259 ara\u015fd\u0131rmalar apar\u0131l\u0131r. Onlarla b\u0259rab\u0259r N.Quliyevin pul y\u0131\u011fan\u0131 kimi tan\u0131nan Yal\u00e7\u0131n adl\u0131 \u015f\u0259xsin d\u0259 saxlan\u0131ld\u0131\u011f\u0131 bildirilir. M\u0259lumat\u0131 d\u0259qiql\u0259\u015fdirm\u0259k \u00fc\u00e7\u00fcn \u0259m\u0259kda\u015f\u0131m\u0131z Goranboy Rayon \u0130cra Hakimiyy\u0259ti il\u0259 \u0259laq\u0259 saxlay\u0131b. M\u0259s\u0259l\u0259 il\u0259 ba\u011fl\u0131 Goranboy Rayon \u0130cra Hakimiyy\u0259tinin \u0130nformasiya t\u0259minat\u0131 v\u0259 t\u0259hlil sektorunun m\u00fcdiri Faiq Muradov&hellip;<\/p>\n","protected":false},"author":2,"featured_media":109992,"comment_status":"closed","ping_status":"closed","sticky":false,"template":"","format":"standard","meta":{"om_disable_all_campaigns":false,"_monsterinsights_skip_tracking":false,"_monsterinsights_sitenote_active":false,"_monsterinsights_sitenote_note":"","_monsterinsights_sitenote_category":0},"categories":[1],"tags":[],"aioseo_notices":[],"gutentor_comment":0,"rttpg_featured_image_url":{"full":["https:\/\/arantv.az\/wp-content\/uploads\/2019\/12\/modern.az_goranboy-2_959.jpg",620,406,false],"landscape":["https:\/\/arantv.az\/wp-content\/uploads\/2019\/12\/modern.az_goranboy-2_959.jpg",620,406,false],"portraits":["https:\/\/arantv.az\/wp-content\/uploads\/2019\/12\/modern.az_goranboy-2_959.jpg",620,406,false],"thumbnail":["https:\/\/arantv.az\/wp-content\/uploads\/2019\/12\/modern.az_goranboy-2_959-150x150.jpg",150,150,true],"medium":["https:\/\/arantv.az\/wp-content\/uploads\/2019\/12\/modern.az_goranboy-2_959-300x196.jpg",300,196,true],"large":["https:\/\/arantv.az\/wp-content\/uploads\/2019\/12\/modern.az_goranboy-2_959.jpg",620,406,false],"1536x1536":["https:\/\/arantv.az\/wp-content\/uploads\/2019\/12\/modern.az_goranboy-2_959.jpg",620,406,false],"2048x2048":["https:\/\/arantv.az\/wp-content\/uploads\/2019\/12\/modern.az_goranboy-2_959.jpg",620,406,false],"post-thumbnail":["https:\/\/arantv.az\/wp-content\/uploads\/2019\/12\/modern.az_goranboy-2_959-240x172.jpg",240,172,true],"advps-thumb-one":["https:\/\/arantv.az\/wp-content\/uploads\/2019\/12\/modern.az_goranboy-2_959.jpg",620,406,false]},"rttpg_author":{"display_name":"V\u00fcsal Rafiqo\u011flu","author_link":"https:\/\/arantv.az\/?author=2"},"rttpg_comment":0,"rttpg_category":"<a href=\"https:\/\/arantv.az\/?cat=1\" rel=\"category\">C\u0259miyy\u0259t<\/a>","rttpg_excerpt":"Sosial \u015f\u0259b\u0259k\u0259l\u0259rd\u0259 A\u011fstafa Rayon \u0130cra Hakimiyy\u0259tinin ba\u015f\u00e7\u0131s\u0131 Nizam\u0259ddin Quliyevin tutulmas\u0131ndan sonra onun bundan \u00f6nc\u0259 icra ba\u015f\u00e7\u0131s\u0131 oldu\u011fu Goranboy rayonunda da saxlan\u0131lanlar\u0131n oldu\u011fu bar\u0259d\u0259 m\u0259lumat yay\u0131l\u0131b. Bildirilir ki, saxlan\u0131lanlar i\u00e7\u0259risind\u0259 Nizam\u0259ddin Quliyevin Goranboyda icra ba\u015f\u00e7\u0131s\u0131 oldu\u011fu zaman onun birinci m\u00fcavini v\u0259zif\u0259l\u0259rind\u0259 \u00e7al\u0131\u015fm\u0131\u015f Bax\u0131\u015f Abdullayev v\u0259 El\u00e7in Cahangirovin f\u0259aliyy\u0259ti bar\u0259d\u0259 d\u0259 ara\u015fd\u0131rmalar apar\u0131l\u0131r. Onlarla b\u0259rab\u0259r N.Quliyevin pul&hellip;","_links":{"self":[{"href":"https:\/\/arantv.az\/index.php?rest_route=\/wp\/v2\/posts\/109991"}],"collection":[{"href":"https:\/\/arantv.az\/index.php?rest_route=\/wp\/v2\/posts"}],"about":[{"href":"https:\/\/arantv.az\/index.php?rest_route=\/wp\/v2\/types\/post"}],"author":[{"embeddable":true,"href":"https:\/\/arantv.az\/index.php?rest_route=\/wp\/v2\/users\/2"}],"replies":[{"embeddable":true,"href":"https:\/\/arantv.az\/index.php?rest_route=%2Fwp%2Fv2%2Fcomments&post=109991"}],"version-history":[{"count":0,"href":"https:\/\/arantv.az\/index.php?rest_route=\/wp\/v2\/posts\/109991\/revisions"}],"wp:featuredmedia":[{"embeddable":true,"href":"https:\/\/arantv.az\/index.php?rest_route=\/wp\/v2\/media\/109992"}],"wp:attachment":[{"href":"https:\/\/arantv.az\/index.php?rest_route=%2Fwp%2Fv2%2Fmedia&parent=109991"}],"wp:term":[{"taxonomy":"category","embeddable":true,"href":"https:\/\/arantv.az\/index.php?rest_route=%2Fwp%2Fv2%2Fcategories&post=109991"},{"taxonomy":"post_tag","embeddable":true,"href":"https:\/\/arantv.az\/index.php?rest_route=%2Fwp%2Fv2%2Ftags&post=109991"}],"curies":[{"name":"wp","href":"https:\/\/api.w.org\/{rel}","templated":true}]}}