{"id":109995,"date":"2019-12-20T15:47:58","date_gmt":"2019-12-20T12:47:58","guid":{"rendered":"http:\/\/arantv.az\/?p=109995"},"modified":"2019-12-20T15:47:58","modified_gmt":"2019-12-20T12:47:58","slug":"internat-m%c9%99kt%c9%99bind%c9%99-yeni-il-s%c9%99nliyi-foto","status":"publish","type":"post","link":"https:\/\/arantv.az\/?p=109995","title":{"rendered":"\u0130nternat m\u0259kt\u0259bind\u0259 Yeni il \u015f\u0259nliyi &#8211; FOTO"},"content":{"rendered":"<p>Dekabr\u0131n 20-d\u0259 T\u0259hsil Nazirliyinin t\u0259\u015fkilat\u00e7\u0131l\u0131\u011f\u0131 il\u0259 sa\u011flaml\u0131q imkanlar\u0131 m\u0259hdud u\u015faqlar \u00fc\u00e7\u00fcn 2 n\u00f6mr\u0259li x\u00fcsusi internat m\u0259kt\u0259bind\u0259 D\u00fcnya Az\u0259rbaycanl\u0131lar\u0131n\u0131n H\u0259mr\u0259ylik G\u00fcn\u00fc v\u0259 Yeni il m\u00fcnasib\u0259til\u0259 bayram \u015f\u0259nliyi ke\u00e7irilib.<\/p>\n<p>T\u0259hsil Nazirliyi \u0259m\u0259kda\u015flar\u0131n\u0131n v\u0259 K\u0130V t\u0259msil\u00e7il\u0259rinin i\u015ftirak etdiyi \u015f\u0259nlikd\u0259 internat m\u0259kt\u0259bi \u015fagirdl\u0259rinin ifas\u0131nda \u0259d\u0259bi-b\u0259dii kompozisiya, milli v\u0259 xarici r\u0259qsl\u0259r, s\u0259hn\u0259cikl\u0259r n\u00fcmayi\u015f olunub.<\/p>\n<p>U\u015faqlar \u015eaxta baba v\u0259 Qar q\u0131zla birg\u0259 r\u0259qs edib, mahn\u0131lar s\u0259sl\u0259ndiribl\u0259r.<\/p>\n<div id=\"AdviadNativeVideo0\" class=\"AdviadNativeVideo\"><\/div>\n<p>Sonra internat m\u0259kt\u0259binin \u015fagirdl\u0259rin\u0259 T\u0259hsil Nazirliyi t\u0259r\u0259find\u0259n bayram h\u0259diyy\u0259l\u0259ri t\u0259qdim olunub.<\/p>\n<p>\u0130nternat m\u0259kt\u0259bi il\u0259 tan\u0131\u015f olan media n\u00fcmay\u0259nd\u0259l\u0259rin\u0259 m\u0259lumat verilib ki, sa\u011flaml\u0131q imkanlar\u0131 m\u0259hdud u\u015faqlar \u00fc\u00e7\u00fcn 2 n\u00f6mr\u0259li x\u00fcsusi internat m\u0259kt\u0259bi 1962-ci ild\u0259n f\u0259aliyy\u0259t g\u00f6st\u0259rir. M\u0259kt\u0259bd\u0259 t\u0259hsil alan \u015fagirdl\u0259r e\u015fitm\u0259 m\u0259hdudiyy\u0259ti olan u\u015faqlard\u0131r.<\/p>\n<p>Haz\u0131rda internat m\u0259kt\u0259bind\u0259 210 \u015fagird t\u0259hsil al\u0131r, onlardan 120 n\u0259f\u0259ri m\u00fc\u0259ssis\u0259d\u0259 gec\u0259l\u0259yir. \u015eagirdl\u0259rin t\u0259lim-t\u0259rbiy\u0259si il\u0259 39 m\u00fc\u0259llim v\u0259 28 t\u0259rbiy\u0259\u00e7i m\u0259\u015f\u011ful olur. \u0130nternat m\u0259kt\u0259bind\u0259\u00a0 \u00fcmumt\u0259hsil f\u0259nl\u0259rind\u0259n \u0259lav\u0259, \u201cT\u0259l\u0259ff\u00fcz v\u0259 e\u015fitm\u0259nin inki\u015faf\u0131 \u00fczr\u0259 f\u0259rdi i\u015f\u201d, h\u0259m\u00e7inin, \u201cMimika v\u0259 daktioloji i\u015f\u201d\u00a0d\u0259rsl\u0259ri 13 loqoped m\u00fc\u0259llim t\u0259r\u0259find\u0259n f\u0259rdi \u015f\u0259kild\u0259\u00a0 t\u0259dris olunur.<\/p>\n<p>X\u00fcsusi internat m\u0259kt\u0259bi 2015-ci ilin noyabr ay\u0131nda \u0259sasl\u0131 t\u0259mir v\u0259 tikinti i\u015fl\u0259ri yekunla\u015fd\u0131qdan sonra \u015fagirdl\u0259rin\u00a0istifad\u0259sin\u0259 verilib.<\/p>\n<p>Cari t\u0259dris ilind\u0259\u00a0T\u0259hsil Nazirliyi t\u0259r\u0259find\u0259n x\u00fcsusi internat m\u0259kt\u0259binin yataqxana korpusu \u0259sasl\u0131 t\u0259mir olunaraq m\u00fcasir t\u0259l\u0259b\u0259l\u0259r\u0259 cavab ver\u0259n yem\u0259kxana, istirah\u0259t v\u0259 yataq otaqlar\u0131 il\u0259 t\u0259min olunub.<\/p>\n<div class=\"gallery\">\n<div class=\"gallery-i\"><img src=\"https:\/\/assets.oxu.az\/uploads\/W1siZiIsIjIwMTkvMTIvMjAvMTYvMDQvMDkvZjljZDFhNWYtYTFmYy00NzE2LWJhN2MtYmNjNTdiMTE0NjhiLzc5ODU4MDI5XzQ5NTg0Mzk1NDM2ODQ0MF81MzA0ODE5NTc0NTA2NTIwNTc2X24uanBnIl0sWyJwIiwiZW5jb2RlIiwianBnIiwiLXF1YWxpdHkgODAiXSxbInAiLCJ0aHVtYiIsIjU5MHg1OTBcdTAwM2UiXV0?sha=f88da9848ce9be38\" \/><\/p>\n<div class=\"gallery-i-caption\"><\/div>\n<\/div>\n<div class=\"gallery-i\"><img src=\"https:\/\/assets.oxu.az\/uploads\/W1siZiIsIjIwMTkvMTIvMjAvMTYvMDQvMTIvY2Q3Yjg3OGYtZGNhNC00MTlhLThmY2YtMDAwNWE4NzY4OGIyLzc5OTcyNDk2XzI0NjkxMjg1MzY2OTAwNjdfNTM5Mzg0MTk1ODY1MTE2NjcyMF9uLmpwZyJdLFsicCIsImVuY29kZSIsImpwZyIsIi1xdWFsaXR5IDgwIl0sWyJwIiwidGh1bWIiLCI1OTB4NTkwXHUwMDNlIl1d?sha=578fe9c513d44c3a\" \/><\/p>\n<div class=\"gallery-i-caption\"><\/div>\n<\/div>\n<div class=\"gallery-i\"><img src=\"https:\/\/assets.oxu.az\/uploads\/W1siZiIsIjIwMTkvMTIvMjAvMTYvMDQvMTUvODBkNjExMzYtOThlMS00NTg3LTlkZWYtMjczYWYzM2IzODUwLzgwNTUxMzA5XzIyMTk2ODU4ODUwMDAwMjFfNjc1ODUxNzQyODM5ODg1MDA0OF9uLmpwZyJdLFsicCIsImVuY29kZSIsImpwZyIsIi1xdWFsaXR5IDgwIl0sWyJwIiwidGh1bWIiLCI1OTB4NTkwXHUwMDNlIl1d?sha=c45dd7f81e7789e4\" \/><\/div>\n<\/div>\n","protected":false},"excerpt":{"rendered":"<p>Dekabr\u0131n 20-d\u0259 T\u0259hsil Nazirliyinin t\u0259\u015fkilat\u00e7\u0131l\u0131\u011f\u0131 il\u0259 sa\u011flaml\u0131q imkanlar\u0131 m\u0259hdud u\u015faqlar \u00fc\u00e7\u00fcn 2 n\u00f6mr\u0259li x\u00fcsusi internat m\u0259kt\u0259bind\u0259 D\u00fcnya Az\u0259rbaycanl\u0131lar\u0131n\u0131n H\u0259mr\u0259ylik G\u00fcn\u00fc v\u0259 Yeni il m\u00fcnasib\u0259til\u0259 bayram \u015f\u0259nliyi ke\u00e7irilib. T\u0259hsil Nazirliyi \u0259m\u0259kda\u015flar\u0131n\u0131n v\u0259 K\u0130V t\u0259msil\u00e7il\u0259rinin i\u015ftirak etdiyi \u015f\u0259nlikd\u0259 internat m\u0259kt\u0259bi \u015fagirdl\u0259rinin ifas\u0131nda \u0259d\u0259bi-b\u0259dii kompozisiya, milli v\u0259 xarici r\u0259qsl\u0259r, s\u0259hn\u0259cikl\u0259r n\u00fcmayi\u015f olunub. U\u015faqlar \u015eaxta baba v\u0259 Qar q\u0131zla birg\u0259 r\u0259qs edib, mahn\u0131lar s\u0259sl\u0259ndiribl\u0259r. Sonra internat m\u0259kt\u0259binin \u015fagirdl\u0259rin\u0259 T\u0259hsil Nazirliyi t\u0259r\u0259find\u0259n bayram h\u0259diyy\u0259l\u0259ri t\u0259qdim olunub. \u0130nternat m\u0259kt\u0259bi il\u0259 tan\u0131\u015f olan media n\u00fcmay\u0259nd\u0259l\u0259rin\u0259 m\u0259lumat verilib ki, sa\u011flaml\u0131q imkanlar\u0131 m\u0259hdud u\u015faqlar \u00fc\u00e7\u00fcn 2 n\u00f6mr\u0259li x\u00fcsusi internat&hellip;<\/p>\n","protected":false},"author":2,"featured_media":109996,"comment_status":"closed","ping_status":"closed","sticky":false,"template":"","format":"standard","meta":{"om_disable_all_campaigns":false,"_monsterinsights_skip_tracking":false,"_monsterinsights_sitenote_active":false,"_monsterinsights_sitenote_note":"","_monsterinsights_sitenote_category":0},"categories":[23],"tags":[],"aioseo_notices":[],"gutentor_comment":0,"rttpg_featured_image_url":{"full":["https:\/\/arantv.az\/wp-content\/uploads\/2019\/12\/79972496_2469128536690067_5393841958651166720_n.jpg",620,413,false],"landscape":["https:\/\/arantv.az\/wp-content\/uploads\/2019\/12\/79972496_2469128536690067_5393841958651166720_n.jpg",620,413,false],"portraits":["https:\/\/arantv.az\/wp-content\/uploads\/2019\/12\/79972496_2469128536690067_5393841958651166720_n.jpg",620,413,false],"thumbnail":["https:\/\/arantv.az\/wp-content\/uploads\/2019\/12\/79972496_2469128536690067_5393841958651166720_n-150x150.jpg",150,150,true],"medium":["https:\/\/arantv.az\/wp-content\/uploads\/2019\/12\/79972496_2469128536690067_5393841958651166720_n-300x200.jpg",300,200,true],"large":["https:\/\/arantv.az\/wp-content\/uploads\/2019\/12\/79972496_2469128536690067_5393841958651166720_n.jpg",620,413,false],"1536x1536":["https:\/\/arantv.az\/wp-content\/uploads\/2019\/12\/79972496_2469128536690067_5393841958651166720_n.jpg",620,413,false],"2048x2048":["https:\/\/arantv.az\/wp-content\/uploads\/2019\/12\/79972496_2469128536690067_5393841958651166720_n.jpg",620,413,false],"post-thumbnail":["https:\/\/arantv.az\/wp-content\/uploads\/2019\/12\/79972496_2469128536690067_5393841958651166720_n-240x172.jpg",240,172,true],"advps-thumb-one":["https:\/\/arantv.az\/wp-content\/uploads\/2019\/12\/79972496_2469128536690067_5393841958651166720_n.jpg",620,413,false]},"rttpg_author":{"display_name":"V\u00fcsal Rafiqo\u011flu","author_link":"https:\/\/arantv.az\/?author=2"},"rttpg_comment":0,"rttpg_category":"<a href=\"https:\/\/arantv.az\/?cat=23\" rel=\"category\">T\u0259hsil<\/a>","rttpg_excerpt":"Dekabr\u0131n 20-d\u0259 T\u0259hsil Nazirliyinin t\u0259\u015fkilat\u00e7\u0131l\u0131\u011f\u0131 il\u0259 sa\u011flaml\u0131q imkanlar\u0131 m\u0259hdud u\u015faqlar \u00fc\u00e7\u00fcn 2 n\u00f6mr\u0259li x\u00fcsusi internat m\u0259kt\u0259bind\u0259 D\u00fcnya Az\u0259rbaycanl\u0131lar\u0131n\u0131n H\u0259mr\u0259ylik G\u00fcn\u00fc v\u0259 Yeni il m\u00fcnasib\u0259til\u0259 bayram \u015f\u0259nliyi ke\u00e7irilib. T\u0259hsil Nazirliyi \u0259m\u0259kda\u015flar\u0131n\u0131n v\u0259 K\u0130V t\u0259msil\u00e7il\u0259rinin i\u015ftirak etdiyi \u015f\u0259nlikd\u0259 internat m\u0259kt\u0259bi \u015fagirdl\u0259rinin ifas\u0131nda \u0259d\u0259bi-b\u0259dii kompozisiya, milli v\u0259 xarici r\u0259qsl\u0259r, s\u0259hn\u0259cikl\u0259r n\u00fcmayi\u015f olunub. U\u015faqlar \u015eaxta baba v\u0259 Qar q\u0131zla&hellip;","_links":{"self":[{"href":"https:\/\/arantv.az\/index.php?rest_route=\/wp\/v2\/posts\/109995"}],"collection":[{"href":"https:\/\/arantv.az\/index.php?rest_route=\/wp\/v2\/posts"}],"about":[{"href":"https:\/\/arantv.az\/index.php?rest_route=\/wp\/v2\/types\/post"}],"author":[{"embeddable":true,"href":"https:\/\/arantv.az\/index.php?rest_route=\/wp\/v2\/users\/2"}],"replies":[{"embeddable":true,"href":"https:\/\/arantv.az\/index.php?rest_route=%2Fwp%2Fv2%2Fcomments&post=109995"}],"version-history":[{"count":0,"href":"https:\/\/arantv.az\/index.php?rest_route=\/wp\/v2\/posts\/109995\/revisions"}],"wp:featuredmedia":[{"embeddable":true,"href":"https:\/\/arantv.az\/index.php?rest_route=\/wp\/v2\/media\/109996"}],"wp:attachment":[{"href":"https:\/\/arantv.az\/index.php?rest_route=%2Fwp%2Fv2%2Fmedia&parent=109995"}],"wp:term":[{"taxonomy":"category","embeddable":true,"href":"https:\/\/arantv.az\/index.php?rest_route=%2Fwp%2Fv2%2Fcategories&post=109995"},{"taxonomy":"post_tag","embeddable":true,"href":"https:\/\/arantv.az\/index.php?rest_route=%2Fwp%2Fv2%2Ftags&post=109995"}],"curies":[{"name":"wp","href":"https:\/\/api.w.org\/{rel}","templated":true}]}}