{"id":110007,"date":"2019-12-20T16:02:18","date_gmt":"2019-12-20T13:02:18","guid":{"rendered":"http:\/\/arantv.az\/?p=110007"},"modified":"2019-12-20T16:02:18","modified_gmt":"2019-12-20T13:02:18","slug":"%c9%99lli-yasli-h%c9%99kim-uc%c9%99m-dunyaya-g%c9%99tirdi","status":"publish","type":"post","link":"https:\/\/arantv.az\/?p=110007","title":{"rendered":"\u018flli ya\u015fl\u0131 h\u0259kim \u00fc\u00e7\u0259m d\u00fcnyaya g\u0259tirdi"},"content":{"rendered":"<p>T\u00fcrkiy\u0259d\u0259 50 ya\u015fl\u0131 qad\u0131n \u00fc\u00e7\u0259m d\u00fcnyaya g\u0259tirib.<\/p>\n<p>\u201cHaber7\u201dnin m\u0259lumat\u0131na g\u00f6r\u0259, doqquz il s\u00fcni\u00a0mayalama etdir\u0259n Aylin \u018frdo\u011fan 50 ya\u015f\u0131nda \u00fc\u00e7\u0259m anas\u0131 olub.<\/p>\n<p>Aylin v\u0259 Ertan \u018frdo\u011fan c\u00fctl\u00fcy\u00fc \u00f6vladlar\u0131n\u0131n adlar\u0131n\u0131 Tardu, Tansu v\u0259 Tanyu qoyublar.<\/p>\n<p>H\u0259kim olan A.\u018frdo\u011fan ana olmaq ist\u0259y\u0259n h\u0259r bir qad\u0131n\u0131n arzusuna \u00e7ataca\u011f\u0131na inand\u0131\u011f\u0131n\u0131 deyib.<\/p>\n","protected":false},"excerpt":{"rendered":"<p>T\u00fcrkiy\u0259d\u0259 50 ya\u015fl\u0131 qad\u0131n \u00fc\u00e7\u0259m d\u00fcnyaya g\u0259tirib. \u201cHaber7\u201dnin m\u0259lumat\u0131na g\u00f6r\u0259, doqquz il s\u00fcni\u00a0mayalama etdir\u0259n Aylin \u018frdo\u011fan 50 ya\u015f\u0131nda \u00fc\u00e7\u0259m anas\u0131 olub. Aylin v\u0259 Ertan \u018frdo\u011fan c\u00fctl\u00fcy\u00fc \u00f6vladlar\u0131n\u0131n adlar\u0131n\u0131 Tardu, Tansu v\u0259 Tanyu qoyublar. H\u0259kim olan A.\u018frdo\u011fan ana olmaq ist\u0259y\u0259n h\u0259r bir qad\u0131n\u0131n arzusuna \u00e7ataca\u011f\u0131na inand\u0131\u011f\u0131n\u0131 deyib.<\/p>\n","protected":false},"author":2,"featured_media":110008,"comment_status":"closed","ping_status":"closed","sticky":false,"template":"","format":"standard","meta":{"om_disable_all_campaigns":false,"_monsterinsights_skip_tracking":false,"_monsterinsights_sitenote_active":false,"_monsterinsights_sitenote_note":"","_monsterinsights_sitenote_category":0},"categories":[7],"tags":[],"aioseo_notices":[],"gutentor_comment":0,"rttpg_featured_image_url":{"full":["https:\/\/arantv.az\/wp-content\/uploads\/2019\/12\/0x0-50-yasinda-ucuzlerini-kucagina-aldi-1576739860366.jpg",620,414,false],"landscape":["https:\/\/arantv.az\/wp-content\/uploads\/2019\/12\/0x0-50-yasinda-ucuzlerini-kucagina-aldi-1576739860366.jpg",620,414,false],"portraits":["https:\/\/arantv.az\/wp-content\/uploads\/2019\/12\/0x0-50-yasinda-ucuzlerini-kucagina-aldi-1576739860366.jpg",620,414,false],"thumbnail":["https:\/\/arantv.az\/wp-content\/uploads\/2019\/12\/0x0-50-yasinda-ucuzlerini-kucagina-aldi-1576739860366-150x150.jpg",150,150,true],"medium":["https:\/\/arantv.az\/wp-content\/uploads\/2019\/12\/0x0-50-yasinda-ucuzlerini-kucagina-aldi-1576739860366-300x200.jpg",300,200,true],"large":["https:\/\/arantv.az\/wp-content\/uploads\/2019\/12\/0x0-50-yasinda-ucuzlerini-kucagina-aldi-1576739860366.jpg",620,414,false],"1536x1536":["https:\/\/arantv.az\/wp-content\/uploads\/2019\/12\/0x0-50-yasinda-ucuzlerini-kucagina-aldi-1576739860366.jpg",620,414,false],"2048x2048":["https:\/\/arantv.az\/wp-content\/uploads\/2019\/12\/0x0-50-yasinda-ucuzlerini-kucagina-aldi-1576739860366.jpg",620,414,false],"post-thumbnail":["https:\/\/arantv.az\/wp-content\/uploads\/2019\/12\/0x0-50-yasinda-ucuzlerini-kucagina-aldi-1576739860366-240x172.jpg",240,172,true],"advps-thumb-one":["https:\/\/arantv.az\/wp-content\/uploads\/2019\/12\/0x0-50-yasinda-ucuzlerini-kucagina-aldi-1576739860366.jpg",620,414,false]},"rttpg_author":{"display_name":"V\u00fcsal Rafiqo\u011flu","author_link":"https:\/\/arantv.az\/?author=2"},"rttpg_comment":0,"rttpg_category":"<a href=\"https:\/\/arantv.az\/?cat=7\" rel=\"category\">D\u00fcnya<\/a>","rttpg_excerpt":"T\u00fcrkiy\u0259d\u0259 50 ya\u015fl\u0131 qad\u0131n \u00fc\u00e7\u0259m d\u00fcnyaya g\u0259tirib. \u201cHaber7\u201dnin m\u0259lumat\u0131na g\u00f6r\u0259, doqquz il s\u00fcni\u00a0mayalama etdir\u0259n Aylin \u018frdo\u011fan 50 ya\u015f\u0131nda \u00fc\u00e7\u0259m anas\u0131 olub. Aylin v\u0259 Ertan \u018frdo\u011fan c\u00fctl\u00fcy\u00fc \u00f6vladlar\u0131n\u0131n adlar\u0131n\u0131 Tardu, Tansu v\u0259 Tanyu qoyublar. H\u0259kim olan A.\u018frdo\u011fan ana olmaq ist\u0259y\u0259n h\u0259r bir qad\u0131n\u0131n arzusuna \u00e7ataca\u011f\u0131na inand\u0131\u011f\u0131n\u0131 deyib.","_links":{"self":[{"href":"https:\/\/arantv.az\/index.php?rest_route=\/wp\/v2\/posts\/110007"}],"collection":[{"href":"https:\/\/arantv.az\/index.php?rest_route=\/wp\/v2\/posts"}],"about":[{"href":"https:\/\/arantv.az\/index.php?rest_route=\/wp\/v2\/types\/post"}],"author":[{"embeddable":true,"href":"https:\/\/arantv.az\/index.php?rest_route=\/wp\/v2\/users\/2"}],"replies":[{"embeddable":true,"href":"https:\/\/arantv.az\/index.php?rest_route=%2Fwp%2Fv2%2Fcomments&post=110007"}],"version-history":[{"count":0,"href":"https:\/\/arantv.az\/index.php?rest_route=\/wp\/v2\/posts\/110007\/revisions"}],"wp:featuredmedia":[{"embeddable":true,"href":"https:\/\/arantv.az\/index.php?rest_route=\/wp\/v2\/media\/110008"}],"wp:attachment":[{"href":"https:\/\/arantv.az\/index.php?rest_route=%2Fwp%2Fv2%2Fmedia&parent=110007"}],"wp:term":[{"taxonomy":"category","embeddable":true,"href":"https:\/\/arantv.az\/index.php?rest_route=%2Fwp%2Fv2%2Fcategories&post=110007"},{"taxonomy":"post_tag","embeddable":true,"href":"https:\/\/arantv.az\/index.php?rest_route=%2Fwp%2Fv2%2Ftags&post=110007"}],"curies":[{"name":"wp","href":"https:\/\/api.w.org\/{rel}","templated":true}]}}