{"id":110057,"date":"2019-12-21T08:15:13","date_gmt":"2019-12-21T05:15:13","guid":{"rendered":"http:\/\/arantv.az\/?p=110057"},"modified":"2019-12-21T08:15:13","modified_gmt":"2019-12-21T05:15:13","slug":"deputat-olmaq-ist%c9%99y%c9%99nl%c9%99rin-n%c9%99z%c9%99rin%c9%99","status":"publish","type":"post","link":"https:\/\/arantv.az\/?p=110057","title":{"rendered":"Deputat olmaq ist\u0259y\u0259nl\u0259rin N\u018fZ\u018fR\u0130N\u018f"},"content":{"rendered":"<p>Bu g\u00fcnd\u0259n n\u00f6vb\u0259d\u0259nk\u0259nar parlament se\u00e7kil\u0259ri \u00fc\u00e7\u00fcn deputatl\u0131\u011fa n\u0430miz\u0259dl\u0259rin qeyd\u0259 al\u0131nmas\u0131 \u00fc\u00e7\u00fcn z\u0259ruri olan se\u00e7ki s\u0259n\u0259dl\u0259rinin Dair\u0259 Se\u00e7ki Komissiyas\u0131na t\u0259qdim edilm\u0259sin\u0259 ba\u015flan\u0131l\u0131r.<\/p>\n<p><b>ARANTV.AZ<\/b>-\u0131n m\u0259lumat\u0131na g\u00f6r\u0259, bu bar\u0259d\u0259 n\u00f6vb\u0259d\u0259nk\u0259nar parlament se\u00e7kil\u0259rinin haz\u0131rlan\u0131b ke\u00e7irilm\u0259si \u00fczr\u0259 \u0259sas h\u0259r\u0259k\u0259t v\u0259 t\u0259dbirl\u0259rin T\u0259qvim Plan\u0131nda bildirilib.<\/p>\n<p>Se\u00e7ki s\u0259n\u0259dl\u0259ri namiz\u0259d v\u0259 ya onun s\u0259lahiyy\u0259tli n\u00fcmay\u0259nd\u0259si, siyasi partiyan\u0131n, siyasi partiyalar blokunun s\u0259lahiyy\u0259tli n\u00fcmay\u0259nd\u0259si t\u0259r\u0259find\u0259n t\u0259qdim olunmal\u0131d\u0131r.<\/p>\n<p>S\u0259n\u0259dl\u0259r s\u0259sverm\u0259 g\u00fcn\u00fcn\u0259 \u0259n \u00e7oxu 50 v\u0259 \u0259n \u0430z\u0131 30 g\u00fcn qalm\u0131\u015f saat 18:00-d\u0259k, y\u0259ni 2019-cu il dekabr\u0131n 21-d\u0259n 2020-ci il yanvar\u0131n 10-u saat 18:00-d\u0259k t\u0259qdim edilm\u0259lidir.<\/p>\n<p>Qeyd ed\u0259k ki, Az\u0259rbaycanda n\u00f6vb\u0259d\u0259nk\u0259nar parlament se\u00e7kil\u0259ri 2020-ci ilin fevral\u0131n 9-da ke\u00e7iril\u0259c\u0259k.Oxu.Az<\/p>\n","protected":false},"excerpt":{"rendered":"<p>Bu g\u00fcnd\u0259n n\u00f6vb\u0259d\u0259nk\u0259nar parlament se\u00e7kil\u0259ri \u00fc\u00e7\u00fcn deputatl\u0131\u011fa n\u0430miz\u0259dl\u0259rin qeyd\u0259 al\u0131nmas\u0131 \u00fc\u00e7\u00fcn z\u0259ruri olan se\u00e7ki s\u0259n\u0259dl\u0259rinin Dair\u0259 Se\u00e7ki Komissiyas\u0131na t\u0259qdim edilm\u0259sin\u0259 ba\u015flan\u0131l\u0131r. ARANTV.AZ-\u0131n m\u0259lumat\u0131na g\u00f6r\u0259, bu bar\u0259d\u0259 n\u00f6vb\u0259d\u0259nk\u0259nar parlament se\u00e7kil\u0259rinin haz\u0131rlan\u0131b ke\u00e7irilm\u0259si \u00fczr\u0259 \u0259sas h\u0259r\u0259k\u0259t v\u0259 t\u0259dbirl\u0259rin T\u0259qvim Plan\u0131nda bildirilib. Se\u00e7ki s\u0259n\u0259dl\u0259ri namiz\u0259d v\u0259 ya onun s\u0259lahiyy\u0259tli n\u00fcmay\u0259nd\u0259si, siyasi partiyan\u0131n, siyasi partiyalar blokunun s\u0259lahiyy\u0259tli n\u00fcmay\u0259nd\u0259si t\u0259r\u0259find\u0259n t\u0259qdim olunmal\u0131d\u0131r. S\u0259n\u0259dl\u0259r s\u0259sverm\u0259 g\u00fcn\u00fcn\u0259 \u0259n \u00e7oxu 50 v\u0259 \u0259n \u0430z\u0131 30 g\u00fcn qalm\u0131\u015f saat 18:00-d\u0259k, y\u0259ni 2019-cu il dekabr\u0131n 21-d\u0259n 2020-ci il yanvar\u0131n 10-u saat 18:00-d\u0259k t\u0259qdim edilm\u0259lidir. Qeyd ed\u0259k ki, Az\u0259rbaycanda n\u00f6vb\u0259d\u0259nk\u0259nar parlament&hellip;<\/p>\n","protected":false},"author":2,"featured_media":110058,"comment_status":"closed","ping_status":"closed","sticky":false,"template":"","format":"standard","meta":{"om_disable_all_campaigns":false,"_monsterinsights_skip_tracking":false,"_monsterinsights_sitenote_active":false,"_monsterinsights_sitenote_note":"","_monsterinsights_sitenote_category":0},"categories":[1],"tags":[],"aioseo_notices":[],"gutentor_comment":0,"rttpg_featured_image_url":{"full":["https:\/\/arantv.az\/wp-content\/uploads\/2019\/12\/secki1.jpg",620,414,false],"landscape":["https:\/\/arantv.az\/wp-content\/uploads\/2019\/12\/secki1.jpg",620,414,false],"portraits":["https:\/\/arantv.az\/wp-content\/uploads\/2019\/12\/secki1.jpg",620,414,false],"thumbnail":["https:\/\/arantv.az\/wp-content\/uploads\/2019\/12\/secki1-150x150.jpg",150,150,true],"medium":["https:\/\/arantv.az\/wp-content\/uploads\/2019\/12\/secki1-300x200.jpg",300,200,true],"large":["https:\/\/arantv.az\/wp-content\/uploads\/2019\/12\/secki1.jpg",620,414,false],"1536x1536":["https:\/\/arantv.az\/wp-content\/uploads\/2019\/12\/secki1.jpg",620,414,false],"2048x2048":["https:\/\/arantv.az\/wp-content\/uploads\/2019\/12\/secki1.jpg",620,414,false],"post-thumbnail":["https:\/\/arantv.az\/wp-content\/uploads\/2019\/12\/secki1-240x172.jpg",240,172,true],"advps-thumb-one":["https:\/\/arantv.az\/wp-content\/uploads\/2019\/12\/secki1.jpg",620,414,false]},"rttpg_author":{"display_name":"V\u00fcsal Rafiqo\u011flu","author_link":"https:\/\/arantv.az\/?author=2"},"rttpg_comment":0,"rttpg_category":"<a href=\"https:\/\/arantv.az\/?cat=1\" rel=\"category\">C\u0259miyy\u0259t<\/a>","rttpg_excerpt":"Bu g\u00fcnd\u0259n n\u00f6vb\u0259d\u0259nk\u0259nar parlament se\u00e7kil\u0259ri \u00fc\u00e7\u00fcn deputatl\u0131\u011fa n\u0430miz\u0259dl\u0259rin qeyd\u0259 al\u0131nmas\u0131 \u00fc\u00e7\u00fcn z\u0259ruri olan se\u00e7ki s\u0259n\u0259dl\u0259rinin Dair\u0259 Se\u00e7ki Komissiyas\u0131na t\u0259qdim edilm\u0259sin\u0259 ba\u015flan\u0131l\u0131r. ARANTV.AZ-\u0131n m\u0259lumat\u0131na g\u00f6r\u0259, bu bar\u0259d\u0259 n\u00f6vb\u0259d\u0259nk\u0259nar parlament se\u00e7kil\u0259rinin haz\u0131rlan\u0131b ke\u00e7irilm\u0259si \u00fczr\u0259 \u0259sas h\u0259r\u0259k\u0259t v\u0259 t\u0259dbirl\u0259rin T\u0259qvim Plan\u0131nda bildirilib. Se\u00e7ki s\u0259n\u0259dl\u0259ri namiz\u0259d v\u0259 ya onun s\u0259lahiyy\u0259tli n\u00fcmay\u0259nd\u0259si, siyasi partiyan\u0131n, siyasi partiyalar blokunun s\u0259lahiyy\u0259tli n\u00fcmay\u0259nd\u0259si t\u0259r\u0259find\u0259n&hellip;","_links":{"self":[{"href":"https:\/\/arantv.az\/index.php?rest_route=\/wp\/v2\/posts\/110057"}],"collection":[{"href":"https:\/\/arantv.az\/index.php?rest_route=\/wp\/v2\/posts"}],"about":[{"href":"https:\/\/arantv.az\/index.php?rest_route=\/wp\/v2\/types\/post"}],"author":[{"embeddable":true,"href":"https:\/\/arantv.az\/index.php?rest_route=\/wp\/v2\/users\/2"}],"replies":[{"embeddable":true,"href":"https:\/\/arantv.az\/index.php?rest_route=%2Fwp%2Fv2%2Fcomments&post=110057"}],"version-history":[{"count":0,"href":"https:\/\/arantv.az\/index.php?rest_route=\/wp\/v2\/posts\/110057\/revisions"}],"wp:featuredmedia":[{"embeddable":true,"href":"https:\/\/arantv.az\/index.php?rest_route=\/wp\/v2\/media\/110058"}],"wp:attachment":[{"href":"https:\/\/arantv.az\/index.php?rest_route=%2Fwp%2Fv2%2Fmedia&parent=110057"}],"wp:term":[{"taxonomy":"category","embeddable":true,"href":"https:\/\/arantv.az\/index.php?rest_route=%2Fwp%2Fv2%2Fcategories&post=110057"},{"taxonomy":"post_tag","embeddable":true,"href":"https:\/\/arantv.az\/index.php?rest_route=%2Fwp%2Fv2%2Ftags&post=110057"}],"curies":[{"name":"wp","href":"https:\/\/api.w.org\/{rel}","templated":true}]}}