{"id":110069,"date":"2019-12-21T08:22:21","date_gmt":"2019-12-21T05:22:21","guid":{"rendered":"http:\/\/arantv.az\/?p=110069"},"modified":"2019-12-21T08:22:21","modified_gmt":"2019-12-21T05:22:21","slug":"bakida-avtomobil-yeniyetm%c9%99ni-vuraraq-agir-x%c9%99sar%c9%99t-yetirib","status":"publish","type":"post","link":"https:\/\/arantv.az\/?p=110069","title":{"rendered":"Bak\u0131da avtomobil yeniyetm\u0259ni vuraraq a\u011f\u0131r x\u0259sar\u0259t yetirib"},"content":{"rendered":"<p>Bak\u0131n\u0131n Bin\u0259q\u0259di rayonunda yeniyetm\u0259nin x\u0259sar\u0259t almas\u0131 il\u0259 n\u0259tic\u0259l\u0259n\u0259n yol q\u0259zas\u0131 ba\u015f verib.<\/p>\n<p>Hadis\u0259 &#8220;G\u0259ncl\u0259r \u015f\u0259h\u0259rciyi&#8221; ya\u015fay\u0131\u015f massivinin yax\u0131nl\u0131\u011f\u0131nda qeyd\u0259 al\u0131n\u0131b.<\/p>\n<p>Minik avtomobili 2001-ci il t\u0259v\u0259ll\u00fcdl\u00fc M\u0259mm\u0259dova \u015e\u0259bn\u0259m Adil q\u0131z\u0131n\u0131 vurub. Yaral\u0131 a\u011f\u0131r v\u0259ziyy\u0259td\u0259 x\u0259st\u0259xanaya yerl\u0259\u015fdirilib. Ona qapal\u0131 k\u0259ll\u0259-beyin travmas\u0131, d\u00f6\u015f q\u0259f\u0259sinin k\u00fct travmas\u0131 diaqnozu qoyulub.<\/p>\n<div><\/div>\n<p>Faktla ba\u011fl\u0131 ara\u015fd\u0131rma apar\u0131l\u0131r.<\/p>\n","protected":false},"excerpt":{"rendered":"<p>Bak\u0131n\u0131n Bin\u0259q\u0259di rayonunda yeniyetm\u0259nin x\u0259sar\u0259t almas\u0131 il\u0259 n\u0259tic\u0259l\u0259n\u0259n yol q\u0259zas\u0131 ba\u015f verib. Hadis\u0259 &#8220;G\u0259ncl\u0259r \u015f\u0259h\u0259rciyi&#8221; ya\u015fay\u0131\u015f massivinin yax\u0131nl\u0131\u011f\u0131nda qeyd\u0259 al\u0131n\u0131b. Minik avtomobili 2001-ci il t\u0259v\u0259ll\u00fcdl\u00fc M\u0259mm\u0259dova \u015e\u0259bn\u0259m Adil q\u0131z\u0131n\u0131 vurub. Yaral\u0131 a\u011f\u0131r v\u0259ziyy\u0259td\u0259 x\u0259st\u0259xanaya yerl\u0259\u015fdirilib. Ona qapal\u0131 k\u0259ll\u0259-beyin travmas\u0131, d\u00f6\u015f q\u0259f\u0259sinin k\u00fct travmas\u0131 diaqnozu qoyulub. Faktla ba\u011fl\u0131 ara\u015fd\u0131rma apar\u0131l\u0131r.<\/p>\n","protected":false},"author":2,"featured_media":110070,"comment_status":"closed","ping_status":"closed","sticky":false,"template":"","format":"standard","meta":{"om_disable_all_campaigns":false,"_monsterinsights_skip_tracking":false,"_monsterinsights_sitenote_active":false,"_monsterinsights_sitenote_note":"","_monsterinsights_sitenote_category":0},"categories":[5],"tags":[],"aioseo_notices":[],"gutentor_comment":0,"rttpg_featured_image_url":{"full":["https:\/\/arantv.az\/wp-content\/uploads\/2019\/12\/piyada_28348667.jpg",800,600,false],"landscape":["https:\/\/arantv.az\/wp-content\/uploads\/2019\/12\/piyada_28348667.jpg",800,600,false],"portraits":["https:\/\/arantv.az\/wp-content\/uploads\/2019\/12\/piyada_28348667.jpg",800,600,false],"thumbnail":["https:\/\/arantv.az\/wp-content\/uploads\/2019\/12\/piyada_28348667-150x150.jpg",150,150,true],"medium":["https:\/\/arantv.az\/wp-content\/uploads\/2019\/12\/piyada_28348667-300x225.jpg",300,225,true],"large":["https:\/\/arantv.az\/wp-content\/uploads\/2019\/12\/piyada_28348667.jpg",640,480,false],"1536x1536":["https:\/\/arantv.az\/wp-content\/uploads\/2019\/12\/piyada_28348667.jpg",800,600,false],"2048x2048":["https:\/\/arantv.az\/wp-content\/uploads\/2019\/12\/piyada_28348667.jpg",800,600,false],"post-thumbnail":["https:\/\/arantv.az\/wp-content\/uploads\/2019\/12\/piyada_28348667-240x172.jpg",240,172,true],"advps-thumb-one":["https:\/\/arantv.az\/wp-content\/uploads\/2019\/12\/piyada_28348667.jpg",800,600,false]},"rttpg_author":{"display_name":"V\u00fcsal Rafiqo\u011flu","author_link":"https:\/\/arantv.az\/?author=2"},"rttpg_comment":0,"rttpg_category":"<a href=\"https:\/\/arantv.az\/?cat=5\" rel=\"category\">Hadis\u0259<\/a>","rttpg_excerpt":"Bak\u0131n\u0131n Bin\u0259q\u0259di rayonunda yeniyetm\u0259nin x\u0259sar\u0259t almas\u0131 il\u0259 n\u0259tic\u0259l\u0259n\u0259n yol q\u0259zas\u0131 ba\u015f verib. Hadis\u0259 &#8220;G\u0259ncl\u0259r \u015f\u0259h\u0259rciyi&#8221; ya\u015fay\u0131\u015f massivinin yax\u0131nl\u0131\u011f\u0131nda qeyd\u0259 al\u0131n\u0131b. Minik avtomobili 2001-ci il t\u0259v\u0259ll\u00fcdl\u00fc M\u0259mm\u0259dova \u015e\u0259bn\u0259m Adil q\u0131z\u0131n\u0131 vurub. Yaral\u0131 a\u011f\u0131r v\u0259ziyy\u0259td\u0259 x\u0259st\u0259xanaya yerl\u0259\u015fdirilib. Ona qapal\u0131 k\u0259ll\u0259-beyin travmas\u0131, d\u00f6\u015f q\u0259f\u0259sinin k\u00fct travmas\u0131 diaqnozu qoyulub. Faktla ba\u011fl\u0131 ara\u015fd\u0131rma apar\u0131l\u0131r.","_links":{"self":[{"href":"https:\/\/arantv.az\/index.php?rest_route=\/wp\/v2\/posts\/110069"}],"collection":[{"href":"https:\/\/arantv.az\/index.php?rest_route=\/wp\/v2\/posts"}],"about":[{"href":"https:\/\/arantv.az\/index.php?rest_route=\/wp\/v2\/types\/post"}],"author":[{"embeddable":true,"href":"https:\/\/arantv.az\/index.php?rest_route=\/wp\/v2\/users\/2"}],"replies":[{"embeddable":true,"href":"https:\/\/arantv.az\/index.php?rest_route=%2Fwp%2Fv2%2Fcomments&post=110069"}],"version-history":[{"count":0,"href":"https:\/\/arantv.az\/index.php?rest_route=\/wp\/v2\/posts\/110069\/revisions"}],"wp:featuredmedia":[{"embeddable":true,"href":"https:\/\/arantv.az\/index.php?rest_route=\/wp\/v2\/media\/110070"}],"wp:attachment":[{"href":"https:\/\/arantv.az\/index.php?rest_route=%2Fwp%2Fv2%2Fmedia&parent=110069"}],"wp:term":[{"taxonomy":"category","embeddable":true,"href":"https:\/\/arantv.az\/index.php?rest_route=%2Fwp%2Fv2%2Fcategories&post=110069"},{"taxonomy":"post_tag","embeddable":true,"href":"https:\/\/arantv.az\/index.php?rest_route=%2Fwp%2Fv2%2Ftags&post=110069"}],"curies":[{"name":"wp","href":"https:\/\/api.w.org\/{rel}","templated":true}]}}