{"id":110139,"date":"2019-12-21T09:20:51","date_gmt":"2019-12-21T06:20:51","guid":{"rendered":"http:\/\/arantv.az\/?p=110139"},"modified":"2019-12-21T09:20:51","modified_gmt":"2019-12-21T06:20:51","slug":"kamran-agayev-q%c9%99zaya-dusdu-fotolar","status":"publish","type":"post","link":"https:\/\/arantv.az\/?p=110139","title":{"rendered":"Kamran A\u011fayev q\u0259zaya d\u00fc\u015fd\u00fc &#8211; Fotolar"},"content":{"rendered":"<p>Futbol \u00fczr\u0259 Az\u0259rbaycan millisinin sabiq qap\u0131\u00e7\u0131s\u0131 Kamran A\u011fayev avtomobil q\u0259zas\u0131na d\u00fc\u015f\u00fcb.<br \/>\n<b>ARANTV.AZ\u00a0<\/b>qafqazinfo-ya istinad\u0259n x\u0259b\u0259r verir ki, bunu \u0259ks etdir\u0259n g\u00f6r\u00fcnt\u00fcl\u0259r futbol\u00e7unun \u0130nstaqram hesab\u0131nda payla\u015f\u0131l\u0131b.<\/p>\n<p>Haz\u0131rda klubsuz olan futbol\u00e7unun hans\u0131 \u015f\u0259raitd\u0259 q\u0259zaya d\u00fc\u015fd\u00fcy\u00fc bar\u0259d\u0259 m\u0259lumat verilm\u0259yib. Futbol\u00e7unun ma\u015f\u0131n\u0131 tamamil\u0259 yarars\u0131z hala d\u00fc\u015f\u00fcb.<br \/>\n<img class=\"imgbcode\" src=\"https:\/\/sonxeber.az\/uploads\/1576882999_352c557c-3a26-496b-acf3-71f4d59f7ebc.jpeg\" alt=\"Kamran A\u011fayev q\u0259zaya d\u00fc\u015fd\u00fc - Fotolar\" \/><img class=\"imgbcode\" src=\"https:\/\/sonxeber.az\/uploads\/1576883033_bacadbb2-c88f-471d-b508-765ca1a5c885.jpeg\" alt=\"Kamran A\u011fayev q\u0259zaya d\u00fc\u015fd\u00fc - Fotolar\" \/><\/p>\n","protected":false},"excerpt":{"rendered":"<p>Futbol \u00fczr\u0259 Az\u0259rbaycan millisinin sabiq qap\u0131\u00e7\u0131s\u0131 Kamran A\u011fayev avtomobil q\u0259zas\u0131na d\u00fc\u015f\u00fcb. ARANTV.AZ\u00a0qafqazinfo-ya istinad\u0259n x\u0259b\u0259r verir ki, bunu \u0259ks etdir\u0259n g\u00f6r\u00fcnt\u00fcl\u0259r futbol\u00e7unun \u0130nstaqram hesab\u0131nda payla\u015f\u0131l\u0131b. Haz\u0131rda klubsuz olan futbol\u00e7unun hans\u0131 \u015f\u0259raitd\u0259 q\u0259zaya d\u00fc\u015fd\u00fcy\u00fc bar\u0259d\u0259 m\u0259lumat verilm\u0259yib. Futbol\u00e7unun ma\u015f\u0131n\u0131 tamamil\u0259 yarars\u0131z hala d\u00fc\u015f\u00fcb.<\/p>\n","protected":false},"author":2,"featured_media":110140,"comment_status":"closed","ping_status":"closed","sticky":false,"template":"","format":"standard","meta":{"om_disable_all_campaigns":false,"_monsterinsights_skip_tracking":false,"_monsterinsights_sitenote_active":false,"_monsterinsights_sitenote_note":"","_monsterinsights_sitenote_category":0},"categories":[5],"tags":[],"aioseo_notices":[],"gutentor_comment":0,"rttpg_featured_image_url":{"full":["https:\/\/arantv.az\/wp-content\/uploads\/2019\/12\/1576907608_1571561325_received_543187579765091.jpg",549,345,false],"landscape":["https:\/\/arantv.az\/wp-content\/uploads\/2019\/12\/1576907608_1571561325_received_543187579765091.jpg",549,345,false],"portraits":["https:\/\/arantv.az\/wp-content\/uploads\/2019\/12\/1576907608_1571561325_received_543187579765091.jpg",549,345,false],"thumbnail":["https:\/\/arantv.az\/wp-content\/uploads\/2019\/12\/1576907608_1571561325_received_543187579765091-150x150.jpg",150,150,true],"medium":["https:\/\/arantv.az\/wp-content\/uploads\/2019\/12\/1576907608_1571561325_received_543187579765091-300x189.jpg",300,189,true],"large":["https:\/\/arantv.az\/wp-content\/uploads\/2019\/12\/1576907608_1571561325_received_543187579765091.jpg",549,345,false],"1536x1536":["https:\/\/arantv.az\/wp-content\/uploads\/2019\/12\/1576907608_1571561325_received_543187579765091.jpg",549,345,false],"2048x2048":["https:\/\/arantv.az\/wp-content\/uploads\/2019\/12\/1576907608_1571561325_received_543187579765091.jpg",549,345,false],"post-thumbnail":["https:\/\/arantv.az\/wp-content\/uploads\/2019\/12\/1576907608_1571561325_received_543187579765091-240x172.jpg",240,172,true],"advps-thumb-one":["https:\/\/arantv.az\/wp-content\/uploads\/2019\/12\/1576907608_1571561325_received_543187579765091.jpg",549,345,false]},"rttpg_author":{"display_name":"V\u00fcsal Rafiqo\u011flu","author_link":"https:\/\/arantv.az\/?author=2"},"rttpg_comment":0,"rttpg_category":"<a href=\"https:\/\/arantv.az\/?cat=5\" rel=\"category\">Hadis\u0259<\/a>","rttpg_excerpt":"Futbol \u00fczr\u0259 Az\u0259rbaycan millisinin sabiq qap\u0131\u00e7\u0131s\u0131 Kamran A\u011fayev avtomobil q\u0259zas\u0131na d\u00fc\u015f\u00fcb. ARANTV.AZ\u00a0qafqazinfo-ya istinad\u0259n x\u0259b\u0259r verir ki, bunu \u0259ks etdir\u0259n g\u00f6r\u00fcnt\u00fcl\u0259r futbol\u00e7unun \u0130nstaqram hesab\u0131nda payla\u015f\u0131l\u0131b. Haz\u0131rda klubsuz olan futbol\u00e7unun hans\u0131 \u015f\u0259raitd\u0259 q\u0259zaya d\u00fc\u015fd\u00fcy\u00fc bar\u0259d\u0259 m\u0259lumat verilm\u0259yib. Futbol\u00e7unun ma\u015f\u0131n\u0131 tamamil\u0259 yarars\u0131z hala d\u00fc\u015f\u00fcb.","_links":{"self":[{"href":"https:\/\/arantv.az\/index.php?rest_route=\/wp\/v2\/posts\/110139"}],"collection":[{"href":"https:\/\/arantv.az\/index.php?rest_route=\/wp\/v2\/posts"}],"about":[{"href":"https:\/\/arantv.az\/index.php?rest_route=\/wp\/v2\/types\/post"}],"author":[{"embeddable":true,"href":"https:\/\/arantv.az\/index.php?rest_route=\/wp\/v2\/users\/2"}],"replies":[{"embeddable":true,"href":"https:\/\/arantv.az\/index.php?rest_route=%2Fwp%2Fv2%2Fcomments&post=110139"}],"version-history":[{"count":0,"href":"https:\/\/arantv.az\/index.php?rest_route=\/wp\/v2\/posts\/110139\/revisions"}],"wp:featuredmedia":[{"embeddable":true,"href":"https:\/\/arantv.az\/index.php?rest_route=\/wp\/v2\/media\/110140"}],"wp:attachment":[{"href":"https:\/\/arantv.az\/index.php?rest_route=%2Fwp%2Fv2%2Fmedia&parent=110139"}],"wp:term":[{"taxonomy":"category","embeddable":true,"href":"https:\/\/arantv.az\/index.php?rest_route=%2Fwp%2Fv2%2Fcategories&post=110139"},{"taxonomy":"post_tag","embeddable":true,"href":"https:\/\/arantv.az\/index.php?rest_route=%2Fwp%2Fv2%2Ftags&post=110139"}],"curies":[{"name":"wp","href":"https:\/\/api.w.org\/{rel}","templated":true}]}}