{"id":110206,"date":"2019-12-21T10:42:43","date_gmt":"2019-12-21T07:42:43","guid":{"rendered":"http:\/\/arantv.az\/?p=110206"},"modified":"2019-12-21T10:42:43","modified_gmt":"2019-12-21T07:42:43","slug":"turkiy%c9%99d%c9%99-69-otaqli-terrorcu-siginacagi-askarlandi","status":"publish","type":"post","link":"https:\/\/arantv.az\/?p=110206","title":{"rendered":"T\u00fcrkiy\u0259d\u0259 69 otaql\u0131 terror\u00e7u s\u0131\u011f\u0131naca\u011f\u0131 a\u015fkarland\u0131"},"content":{"rendered":"<p><strong>T\u00fcrkiy\u0259 t\u0259hl\u00fck\u0259sizlik q\u00fcvv\u0259l\u0259rinin h\u0259yata ke\u00e7irdiyi &#8220;K\u0131ran-8 sehi ormanlar\u0131&#8221; adl\u0131 antiterror \u0259m\u0259liyyat\u0131 n\u0259tic\u0259sind\u0259 PKK-ya sars\u0131d\u0131c\u0131 z\u0259rb\u0259 vurulub.<\/strong><\/p>\n<p><strong>ARANTV.AZ<\/strong> unikal.org-a istinad\u0259n\u00a0x\u0259b\u0259r verir ki, iki g\u00fcn \u0259vv\u0259l \u00f6lk\u0259nin Bitlis vilay\u0259tind\u0259 ba\u015flanan \u0259m\u0259liyyat n\u0259tic\u0259sind\u0259 da\u011fl\u0131q b\u00f6lg\u0259d\u0259 69 otaql\u0131 24 giri\u015f v\u0259 \u00e7\u0131x\u0131\u015f\u0131 olan terror s\u0131\u011f\u0131naca\u011f\u0131 a\u015fkar olunub. 275 metr uzunluqda qayal\u0131q sah\u0259ni \u0259hat\u0259 ed\u0259n s\u0131\u011f\u0131nacaqda PKK-ya m\u0259xsus c\u0259bh\u0259xana a\u015fkarlan\u0131b.<\/p>\n<p>\u00d6lk\u0259 daxilind\u0259 v\u0259 xaricind\u0259 apar\u0131lan dig\u0259r antiterror \u0259m\u0259liyyatlar\u0131 il\u0259 ba\u011fl\u0131 \u0259n son m\u0259lumatlar bel\u0259dir: Siirt \u015f\u0259h\u0259rind\u0259 3 PKK terror\u00e7usu t\u0259hl\u00fck\u0259sizlik q\u00fcvv\u0259l\u0259rin\u0259 t\u0259slim olub. Daxili \u0130\u015fl\u0259r Nazirliyi is\u0259 iki g\u00fcn \u0259vv\u0259l 2 kosoval\u0131 terror\u00e7unu \u00f6z v\u0259t\u0259nl\u0259rin\u0259 g\u00f6nd\u0259rib. Bundan ba\u015fqa, T\u00fcrkiy\u0259nin Silahl\u0131 Q\u00fcvv\u0259l\u0259ri \u0130raq\u0131n \u015fimal\u0131nda v\u0259 d\u00f6vl\u0259t s\u0259rh\u0259di boyunca Suriya \u0259razisind\u0259 \u0259m\u0259liyyatlar\u0131 davam etdirir.<\/p>\n","protected":false},"excerpt":{"rendered":"<p>T\u00fcrkiy\u0259 t\u0259hl\u00fck\u0259sizlik q\u00fcvv\u0259l\u0259rinin h\u0259yata ke\u00e7irdiyi &#8220;K\u0131ran-8 sehi ormanlar\u0131&#8221; adl\u0131 antiterror \u0259m\u0259liyyat\u0131 n\u0259tic\u0259sind\u0259 PKK-ya sars\u0131d\u0131c\u0131 z\u0259rb\u0259 vurulub. ARANTV.AZ unikal.org-a istinad\u0259n\u00a0x\u0259b\u0259r verir ki, iki g\u00fcn \u0259vv\u0259l \u00f6lk\u0259nin Bitlis vilay\u0259tind\u0259 ba\u015flanan \u0259m\u0259liyyat n\u0259tic\u0259sind\u0259 da\u011fl\u0131q b\u00f6lg\u0259d\u0259 69 otaql\u0131 24 giri\u015f v\u0259 \u00e7\u0131x\u0131\u015f\u0131 olan terror s\u0131\u011f\u0131naca\u011f\u0131 a\u015fkar olunub. 275 metr uzunluqda qayal\u0131q sah\u0259ni \u0259hat\u0259 ed\u0259n s\u0131\u011f\u0131nacaqda PKK-ya m\u0259xsus c\u0259bh\u0259xana a\u015fkarlan\u0131b. \u00d6lk\u0259 daxilind\u0259 v\u0259 xaricind\u0259 apar\u0131lan dig\u0259r antiterror \u0259m\u0259liyyatlar\u0131 il\u0259 ba\u011fl\u0131 \u0259n son m\u0259lumatlar bel\u0259dir: Siirt \u015f\u0259h\u0259rind\u0259 3 PKK terror\u00e7usu t\u0259hl\u00fck\u0259sizlik q\u00fcvv\u0259l\u0259rin\u0259 t\u0259slim olub. Daxili \u0130\u015fl\u0259r Nazirliyi is\u0259 iki g\u00fcn \u0259vv\u0259l 2 kosoval\u0131 terror\u00e7unu \u00f6z v\u0259t\u0259nl\u0259rin\u0259&hellip;<\/p>\n","protected":false},"author":2,"featured_media":110207,"comment_status":"closed","ping_status":"closed","sticky":false,"template":"","format":"standard","meta":{"om_disable_all_campaigns":false,"_monsterinsights_skip_tracking":false,"_monsterinsights_sitenote_active":false,"_monsterinsights_sitenote_note":"","_monsterinsights_sitenote_category":0},"categories":[7],"tags":[],"aioseo_notices":[],"gutentor_comment":0,"rttpg_featured_image_url":{"full":["https:\/\/arantv.az\/wp-content\/uploads\/2019\/12\/pkk_025.jpg",800,600,false],"landscape":["https:\/\/arantv.az\/wp-content\/uploads\/2019\/12\/pkk_025.jpg",800,600,false],"portraits":["https:\/\/arantv.az\/wp-content\/uploads\/2019\/12\/pkk_025.jpg",800,600,false],"thumbnail":["https:\/\/arantv.az\/wp-content\/uploads\/2019\/12\/pkk_025-150x150.jpg",150,150,true],"medium":["https:\/\/arantv.az\/wp-content\/uploads\/2019\/12\/pkk_025-300x225.jpg",300,225,true],"large":["https:\/\/arantv.az\/wp-content\/uploads\/2019\/12\/pkk_025.jpg",640,480,false],"1536x1536":["https:\/\/arantv.az\/wp-content\/uploads\/2019\/12\/pkk_025.jpg",800,600,false],"2048x2048":["https:\/\/arantv.az\/wp-content\/uploads\/2019\/12\/pkk_025.jpg",800,600,false],"post-thumbnail":["https:\/\/arantv.az\/wp-content\/uploads\/2019\/12\/pkk_025-240x172.jpg",240,172,true],"advps-thumb-one":["https:\/\/arantv.az\/wp-content\/uploads\/2019\/12\/pkk_025.jpg",800,600,false]},"rttpg_author":{"display_name":"V\u00fcsal Rafiqo\u011flu","author_link":"https:\/\/arantv.az\/?author=2"},"rttpg_comment":0,"rttpg_category":"<a href=\"https:\/\/arantv.az\/?cat=7\" rel=\"category\">D\u00fcnya<\/a>","rttpg_excerpt":"T\u00fcrkiy\u0259 t\u0259hl\u00fck\u0259sizlik q\u00fcvv\u0259l\u0259rinin h\u0259yata ke\u00e7irdiyi &#8220;K\u0131ran-8 sehi ormanlar\u0131&#8221; adl\u0131 antiterror \u0259m\u0259liyyat\u0131 n\u0259tic\u0259sind\u0259 PKK-ya sars\u0131d\u0131c\u0131 z\u0259rb\u0259 vurulub. ARANTV.AZ unikal.org-a istinad\u0259n\u00a0x\u0259b\u0259r verir ki, iki g\u00fcn \u0259vv\u0259l \u00f6lk\u0259nin Bitlis vilay\u0259tind\u0259 ba\u015flanan \u0259m\u0259liyyat n\u0259tic\u0259sind\u0259 da\u011fl\u0131q b\u00f6lg\u0259d\u0259 69 otaql\u0131 24 giri\u015f v\u0259 \u00e7\u0131x\u0131\u015f\u0131 olan terror s\u0131\u011f\u0131naca\u011f\u0131 a\u015fkar olunub. 275 metr uzunluqda qayal\u0131q sah\u0259ni \u0259hat\u0259 ed\u0259n s\u0131\u011f\u0131nacaqda PKK-ya m\u0259xsus c\u0259bh\u0259xana a\u015fkarlan\u0131b.&hellip;","_links":{"self":[{"href":"https:\/\/arantv.az\/index.php?rest_route=\/wp\/v2\/posts\/110206"}],"collection":[{"href":"https:\/\/arantv.az\/index.php?rest_route=\/wp\/v2\/posts"}],"about":[{"href":"https:\/\/arantv.az\/index.php?rest_route=\/wp\/v2\/types\/post"}],"author":[{"embeddable":true,"href":"https:\/\/arantv.az\/index.php?rest_route=\/wp\/v2\/users\/2"}],"replies":[{"embeddable":true,"href":"https:\/\/arantv.az\/index.php?rest_route=%2Fwp%2Fv2%2Fcomments&post=110206"}],"version-history":[{"count":0,"href":"https:\/\/arantv.az\/index.php?rest_route=\/wp\/v2\/posts\/110206\/revisions"}],"wp:featuredmedia":[{"embeddable":true,"href":"https:\/\/arantv.az\/index.php?rest_route=\/wp\/v2\/media\/110207"}],"wp:attachment":[{"href":"https:\/\/arantv.az\/index.php?rest_route=%2Fwp%2Fv2%2Fmedia&parent=110206"}],"wp:term":[{"taxonomy":"category","embeddable":true,"href":"https:\/\/arantv.az\/index.php?rest_route=%2Fwp%2Fv2%2Fcategories&post=110206"},{"taxonomy":"post_tag","embeddable":true,"href":"https:\/\/arantv.az\/index.php?rest_route=%2Fwp%2Fv2%2Ftags&post=110206"}],"curies":[{"name":"wp","href":"https:\/\/api.w.org\/{rel}","templated":true}]}}