{"id":110226,"date":"2019-12-21T11:09:39","date_gmt":"2019-12-21T08:09:39","guid":{"rendered":"http:\/\/arantv.az\/?p=110226"},"modified":"2019-12-21T11:09:39","modified_gmt":"2019-12-21T08:09:39","slug":"vaxti-kecmis-m%c9%99hsullari-yenid%c9%99n-markalayib-satisa-cixardilar-foto","status":"publish","type":"post","link":"https:\/\/arantv.az\/?p=110226","title":{"rendered":"Vaxt\u0131 ke\u00e7mi\u015f m\u0259hsullar\u0131 yenid\u0259n markalay\u0131b sat\u0131\u015fa \u00e7\u0131xard\u0131lar &#8211; FOTO"},"content":{"rendered":"<p>Bak\u0131da saxlan\u0131lma m\u00fcdd\u0259ti saxtala\u015fd\u0131r\u0131lm\u0131\u015f m\u00fcxt\u0259lif \u00e7e\u015fidd\u0259 karamel m\u0259hsullar a\u015fkar edilib.<\/p>\n<p><strong>ARANTV.AZ<\/strong>-\u0131n m\u0259lumat\u0131na g\u00f6r\u0259, Az\u0259rbaycan Qida T\u0259hl\u00fck\u0259sizliyi Agentliyinin \u0259m\u0259kda\u015flar\u0131 Bak\u0131 \u015f\u0259h\u0259ri, Yasamal rayonu, General H\u0259midov k\u00fc\u00e7\u0259si 56 D \u00fcnvan\u0131nda m\u00fcxt\u0259lif aromatl\u0131 karamel m\u0259hsullar\u0131n\u0131n saxlan\u0131ld\u0131\u011f\u0131 anbara bax\u0131\u015f ke\u00e7iribl\u0259r.<\/p>\n<p>Bax\u0131\u015f zaman\u0131 A\u011fayev Emil \u018flia\u011fa o\u011flu t\u0259r\u0259find\u0259n saxlan\u0131lma m\u00fcdd\u0259ti saxtala\u015fd\u0131r\u0131lm\u0131\u015f m\u00fcxt\u0259lif \u00e7e\u015fidd\u0259 karamel m\u0259hsullar a\u015fkar edilib.<\/p>\n<p>M\u00fc\u0259ssis\u0259d\u0259 1\/30 qr v\u0259 1\/50 qr olan 6000 \u0259d\u0259d (\u00fcmumi \u00e7\u0259kisi 239.5 kq olan ) karamel m\u0259hsullar\u0131n\u0131n yararl\u0131q m\u00fcdd\u0259tl\u0259rinin m\u00fcxt\u0259lif tarixl\u0259rd\u0259 (30.04.2018-ci il tarixd\u0259, 30.04.2019-cu il tarixd\u0259) bitm\u0259sin\u0259 baxmayaraq sahibkar t\u0259r\u0259find\u0259n \u00fcz\u0259rind\u0259 yeni istehsal tarixi \u00f6z \u0259ksini tapm\u0131\u015f &#8220;CANDY&#8221; v\u0259 &#8220;KAHKEC\u0130 BEY&#8221; \u0259mt\u0259\u0259 ni\u015fan\u0131 ad\u0131 alt\u0131nda etiketl\u0259r \u0259ld\u0259 olunaraq yararl\u0131l\u0131q m\u00fcdd\u0259ti bitmi\u015f s\u00f6z\u00fc ged\u0259n m\u0259hsullar markalanaraq sat\u0131\u015f m\u0259qs\u0259di il\u0259 yenid\u0259n ticar\u0259t \u015f\u0259b\u0259k\u0259l\u0259rin\u0259 realizasiya olunur.<\/p>\n<p>M\u00fc\u0259ssis\u0259 r\u0259hb\u0259rliyi t\u0259r\u0259find\u0259 \u0259ld\u0259 edilmi\u015f saxtala\u015fd\u0131r\u0131lm\u0131\u015f etiketl\u0259r\u0259 ke\u00e7iril\u0259n bax\u0131\u015f zaman\u0131 qeyd olunan etiketl\u0259rd\u0259 \u0259sass\u0131z olaraq iki il yararl\u0131l\u0131q m\u00fcdd\u0259ti yaz\u0131ld\u0131\u011f\u0131 m\u00fc\u0259yy\u0259n edilib.<\/p>\n<p>Anbara ke\u00e7iril\u0259n bax\u0131\u015f zaman\u0131 z\u0259r\u0259rvericil\u0259rl\u0259 siray\u0259tl\u0259nmi\u015f \u00fcmumi \u00e7\u0259kisi 500 kq q\u0259d\u0259r olan qaraba\u015faq, bu\u011fda, d\u00fcy\u00fc yarmas\u0131 v\u0259 popkorn qar\u011f\u0131dal\u0131s\u0131 a\u015fkar edilib. Bu m\u0259hsullar m\u00fcxt\u0259lif qida m\u0259hsullar\u0131n\u0131n istehsal\u0131nda xammal kimi istifad\u0259 olunur.<\/p>\n<p>Apar\u0131lan yoxlama zaman\u0131 m\u00fc\u0259ssis\u0259d\u0259 sanitar-gigiyenik qaydalara riay\u0259t olunmad\u0131\u011f\u0131 v\u0259 n\u0259tic\u0259d\u0259 anbar\u0131n z\u0259r\u0259rvericil\u0259rl\u0259 siray\u0259tl\u0259ndiyi a\u015fkar edilib.<\/p>\n<p>Yeyinti m\u0259hsullar\u0131 haqq\u0131nda Az\u0259rbaycan Respublikas\u0131 Qanunun 16-c\u0131 madd\u0259sin\u0259 \u0259sas\u0259n \u00fcz\u0259rind\u0259 saxlama m\u00fcdd\u0259ti \u00f6tm\u00fc\u015f, markalanmas\u0131na dair m\u0259cburi t\u0259l\u0259bl\u0259r\u0259 cavab verm\u0259y\u0259n m\u0259hsullar insan istehlak\u0131 \u00fc\u00e7\u00fcn istifad\u0259y\u0259 yarars\u0131z qida m\u0259hsullar\u0131 hesab olunur.<\/p>\n<p>Faktla ba\u011fl\u0131 qanunvericiliyin t\u0259l\u0259bl\u0259rin\u0259 uy\u011fun t\u0259dbirl\u0259r g\u00f6r\u00fcl\u00fcb.Oxu.Az<br \/>\n<img class=\"imgbcode\" src=\"https:\/\/sonxeber.az\/uploads\/karamel2.jpg\" alt=\"Vaxt\u0131 ke\u00e7mi\u015f m\u0259hsullar\u0131 yenid\u0259n markalay\u0131b sat\u0131\u015fa \u00e7\u0131xard\u0131lar - FOTO\" \/><img class=\"imgbcode\" src=\"https:\/\/sonxeber.az\/uploads\/karamel.jpg\" alt=\"Vaxt\u0131 ke\u00e7mi\u015f m\u0259hsullar\u0131 yenid\u0259n markalay\u0131b sat\u0131\u015fa \u00e7\u0131xard\u0131lar - FOTO\" \/><\/p>\n","protected":false},"excerpt":{"rendered":"<p>Bak\u0131da saxlan\u0131lma m\u00fcdd\u0259ti saxtala\u015fd\u0131r\u0131lm\u0131\u015f m\u00fcxt\u0259lif \u00e7e\u015fidd\u0259 karamel m\u0259hsullar a\u015fkar edilib. ARANTV.AZ-\u0131n m\u0259lumat\u0131na g\u00f6r\u0259, Az\u0259rbaycan Qida T\u0259hl\u00fck\u0259sizliyi Agentliyinin \u0259m\u0259kda\u015flar\u0131 Bak\u0131 \u015f\u0259h\u0259ri, Yasamal rayonu, General H\u0259midov k\u00fc\u00e7\u0259si 56 D \u00fcnvan\u0131nda m\u00fcxt\u0259lif aromatl\u0131 karamel m\u0259hsullar\u0131n\u0131n saxlan\u0131ld\u0131\u011f\u0131 anbara bax\u0131\u015f ke\u00e7iribl\u0259r. Bax\u0131\u015f zaman\u0131 A\u011fayev Emil \u018flia\u011fa o\u011flu t\u0259r\u0259find\u0259n saxlan\u0131lma m\u00fcdd\u0259ti saxtala\u015fd\u0131r\u0131lm\u0131\u015f m\u00fcxt\u0259lif \u00e7e\u015fidd\u0259 karamel m\u0259hsullar a\u015fkar edilib. M\u00fc\u0259ssis\u0259d\u0259 1\/30 qr v\u0259 1\/50 qr olan 6000 \u0259d\u0259d (\u00fcmumi \u00e7\u0259kisi 239.5 kq olan ) karamel m\u0259hsullar\u0131n\u0131n yararl\u0131q m\u00fcdd\u0259tl\u0259rinin m\u00fcxt\u0259lif tarixl\u0259rd\u0259 (30.04.2018-ci il tarixd\u0259, 30.04.2019-cu il tarixd\u0259) bitm\u0259sin\u0259 baxmayaraq sahibkar t\u0259r\u0259find\u0259n \u00fcz\u0259rind\u0259 yeni istehsal tarixi \u00f6z \u0259ksini tapm\u0131\u015f&hellip;<\/p>\n","protected":false},"author":2,"featured_media":110227,"comment_status":"closed","ping_status":"closed","sticky":false,"template":"","format":"standard","meta":{"om_disable_all_campaigns":false,"_monsterinsights_skip_tracking":false,"_monsterinsights_sitenote_active":false,"_monsterinsights_sitenote_note":"","_monsterinsights_sitenote_category":0},"categories":[1],"tags":[],"aioseo_notices":[],"gutentor_comment":0,"rttpg_featured_image_url":{"full":["https:\/\/arantv.az\/wp-content\/uploads\/2019\/12\/karameull.jpg",549,412,false],"landscape":["https:\/\/arantv.az\/wp-content\/uploads\/2019\/12\/karameull.jpg",549,412,false],"portraits":["https:\/\/arantv.az\/wp-content\/uploads\/2019\/12\/karameull.jpg",549,412,false],"thumbnail":["https:\/\/arantv.az\/wp-content\/uploads\/2019\/12\/karameull-150x150.jpg",150,150,true],"medium":["https:\/\/arantv.az\/wp-content\/uploads\/2019\/12\/karameull-300x225.jpg",300,225,true],"large":["https:\/\/arantv.az\/wp-content\/uploads\/2019\/12\/karameull.jpg",549,412,false],"1536x1536":["https:\/\/arantv.az\/wp-content\/uploads\/2019\/12\/karameull.jpg",549,412,false],"2048x2048":["https:\/\/arantv.az\/wp-content\/uploads\/2019\/12\/karameull.jpg",549,412,false],"post-thumbnail":["https:\/\/arantv.az\/wp-content\/uploads\/2019\/12\/karameull-240x172.jpg",240,172,true],"advps-thumb-one":["https:\/\/arantv.az\/wp-content\/uploads\/2019\/12\/karameull.jpg",549,412,false]},"rttpg_author":{"display_name":"V\u00fcsal Rafiqo\u011flu","author_link":"https:\/\/arantv.az\/?author=2"},"rttpg_comment":0,"rttpg_category":"<a href=\"https:\/\/arantv.az\/?cat=1\" rel=\"category\">C\u0259miyy\u0259t<\/a>","rttpg_excerpt":"Bak\u0131da saxlan\u0131lma m\u00fcdd\u0259ti saxtala\u015fd\u0131r\u0131lm\u0131\u015f m\u00fcxt\u0259lif \u00e7e\u015fidd\u0259 karamel m\u0259hsullar a\u015fkar edilib. ARANTV.AZ-\u0131n m\u0259lumat\u0131na g\u00f6r\u0259, Az\u0259rbaycan Qida T\u0259hl\u00fck\u0259sizliyi Agentliyinin \u0259m\u0259kda\u015flar\u0131 Bak\u0131 \u015f\u0259h\u0259ri, Yasamal rayonu, General H\u0259midov k\u00fc\u00e7\u0259si 56 D \u00fcnvan\u0131nda m\u00fcxt\u0259lif aromatl\u0131 karamel m\u0259hsullar\u0131n\u0131n saxlan\u0131ld\u0131\u011f\u0131 anbara bax\u0131\u015f ke\u00e7iribl\u0259r. Bax\u0131\u015f zaman\u0131 A\u011fayev Emil \u018flia\u011fa o\u011flu t\u0259r\u0259find\u0259n saxlan\u0131lma m\u00fcdd\u0259ti saxtala\u015fd\u0131r\u0131lm\u0131\u015f m\u00fcxt\u0259lif \u00e7e\u015fidd\u0259 karamel m\u0259hsullar a\u015fkar edilib. M\u00fc\u0259ssis\u0259d\u0259 1\/30 qr&hellip;","_links":{"self":[{"href":"https:\/\/arantv.az\/index.php?rest_route=\/wp\/v2\/posts\/110226"}],"collection":[{"href":"https:\/\/arantv.az\/index.php?rest_route=\/wp\/v2\/posts"}],"about":[{"href":"https:\/\/arantv.az\/index.php?rest_route=\/wp\/v2\/types\/post"}],"author":[{"embeddable":true,"href":"https:\/\/arantv.az\/index.php?rest_route=\/wp\/v2\/users\/2"}],"replies":[{"embeddable":true,"href":"https:\/\/arantv.az\/index.php?rest_route=%2Fwp%2Fv2%2Fcomments&post=110226"}],"version-history":[{"count":0,"href":"https:\/\/arantv.az\/index.php?rest_route=\/wp\/v2\/posts\/110226\/revisions"}],"wp:featuredmedia":[{"embeddable":true,"href":"https:\/\/arantv.az\/index.php?rest_route=\/wp\/v2\/media\/110227"}],"wp:attachment":[{"href":"https:\/\/arantv.az\/index.php?rest_route=%2Fwp%2Fv2%2Fmedia&parent=110226"}],"wp:term":[{"taxonomy":"category","embeddable":true,"href":"https:\/\/arantv.az\/index.php?rest_route=%2Fwp%2Fv2%2Fcategories&post=110226"},{"taxonomy":"post_tag","embeddable":true,"href":"https:\/\/arantv.az\/index.php?rest_route=%2Fwp%2Fv2%2Ftags&post=110226"}],"curies":[{"name":"wp","href":"https:\/\/api.w.org\/{rel}","templated":true}]}}