{"id":110246,"date":"2019-12-21T11:30:06","date_gmt":"2019-12-21T08:30:06","guid":{"rendered":"http:\/\/arantv.az\/?p=110246"},"modified":"2019-12-21T11:30:06","modified_gmt":"2019-12-21T08:30:06","slug":"baki-qis-yarmarkalarinin-acilacagi-yerl%c9%99r-b%c9%99lli-oldu-siyahi","status":"publish","type":"post","link":"https:\/\/arantv.az\/?p=110246","title":{"rendered":"Bak\u0131 q\u0131\u015f yarmarkalar\u0131n\u0131n a\u00e7\u0131laca\u011f\u0131 yerl\u0259r b\u0259lli oldu &#8211; S\u0130YAHI"},"content":{"rendered":"<p>Bu g\u00fcnd\u0259n \u201cK\u0259ndd\u0259n \u015e\u0259h\u0259r\u0259\u201d Q\u0131\u015f yarmarkas\u0131 f\u0259aliyy\u0259t\u0259 ba\u015flay\u0131r.<\/p>\n<p><b>ARANTV.AZ<\/b>-\u0131n m\u0259lumat\u0131na g\u00f6r\u0259, K\u0259nd T\u0259s\u0259rr\u00fcfat\u0131 Nazirliyinin tabeliyind\u0259 olan \u201cAqrar T\u0259dar\u00fck v\u0259 T\u0259chizat\u201d ASC t\u0259r\u0259find\u0259n D\u00fcnya Az\u0259rbaycanl\u0131lar\u0131n\u0131n H\u0259mr\u0259ylik G\u00fcn\u00fc v\u0259 Yeni il bayram\u0131 m\u00fcnasib\u0259ti il\u0259 t\u0259\u015fkil olunan q\u0131\u015f yarmarkas\u0131 30 dekabr tarixin\u0259 q\u0259d\u0259r davam ed\u0259c\u0259k.<\/p>\n<p>Q\u0131\u015f yarmarkas\u0131 paytaxt\u0131n N\u0259rimanov, Bin\u0259q\u0259di, Yasamal v\u0259 Suraxan\u0131 rayonlar\u0131, el\u0259c\u0259 d\u0259, Ab\u015feron rayonu \u0259razisind\u0259 be\u015f\u00a0f\u0259rqli n\u00f6qt\u0259d\u0259 ke\u00e7irilir.<\/p>\n<p>Qeyd ed\u0259k ki, paytaxt sakinl\u0259rinin \u201cK\u0259ndd\u0259n \u015e\u0259h\u0259r\u0259\u201d yarmarkalar\u0131na olan mara\u011f\u0131n\u0131 n\u0259z\u0259r\u0259 alan t\u0259\u015fkilat\u00e7\u0131 qurum yarmarkan\u0131n ke\u00e7irildiyi \u00fcnvanlar\u0131n say\u0131n\u0131 art\u0131r\u0131b.<\/p>\n<p>\u201cK\u0259ndd\u0259n \u015e\u0259h\u0259r\u0259\u201d yarmarkas\u0131n\u0131n \u0259n\u0259n\u0259vi \u00fcnvanlar\u0131 s\u0131ras\u0131na bu d\u0259f\u0259 Suraxan\u0131 rayonu da \u0259lav\u0259 edilib.<\/p>\n<p>Q\u0131\u015f yarmarkas\u0131n\u0131n t\u0259\u015fkilind\u0259 \u0259sas m\u0259qs\u0259d bayram \u0259r\u0259f\u0259sind\u0259 yarana bil\u0259c\u0259k s\u00fcni qiym\u0259t art\u0131m\u0131n\u0131n qar\u015f\u0131s\u0131n\u0131 almaq, azt\u0259minatl\u0131 ail\u0259l\u0259rin v\u0259 \u00fcmumilikd\u0259 \u015f\u0259h\u0259r \u0259halisinin k\u0259nd t\u0259s\u0259rr\u00fcfat\u0131 v\u0259 qida m\u0259hsullar\u0131na artan t\u0259l\u0259bat\u0131n\u0131 t\u0259bii m\u0259hsullarla dol\u011fun \u015f\u0259kild\u0259 qar\u015f\u0131lamaq, el\u0259c\u0259 d\u0259 yerli fermerl\u0259rimiz \u00fc\u00e7\u00fcn alternativ sat\u0131\u015f kanal\u0131 yaratmaqd\u0131r.<\/p>\n<p>\u201cK\u0259ndd\u0259n \u015e\u0259h\u0259r\u0259\u201d Q\u0131\u015f yarmarkas\u0131nda b\u00fct\u00fcn m\u0259hsullar birba\u015fa fermerl\u0259r t\u0259r\u0259find\u0259n paytaxt sakinl\u0259rin\u0259 t\u0259qdim olunur. Yarmarkada \u0259vv\u0259lc\u0259d\u0259n qeydiyyatdan ke\u00e7mi\u015f 140-dan \u00e7ox fermer 60-dan art\u0131q adda m\u00fcxt\u0259lif m\u0259hsulun sat\u0131\u015f\u0131n\u0131 h\u0259yata ke\u00e7irir.<\/p>\n<p>Bayram yarmarkas\u0131 h\u0259ftsonu yarmarkalar\u0131ndan bir s\u0131ra yenilikl\u0259ri il\u0259 f\u0259rql\u0259nir. Bel\u0259 ki, \u201cK\u0259ndd\u0259n \u015e\u0259h\u0259r\u0259\u201d Q\u0131\u015f yarmarkas\u0131 \u00e7\u0259r\u00e7iv\u0259sind\u0259 m\u0259hsul sat\u0131\u015f\u0131 il\u0259 yana\u015f\u0131, m\u00fcxt\u0259lif t\u0259dbirl\u0259r d\u0259 h\u0259yata ke\u00e7iril\u0259c\u0259k, yarmarka \u0259razisind\u0259 x\u00fcsusi qidalanma gu\u015f\u0259l\u0259ri f\u0259aliyy\u0259t g\u00f6st\u0259r\u0259c\u0259k. Bundan ba\u015fqa, yarmarkalarda u\u015faqlar \u00fc\u00e7\u00fcn \u0259yl\u0259nc\u0259 v\u0259 yarad\u0131c\u0131l\u0131q gu\u015f\u0259l\u0259ri d\u0259 haz\u0131rlan\u0131b. El\u0259c\u0259 d\u0259 yarmarkalar Yeni il bayram\u0131 ab-havas\u0131na uy\u011fun b\u0259z\u0259dilib.<\/p>\n<p>\u201cK\u0259ndd\u0259n \u015e\u0259h\u0259r\u0259\u201d Q\u0131\u015f yarmarkas\u0131 a\u015fa\u011f\u0131dak\u0131 \u00fcnvanlarda t\u0259\u015fkil olunur:<\/p>\n<p><strong>Yarmarkan\u0131n ke\u00e7irildiyi \u00fcnvanlar:<\/strong><\/p>\n<p>Yasamal rayonu, H\u00fcseyn Cavid prospekti il\u0259 Seyf\u0259ddin Da\u011fl\u0131 k\u00fc\u00e7\u0259sinin k\u0259si\u015fm\u0259si (Space TV-nin yan\u0131)<\/p>\n<p>Bin\u0259q\u0259di rayonu, S\u00fcleyman Sani Axundov 5B (\u0130nqilab kinoteatr\u0131n\u0131n yan\u0131)<\/p>\n<p>N\u0259rimanov rayonu, \u201cG\u0259nclik\u201d metrostansiyas\u0131n\u0131n yan\u0131<\/p>\n<p>X\u0131rdalan \u015f\u0259h\u0259ri, Heyd\u0259r \u018fliyev prospekti 41A<\/p>\n<p>Suraxan\u0131 rayonu, Qara\u00e7uxur q\u0259s\u0259b\u0259si, \u018fhm\u0259d Mehbal\u0131yev v\u0259 Etibar B\u0259kirli k\u00fc\u00e7\u0259l\u0259rinin k\u0259si\u015fm\u0259si (Neft\u00e7il\u0259r park\u0131n\u0131n yan\u0131)<\/p>\n<p>Qeyd ed\u0259k ki, \u201cK\u0259ndd\u0259n \u015e\u0259h\u0259r\u0259\u201d layih\u0259si \u00e7\u0259r\u00e7iv\u0259sind\u0259 m\u00fct\u0259madi olaraq h\u0259ft\u0259sonu v\u0259 tematik yarmarkalar t\u0259\u015fkil olunur. Q\u0131\u015f yarmarkas\u0131 kimi tematik yarmarkalar\u0131n t\u0259\u015fkili bundan sonra da davam etdiril\u0259c\u0259k.Oxu.Az<\/p>\n","protected":false},"excerpt":{"rendered":"<p>Bu g\u00fcnd\u0259n \u201cK\u0259ndd\u0259n \u015e\u0259h\u0259r\u0259\u201d Q\u0131\u015f yarmarkas\u0131 f\u0259aliyy\u0259t\u0259 ba\u015flay\u0131r. ARANTV.AZ-\u0131n m\u0259lumat\u0131na g\u00f6r\u0259, K\u0259nd T\u0259s\u0259rr\u00fcfat\u0131 Nazirliyinin tabeliyind\u0259 olan \u201cAqrar T\u0259dar\u00fck v\u0259 T\u0259chizat\u201d ASC t\u0259r\u0259find\u0259n D\u00fcnya Az\u0259rbaycanl\u0131lar\u0131n\u0131n H\u0259mr\u0259ylik G\u00fcn\u00fc v\u0259 Yeni il bayram\u0131 m\u00fcnasib\u0259ti il\u0259 t\u0259\u015fkil olunan q\u0131\u015f yarmarkas\u0131 30 dekabr tarixin\u0259 q\u0259d\u0259r davam ed\u0259c\u0259k. Q\u0131\u015f yarmarkas\u0131 paytaxt\u0131n N\u0259rimanov, Bin\u0259q\u0259di, Yasamal v\u0259 Suraxan\u0131 rayonlar\u0131, el\u0259c\u0259 d\u0259, Ab\u015feron rayonu \u0259razisind\u0259 be\u015f\u00a0f\u0259rqli n\u00f6qt\u0259d\u0259 ke\u00e7irilir. Qeyd ed\u0259k ki, paytaxt sakinl\u0259rinin \u201cK\u0259ndd\u0259n \u015e\u0259h\u0259r\u0259\u201d yarmarkalar\u0131na olan mara\u011f\u0131n\u0131 n\u0259z\u0259r\u0259 alan t\u0259\u015fkilat\u00e7\u0131 qurum yarmarkan\u0131n ke\u00e7irildiyi \u00fcnvanlar\u0131n say\u0131n\u0131 art\u0131r\u0131b. \u201cK\u0259ndd\u0259n \u015e\u0259h\u0259r\u0259\u201d yarmarkas\u0131n\u0131n \u0259n\u0259n\u0259vi \u00fcnvanlar\u0131 s\u0131ras\u0131na bu d\u0259f\u0259 Suraxan\u0131 rayonu da \u0259lav\u0259&hellip;<\/p>\n","protected":false},"author":2,"featured_media":110247,"comment_status":"closed","ping_status":"closed","sticky":false,"template":"","format":"standard","meta":{"om_disable_all_campaigns":false,"_monsterinsights_skip_tracking":false,"_monsterinsights_sitenote_active":false,"_monsterinsights_sitenote_note":"","_monsterinsights_sitenote_category":0},"categories":[1],"tags":[],"aioseo_notices":[],"gutentor_comment":0,"rttpg_featured_image_url":{"full":["https:\/\/arantv.az\/wp-content\/uploads\/2019\/12\/MG_6749.jpg",620,413,false],"landscape":["https:\/\/arantv.az\/wp-content\/uploads\/2019\/12\/MG_6749.jpg",620,413,false],"portraits":["https:\/\/arantv.az\/wp-content\/uploads\/2019\/12\/MG_6749.jpg",620,413,false],"thumbnail":["https:\/\/arantv.az\/wp-content\/uploads\/2019\/12\/MG_6749-150x150.jpg",150,150,true],"medium":["https:\/\/arantv.az\/wp-content\/uploads\/2019\/12\/MG_6749-300x200.jpg",300,200,true],"large":["https:\/\/arantv.az\/wp-content\/uploads\/2019\/12\/MG_6749.jpg",620,413,false],"1536x1536":["https:\/\/arantv.az\/wp-content\/uploads\/2019\/12\/MG_6749.jpg",620,413,false],"2048x2048":["https:\/\/arantv.az\/wp-content\/uploads\/2019\/12\/MG_6749.jpg",620,413,false],"post-thumbnail":["https:\/\/arantv.az\/wp-content\/uploads\/2019\/12\/MG_6749-240x172.jpg",240,172,true],"advps-thumb-one":["https:\/\/arantv.az\/wp-content\/uploads\/2019\/12\/MG_6749.jpg",620,413,false]},"rttpg_author":{"display_name":"V\u00fcsal Rafiqo\u011flu","author_link":"https:\/\/arantv.az\/?author=2"},"rttpg_comment":0,"rttpg_category":"<a href=\"https:\/\/arantv.az\/?cat=1\" rel=\"category\">C\u0259miyy\u0259t<\/a>","rttpg_excerpt":"Bu g\u00fcnd\u0259n \u201cK\u0259ndd\u0259n \u015e\u0259h\u0259r\u0259\u201d Q\u0131\u015f yarmarkas\u0131 f\u0259aliyy\u0259t\u0259 ba\u015flay\u0131r. ARANTV.AZ-\u0131n m\u0259lumat\u0131na g\u00f6r\u0259, K\u0259nd T\u0259s\u0259rr\u00fcfat\u0131 Nazirliyinin tabeliyind\u0259 olan \u201cAqrar T\u0259dar\u00fck v\u0259 T\u0259chizat\u201d ASC t\u0259r\u0259find\u0259n D\u00fcnya Az\u0259rbaycanl\u0131lar\u0131n\u0131n H\u0259mr\u0259ylik G\u00fcn\u00fc v\u0259 Yeni il bayram\u0131 m\u00fcnasib\u0259ti il\u0259 t\u0259\u015fkil olunan q\u0131\u015f yarmarkas\u0131 30 dekabr tarixin\u0259 q\u0259d\u0259r davam ed\u0259c\u0259k. Q\u0131\u015f yarmarkas\u0131 paytaxt\u0131n N\u0259rimanov, Bin\u0259q\u0259di, Yasamal v\u0259 Suraxan\u0131 rayonlar\u0131, el\u0259c\u0259 d\u0259, Ab\u015feron rayonu&hellip;","_links":{"self":[{"href":"https:\/\/arantv.az\/index.php?rest_route=\/wp\/v2\/posts\/110246"}],"collection":[{"href":"https:\/\/arantv.az\/index.php?rest_route=\/wp\/v2\/posts"}],"about":[{"href":"https:\/\/arantv.az\/index.php?rest_route=\/wp\/v2\/types\/post"}],"author":[{"embeddable":true,"href":"https:\/\/arantv.az\/index.php?rest_route=\/wp\/v2\/users\/2"}],"replies":[{"embeddable":true,"href":"https:\/\/arantv.az\/index.php?rest_route=%2Fwp%2Fv2%2Fcomments&post=110246"}],"version-history":[{"count":0,"href":"https:\/\/arantv.az\/index.php?rest_route=\/wp\/v2\/posts\/110246\/revisions"}],"wp:featuredmedia":[{"embeddable":true,"href":"https:\/\/arantv.az\/index.php?rest_route=\/wp\/v2\/media\/110247"}],"wp:attachment":[{"href":"https:\/\/arantv.az\/index.php?rest_route=%2Fwp%2Fv2%2Fmedia&parent=110246"}],"wp:term":[{"taxonomy":"category","embeddable":true,"href":"https:\/\/arantv.az\/index.php?rest_route=%2Fwp%2Fv2%2Fcategories&post=110246"},{"taxonomy":"post_tag","embeddable":true,"href":"https:\/\/arantv.az\/index.php?rest_route=%2Fwp%2Fv2%2Ftags&post=110246"}],"curies":[{"name":"wp","href":"https:\/\/api.w.org\/{rel}","templated":true}]}}