{"id":110262,"date":"2019-12-21T12:16:11","date_gmt":"2019-12-21T09:16:11","guid":{"rendered":"http:\/\/arantv.az\/?p=110262"},"modified":"2019-12-21T12:16:11","modified_gmt":"2019-12-21T09:16:11","slug":"sabah-az%c9%99rbaycana-qis-f%c9%99sli-daxil-olacaq","status":"publish","type":"post","link":"https:\/\/arantv.az\/?p=110262","title":{"rendered":"Sabah Az\u0259rbaycana q\u0131\u015f f\u0259sli daxil olacaq"},"content":{"rendered":"<p>Sabah Az\u0259rbaycana q\u0131\u015f f\u0259sli daxil olacaq.<\/p>\n<p><strong>ARANTV.AZ<\/strong> x\u0259b\u0259r verir ki, q\u0131\u015f f\u0259sli \u00f6lk\u0259y\u0259 dekabr\u0131n 22-d\u0259 Bak\u0131 vaxt\u0131 il\u0259 saat 08.19-da q\u0259d\u0259m qoyacaq.<\/p>\n<p>H\u0259min g\u00fcn \u015eimal yar\u0131mk\u00fcr\u0259sind\u0259 \u0259n uzun gec\u0259, \u0259n q\u0131sa g\u00fcnd\u00fcz ya\u015fanacaq.<\/p>\n<p>C\u0259nub yar\u0131mk\u00fcr\u0259sind\u0259 is\u0259 dekabr\u0131n 22-d\u0259, \u0259ksin\u0259 olaraq \u0259n q\u0131sa gec\u0259, \u0259n uzun g\u00fcnd\u00fcz qeyd\u0259 al\u0131nacaq.<\/p>\n<p>Xat\u0131rladaq ki, q\u0131\u015f f\u0259slinin g\u0259li\u015fi zaman\u0131 G\u00fcn\u0259\u015f \u00fcf\u00fcqd\u0259n \u0259n minimum n\u00f6qt\u0259d\u0259 olur.<\/p>\n<p>G\u00fcn\u0259\u015f \u015f\u00fcalar\u0131n\u0131n istiqam\u0259ti il\u0259 yerin f\u0131rlanma oxu \u0259n b\u00f6y\u00fck bucaq \u0259m\u0259l\u0259 g\u0259tirir.<\/p>\n<p>Bu s\u0259b\u0259bd\u0259n d\u0259, bu f\u0259sild\u0259 soyuq hava \u015f\u0259raiti m\u00fc\u015fahid\u0259 olunur.<\/p>\n<p>Dekabr\u0131n 22-d\u0259 gec\u0259 h\u0259m d\u0259 \u00c7ill\u0259 gec\u0259sidir. Sabahdan etibar\u0259n B\u00f6y\u00fck \u00e7ill\u0259 ba\u015flay\u0131r v\u0259 40 g\u00fcn davam ed\u0259c\u0259k.<\/p>\n<p>Az\u0259rbaycan\u0131n b\u0259zi b\u00f6lg\u0259l\u0259rind\u0259 \u00c7ill\u0259 gec\u0259sinin rituallar\u0131 unudulsa da, b\u0259zi b\u00f6lg\u0259l\u0259rd\u0259 h\u0259l\u0259 d\u0259 insanlar toplan\u0131b \u00c7ill\u0259 m\u0259rasiml\u0259ri ke\u00e7irirl\u0259r.Sonxeber.az<\/p>\n","protected":false},"excerpt":{"rendered":"<p>Sabah Az\u0259rbaycana q\u0131\u015f f\u0259sli daxil olacaq. ARANTV.AZ x\u0259b\u0259r verir ki, q\u0131\u015f f\u0259sli \u00f6lk\u0259y\u0259 dekabr\u0131n 22-d\u0259 Bak\u0131 vaxt\u0131 il\u0259 saat 08.19-da q\u0259d\u0259m qoyacaq. H\u0259min g\u00fcn \u015eimal yar\u0131mk\u00fcr\u0259sind\u0259 \u0259n uzun gec\u0259, \u0259n q\u0131sa g\u00fcnd\u00fcz ya\u015fanacaq. C\u0259nub yar\u0131mk\u00fcr\u0259sind\u0259 is\u0259 dekabr\u0131n 22-d\u0259, \u0259ksin\u0259 olaraq \u0259n q\u0131sa gec\u0259, \u0259n uzun g\u00fcnd\u00fcz qeyd\u0259 al\u0131nacaq. Xat\u0131rladaq ki, q\u0131\u015f f\u0259slinin g\u0259li\u015fi zaman\u0131 G\u00fcn\u0259\u015f \u00fcf\u00fcqd\u0259n \u0259n minimum n\u00f6qt\u0259d\u0259 olur. G\u00fcn\u0259\u015f \u015f\u00fcalar\u0131n\u0131n istiqam\u0259ti il\u0259 yerin f\u0131rlanma oxu \u0259n b\u00f6y\u00fck bucaq \u0259m\u0259l\u0259 g\u0259tirir. Bu s\u0259b\u0259bd\u0259n d\u0259, bu f\u0259sild\u0259 soyuq hava \u015f\u0259raiti m\u00fc\u015fahid\u0259 olunur. Dekabr\u0131n 22-d\u0259 gec\u0259 h\u0259m d\u0259 \u00c7ill\u0259 gec\u0259sidir. Sabahdan&hellip;<\/p>\n","protected":false},"author":2,"featured_media":110263,"comment_status":"closed","ping_status":"closed","sticky":false,"template":"","format":"standard","meta":{"om_disable_all_campaigns":false,"_monsterinsights_skip_tracking":false,"_monsterinsights_sitenote_active":false,"_monsterinsights_sitenote_note":"","_monsterinsights_sitenote_category":0},"categories":[1],"tags":[],"aioseo_notices":[],"gutentor_comment":0,"rttpg_featured_image_url":{"full":["https:\/\/arantv.az\/wp-content\/uploads\/2019\/12\/1576913531_1576912508_1.jpg",549,366,false],"landscape":["https:\/\/arantv.az\/wp-content\/uploads\/2019\/12\/1576913531_1576912508_1.jpg",549,366,false],"portraits":["https:\/\/arantv.az\/wp-content\/uploads\/2019\/12\/1576913531_1576912508_1.jpg",549,366,false],"thumbnail":["https:\/\/arantv.az\/wp-content\/uploads\/2019\/12\/1576913531_1576912508_1-150x150.jpg",150,150,true],"medium":["https:\/\/arantv.az\/wp-content\/uploads\/2019\/12\/1576913531_1576912508_1-300x200.jpg",300,200,true],"large":["https:\/\/arantv.az\/wp-content\/uploads\/2019\/12\/1576913531_1576912508_1.jpg",549,366,false],"1536x1536":["https:\/\/arantv.az\/wp-content\/uploads\/2019\/12\/1576913531_1576912508_1.jpg",549,366,false],"2048x2048":["https:\/\/arantv.az\/wp-content\/uploads\/2019\/12\/1576913531_1576912508_1.jpg",549,366,false],"post-thumbnail":["https:\/\/arantv.az\/wp-content\/uploads\/2019\/12\/1576913531_1576912508_1-240x172.jpg",240,172,true],"advps-thumb-one":["https:\/\/arantv.az\/wp-content\/uploads\/2019\/12\/1576913531_1576912508_1.jpg",549,366,false]},"rttpg_author":{"display_name":"V\u00fcsal Rafiqo\u011flu","author_link":"https:\/\/arantv.az\/?author=2"},"rttpg_comment":0,"rttpg_category":"<a href=\"https:\/\/arantv.az\/?cat=1\" rel=\"category\">C\u0259miyy\u0259t<\/a>","rttpg_excerpt":"Sabah Az\u0259rbaycana q\u0131\u015f f\u0259sli daxil olacaq. ARANTV.AZ x\u0259b\u0259r verir ki, q\u0131\u015f f\u0259sli \u00f6lk\u0259y\u0259 dekabr\u0131n 22-d\u0259 Bak\u0131 vaxt\u0131 il\u0259 saat 08.19-da q\u0259d\u0259m qoyacaq. H\u0259min g\u00fcn \u015eimal yar\u0131mk\u00fcr\u0259sind\u0259 \u0259n uzun gec\u0259, \u0259n q\u0131sa g\u00fcnd\u00fcz ya\u015fanacaq. C\u0259nub yar\u0131mk\u00fcr\u0259sind\u0259 is\u0259 dekabr\u0131n 22-d\u0259, \u0259ksin\u0259 olaraq \u0259n q\u0131sa gec\u0259, \u0259n uzun g\u00fcnd\u00fcz qeyd\u0259 al\u0131nacaq. Xat\u0131rladaq ki, q\u0131\u015f f\u0259slinin g\u0259li\u015fi zaman\u0131 G\u00fcn\u0259\u015f&hellip;","_links":{"self":[{"href":"https:\/\/arantv.az\/index.php?rest_route=\/wp\/v2\/posts\/110262"}],"collection":[{"href":"https:\/\/arantv.az\/index.php?rest_route=\/wp\/v2\/posts"}],"about":[{"href":"https:\/\/arantv.az\/index.php?rest_route=\/wp\/v2\/types\/post"}],"author":[{"embeddable":true,"href":"https:\/\/arantv.az\/index.php?rest_route=\/wp\/v2\/users\/2"}],"replies":[{"embeddable":true,"href":"https:\/\/arantv.az\/index.php?rest_route=%2Fwp%2Fv2%2Fcomments&post=110262"}],"version-history":[{"count":0,"href":"https:\/\/arantv.az\/index.php?rest_route=\/wp\/v2\/posts\/110262\/revisions"}],"wp:featuredmedia":[{"embeddable":true,"href":"https:\/\/arantv.az\/index.php?rest_route=\/wp\/v2\/media\/110263"}],"wp:attachment":[{"href":"https:\/\/arantv.az\/index.php?rest_route=%2Fwp%2Fv2%2Fmedia&parent=110262"}],"wp:term":[{"taxonomy":"category","embeddable":true,"href":"https:\/\/arantv.az\/index.php?rest_route=%2Fwp%2Fv2%2Fcategories&post=110262"},{"taxonomy":"post_tag","embeddable":true,"href":"https:\/\/arantv.az\/index.php?rest_route=%2Fwp%2Fv2%2Ftags&post=110262"}],"curies":[{"name":"wp","href":"https:\/\/api.w.org\/{rel}","templated":true}]}}