{"id":110274,"date":"2019-12-21T12:32:40","date_gmt":"2019-12-21T09:32:40","guid":{"rendered":"http:\/\/arantv.az\/?p=110274"},"modified":"2019-12-21T12:32:40","modified_gmt":"2019-12-21T09:32:40","slug":"polis-iti-cinay%c9%99tkari-z%c9%99r%c9%99rsizl%c9%99sdirdi-video","status":"publish","type":"post","link":"https:\/\/arantv.az\/?p=110274","title":{"rendered":"Polis iti cinay\u0259tkar\u0131 z\u0259r\u0259rsizl\u0259\u015fdirdi &#8211; V\u0130DEO"},"content":{"rendered":"<p>Polis iti y\u00fck ma\u015f\u0131n\u0131n s\u0131nm\u0131\u015f p\u0259nc\u0259r\u0259sind\u0259n i\u00e7\u0259ri tullanaraq qanun pozucusunu tutma\u011fa k\u00f6m\u0259k edib.\u00a0Hadis\u0259 Los-Ancelesd\u0259 qeyd\u0259 al\u0131n\u0131b.<\/p>\n<p>Bu bar\u0259d\u0259 x\u0259b\u0259ri \u201cDaily Mail\u201d yay\u0131b.<\/p>\n<article class=\"news\">\n<div class=\"news-inner\">\n<p>Bildirilir ki, arvad\u0131na x\u0259sar\u0259t yetirm\u0259kd\u0259 v\u0259 polisl\u0259rin \u0259mrin\u0259 tabe olmamaqda ittiham olunan 31 ya\u015fl\u0131 Xulio Vaskesi saxlamaq \u00fc\u00e7\u00fcn polisl\u0259r uzun m\u00fcdd\u0259t t\u0259qibd\u0259 olublar. N\u0259hay\u0259t, bir ne\u00e7\u0259 saatdan sonra h\u00fcquq-m\u00fchafiz\u0259\u00e7il\u0259r onun qar\u015f\u0131s\u0131n\u0131 k\u0259s\u0259 bilibl\u0259r.<\/p>\n<p>Lakin \u015f\u00fcbh\u0259li ma\u015f\u0131ndan d\u00fc\u015fm\u0259kd\u0259n imtina edib. Bu s\u0259b\u0259bd\u0259n polis rezin g\u00fcll\u0259 il\u0259 at\u0259\u015f a\u00e7\u0131b. Qanun pozucusu yen\u0259 t\u0259slim olmad\u0131qda, bu d\u0259f\u0259 \u201cHersoq\u201d l\u0259q\u0259bli it p\u0259nc\u0259r\u0259d\u0259n i\u00e7\u0259ri cumub.<\/p>\n<p>Haz\u0131rda o saxlan\u0131l\u0131b v\u0259 m\u0259hk\u0259m\u0259y\u0259 \u00e7\u0131xar\u0131laca\u011f\u0131 tarixi g\u00f6zl\u0259yir.<\/p>\n<div><iframe loading=\"lazy\" src=\"https:\/\/player.baku.tv\/embed\/12163\" width=\"560\" height=\"315\" frameborder=\"0\" allowfullscreen=\"allowfullscreen\" data-mce-fragment=\"1\"><\/iframe><\/div>\n<\/div>\n<\/article>\n<h2 class=\"news-share-title\"><\/h2>\n","protected":false},"excerpt":{"rendered":"<p>Polis iti y\u00fck ma\u015f\u0131n\u0131n s\u0131nm\u0131\u015f p\u0259nc\u0259r\u0259sind\u0259n i\u00e7\u0259ri tullanaraq qanun pozucusunu tutma\u011fa k\u00f6m\u0259k edib.\u00a0Hadis\u0259 Los-Ancelesd\u0259 qeyd\u0259 al\u0131n\u0131b. Bu bar\u0259d\u0259 x\u0259b\u0259ri \u201cDaily Mail\u201d yay\u0131b. Bildirilir ki, arvad\u0131na x\u0259sar\u0259t yetirm\u0259kd\u0259 v\u0259 polisl\u0259rin \u0259mrin\u0259 tabe olmamaqda ittiham olunan 31 ya\u015fl\u0131 Xulio Vaskesi saxlamaq \u00fc\u00e7\u00fcn polisl\u0259r uzun m\u00fcdd\u0259t t\u0259qibd\u0259 olublar. N\u0259hay\u0259t, bir ne\u00e7\u0259 saatdan sonra h\u00fcquq-m\u00fchafiz\u0259\u00e7il\u0259r onun qar\u015f\u0131s\u0131n\u0131 k\u0259s\u0259 bilibl\u0259r. Lakin \u015f\u00fcbh\u0259li ma\u015f\u0131ndan d\u00fc\u015fm\u0259kd\u0259n imtina edib. Bu s\u0259b\u0259bd\u0259n polis rezin g\u00fcll\u0259 il\u0259 at\u0259\u015f a\u00e7\u0131b. Qanun pozucusu yen\u0259 t\u0259slim olmad\u0131qda, bu d\u0259f\u0259 \u201cHersoq\u201d l\u0259q\u0259bli it p\u0259nc\u0259r\u0259d\u0259n i\u00e7\u0259ri cumub. Haz\u0131rda o saxlan\u0131l\u0131b v\u0259 m\u0259hk\u0259m\u0259y\u0259 \u00e7\u0131xar\u0131laca\u011f\u0131 tarixi g\u00f6zl\u0259yir.<\/p>\n","protected":false},"author":2,"featured_media":110275,"comment_status":"closed","ping_status":"closed","sticky":false,"template":"","format":"standard","meta":{"om_disable_all_campaigns":false,"_monsterinsights_skip_tracking":false,"_monsterinsights_sitenote_active":false,"_monsterinsights_sitenote_note":"","_monsterinsights_sitenote_category":0},"categories":[7],"tags":[],"aioseo_notices":[],"gutentor_comment":0,"rttpg_featured_image_url":{"full":["https:\/\/arantv.az\/wp-content\/uploads\/2019\/12\/page-2.jpg",620,413,false],"landscape":["https:\/\/arantv.az\/wp-content\/uploads\/2019\/12\/page-2.jpg",620,413,false],"portraits":["https:\/\/arantv.az\/wp-content\/uploads\/2019\/12\/page-2.jpg",620,413,false],"thumbnail":["https:\/\/arantv.az\/wp-content\/uploads\/2019\/12\/page-2-150x150.jpg",150,150,true],"medium":["https:\/\/arantv.az\/wp-content\/uploads\/2019\/12\/page-2-300x200.jpg",300,200,true],"large":["https:\/\/arantv.az\/wp-content\/uploads\/2019\/12\/page-2.jpg",620,413,false],"1536x1536":["https:\/\/arantv.az\/wp-content\/uploads\/2019\/12\/page-2.jpg",620,413,false],"2048x2048":["https:\/\/arantv.az\/wp-content\/uploads\/2019\/12\/page-2.jpg",620,413,false],"post-thumbnail":["https:\/\/arantv.az\/wp-content\/uploads\/2019\/12\/page-2-240x172.jpg",240,172,true],"advps-thumb-one":["https:\/\/arantv.az\/wp-content\/uploads\/2019\/12\/page-2.jpg",620,413,false]},"rttpg_author":{"display_name":"V\u00fcsal Rafiqo\u011flu","author_link":"https:\/\/arantv.az\/?author=2"},"rttpg_comment":0,"rttpg_category":"<a href=\"https:\/\/arantv.az\/?cat=7\" rel=\"category\">D\u00fcnya<\/a>","rttpg_excerpt":"Polis iti y\u00fck ma\u015f\u0131n\u0131n s\u0131nm\u0131\u015f p\u0259nc\u0259r\u0259sind\u0259n i\u00e7\u0259ri tullanaraq qanun pozucusunu tutma\u011fa k\u00f6m\u0259k edib.\u00a0Hadis\u0259 Los-Ancelesd\u0259 qeyd\u0259 al\u0131n\u0131b. Bu bar\u0259d\u0259 x\u0259b\u0259ri \u201cDaily Mail\u201d yay\u0131b. Bildirilir ki, arvad\u0131na x\u0259sar\u0259t yetirm\u0259kd\u0259 v\u0259 polisl\u0259rin \u0259mrin\u0259 tabe olmamaqda ittiham olunan 31 ya\u015fl\u0131 Xulio Vaskesi saxlamaq \u00fc\u00e7\u00fcn polisl\u0259r uzun m\u00fcdd\u0259t t\u0259qibd\u0259 olublar. N\u0259hay\u0259t, bir ne\u00e7\u0259 saatdan sonra h\u00fcquq-m\u00fchafiz\u0259\u00e7il\u0259r onun qar\u015f\u0131s\u0131n\u0131 k\u0259s\u0259 bilibl\u0259r.&hellip;","_links":{"self":[{"href":"https:\/\/arantv.az\/index.php?rest_route=\/wp\/v2\/posts\/110274"}],"collection":[{"href":"https:\/\/arantv.az\/index.php?rest_route=\/wp\/v2\/posts"}],"about":[{"href":"https:\/\/arantv.az\/index.php?rest_route=\/wp\/v2\/types\/post"}],"author":[{"embeddable":true,"href":"https:\/\/arantv.az\/index.php?rest_route=\/wp\/v2\/users\/2"}],"replies":[{"embeddable":true,"href":"https:\/\/arantv.az\/index.php?rest_route=%2Fwp%2Fv2%2Fcomments&post=110274"}],"version-history":[{"count":0,"href":"https:\/\/arantv.az\/index.php?rest_route=\/wp\/v2\/posts\/110274\/revisions"}],"wp:featuredmedia":[{"embeddable":true,"href":"https:\/\/arantv.az\/index.php?rest_route=\/wp\/v2\/media\/110275"}],"wp:attachment":[{"href":"https:\/\/arantv.az\/index.php?rest_route=%2Fwp%2Fv2%2Fmedia&parent=110274"}],"wp:term":[{"taxonomy":"category","embeddable":true,"href":"https:\/\/arantv.az\/index.php?rest_route=%2Fwp%2Fv2%2Fcategories&post=110274"},{"taxonomy":"post_tag","embeddable":true,"href":"https:\/\/arantv.az\/index.php?rest_route=%2Fwp%2Fv2%2Ftags&post=110274"}],"curies":[{"name":"wp","href":"https:\/\/api.w.org\/{rel}","templated":true}]}}