{"id":110278,"date":"2019-12-21T12:42:38","date_gmt":"2019-12-21T09:42:38","guid":{"rendered":"http:\/\/arantv.az\/?p=110278"},"modified":"2019-12-21T12:42:38","modified_gmt":"2019-12-21T09:42:38","slug":"s%c9%99kinin-icra-bascisinin-villalarinin-fotolari-yayildi-iddia","status":"publish","type":"post","link":"https:\/\/arantv.az\/?p=110278","title":{"rendered":"\u015e\u0259kinin \u0130cra ba\u015f\u00e7\u0131s\u0131n\u0131n villalar\u0131n\u0131n fotolar\u0131 yay\u0131ld\u0131 &#8211; \u0130DD\u0130A"},"content":{"rendered":"<p>X\u0259b\u0259r verdiyimiz kimi A\u011fstafa Rayon \u0130cra Hakimiyy\u0259tinin ba\u015f\u00e7\u0131s\u0131 Nizam\u0259ddin Quliyev v\u0259 onun birinci m\u00fcavini Ramiz Tatarov saxlan\u0131l\u0131blar. A\u011fstafa Rayon \u0130cra Hakimiyy\u0259tinin ba\u015f\u00e7\u0131s\u0131n\u0131n h\u0259bsi bir \u00e7oxlar\u0131na mesajd\u0131r. T\u0259\u0259ss\u00fcf ki, b\u0259zi m\u0259murlar d\u00f6vl\u0259t t\u0259r\u0259find\u0259n ayr\u0131lan \u00f6zl\u0259rinin \u015f\u0259xsi m\u0259nafeyl\u0259ri \u00fc\u00e7\u00fcn istifad\u0259 edir. \u00d6zl\u0259ri v\u0259 \u00f6vladlar\u0131 \u00fc\u00e7\u00fcn vilalar in\u015fa etdirir, bahal\u0131 avtomobil al\u0131rlar.<\/p>\n<p><strong>ARANTV.AZ\u00a0<\/strong> \u015e\u0259ki Rayon \u0130cra Hakimiyy\u0259tinin ba\u015f\u00e7\u0131s\u0131 Elxan Usubova aid oldu\u011fu iddia edil\u0259n vilalar\u0131n fotolar\u0131n\u0131 t\u0259qdim edir:<\/p>\n<div id=\"AdviadNativeVideo0\" class=\"AdviadNativeVideo\"><\/div>\n<p><img class=\"imgbcodecent\" src=\"https:\/\/upload.az\/foto\/arxiv\/2_31576917043_31576918433.jpg\" alt=\"\u015e\u0259kinin \u0130cra ba\u015f\u00e7\u0131s\u0131n\u0131n villalar\u0131n\u0131n fotolar\u0131 yay\u0131ld\u0131 - \u0130DD\u0130A\" \/><br \/>\n<img class=\"imgbcodecent\" src=\"https:\/\/upload.az\/foto\/arxiv\/3_81576917043_61576918433.jpg\" alt=\"\u015e\u0259kinin \u0130cra ba\u015f\u00e7\u0131s\u0131n\u0131n villalar\u0131n\u0131n fotolar\u0131 yay\u0131ld\u0131 - \u0130DD\u0130A\" \/><br \/>\n<img class=\"imgbcodecent\" src=\"https:\/\/upload.az\/foto\/arxiv\/422631751_21576917043_11576918433.jpg\" alt=\"\u015e\u0259kinin \u0130cra ba\u015f\u00e7\u0131s\u0131n\u0131n villalar\u0131n\u0131n fotolar\u0131 yay\u0131ld\u0131 - \u0130DD\u0130A\" \/><\/p>\n<p>Sonxeber.az.<\/p>\n","protected":false},"excerpt":{"rendered":"<p>X\u0259b\u0259r verdiyimiz kimi A\u011fstafa Rayon \u0130cra Hakimiyy\u0259tinin ba\u015f\u00e7\u0131s\u0131 Nizam\u0259ddin Quliyev v\u0259 onun birinci m\u00fcavini Ramiz Tatarov saxlan\u0131l\u0131blar. A\u011fstafa Rayon \u0130cra Hakimiyy\u0259tinin ba\u015f\u00e7\u0131s\u0131n\u0131n h\u0259bsi bir \u00e7oxlar\u0131na mesajd\u0131r. T\u0259\u0259ss\u00fcf ki, b\u0259zi m\u0259murlar d\u00f6vl\u0259t t\u0259r\u0259find\u0259n ayr\u0131lan \u00f6zl\u0259rinin \u015f\u0259xsi m\u0259nafeyl\u0259ri \u00fc\u00e7\u00fcn istifad\u0259 edir. \u00d6zl\u0259ri v\u0259 \u00f6vladlar\u0131 \u00fc\u00e7\u00fcn vilalar in\u015fa etdirir, bahal\u0131 avtomobil al\u0131rlar. ARANTV.AZ\u00a0 \u015e\u0259ki Rayon \u0130cra Hakimiyy\u0259tinin ba\u015f\u00e7\u0131s\u0131 Elxan Usubova aid oldu\u011fu iddia edil\u0259n vilalar\u0131n fotolar\u0131n\u0131 t\u0259qdim edir: Sonxeber.az.<\/p>\n","protected":false},"author":2,"featured_media":110279,"comment_status":"closed","ping_status":"closed","sticky":false,"template":"","format":"standard","meta":{"om_disable_all_campaigns":false,"_monsterinsights_skip_tracking":false,"_monsterinsights_sitenote_active":false,"_monsterinsights_sitenote_note":"","_monsterinsights_sitenote_category":0},"categories":[1],"tags":[],"aioseo_notices":[],"gutentor_comment":0,"rttpg_featured_image_url":{"full":["https:\/\/arantv.az\/wp-content\/uploads\/2019\/12\/1576917161befunky-collage.jpg",550,275,false],"landscape":["https:\/\/arantv.az\/wp-content\/uploads\/2019\/12\/1576917161befunky-collage.jpg",550,275,false],"portraits":["https:\/\/arantv.az\/wp-content\/uploads\/2019\/12\/1576917161befunky-collage.jpg",550,275,false],"thumbnail":["https:\/\/arantv.az\/wp-content\/uploads\/2019\/12\/1576917161befunky-collage-150x150.jpg",150,150,true],"medium":["https:\/\/arantv.az\/wp-content\/uploads\/2019\/12\/1576917161befunky-collage-300x150.jpg",300,150,true],"large":["https:\/\/arantv.az\/wp-content\/uploads\/2019\/12\/1576917161befunky-collage.jpg",550,275,false],"1536x1536":["https:\/\/arantv.az\/wp-content\/uploads\/2019\/12\/1576917161befunky-collage.jpg",550,275,false],"2048x2048":["https:\/\/arantv.az\/wp-content\/uploads\/2019\/12\/1576917161befunky-collage.jpg",550,275,false],"post-thumbnail":["https:\/\/arantv.az\/wp-content\/uploads\/2019\/12\/1576917161befunky-collage-240x172.jpg",240,172,true],"advps-thumb-one":["https:\/\/arantv.az\/wp-content\/uploads\/2019\/12\/1576917161befunky-collage.jpg",550,275,false]},"rttpg_author":{"display_name":"V\u00fcsal Rafiqo\u011flu","author_link":"https:\/\/arantv.az\/?author=2"},"rttpg_comment":0,"rttpg_category":"<a href=\"https:\/\/arantv.az\/?cat=1\" rel=\"category\">C\u0259miyy\u0259t<\/a>","rttpg_excerpt":"X\u0259b\u0259r verdiyimiz kimi A\u011fstafa Rayon \u0130cra Hakimiyy\u0259tinin ba\u015f\u00e7\u0131s\u0131 Nizam\u0259ddin Quliyev v\u0259 onun birinci m\u00fcavini Ramiz Tatarov saxlan\u0131l\u0131blar. A\u011fstafa Rayon \u0130cra Hakimiyy\u0259tinin ba\u015f\u00e7\u0131s\u0131n\u0131n h\u0259bsi bir \u00e7oxlar\u0131na mesajd\u0131r. T\u0259\u0259ss\u00fcf ki, b\u0259zi m\u0259murlar d\u00f6vl\u0259t t\u0259r\u0259find\u0259n ayr\u0131lan \u00f6zl\u0259rinin \u015f\u0259xsi m\u0259nafeyl\u0259ri \u00fc\u00e7\u00fcn istifad\u0259 edir. \u00d6zl\u0259ri v\u0259 \u00f6vladlar\u0131 \u00fc\u00e7\u00fcn vilalar in\u015fa etdirir, bahal\u0131 avtomobil al\u0131rlar. ARANTV.AZ\u00a0 \u015e\u0259ki Rayon \u0130cra Hakimiyy\u0259tinin ba\u015f\u00e7\u0131s\u0131&hellip;","_links":{"self":[{"href":"https:\/\/arantv.az\/index.php?rest_route=\/wp\/v2\/posts\/110278"}],"collection":[{"href":"https:\/\/arantv.az\/index.php?rest_route=\/wp\/v2\/posts"}],"about":[{"href":"https:\/\/arantv.az\/index.php?rest_route=\/wp\/v2\/types\/post"}],"author":[{"embeddable":true,"href":"https:\/\/arantv.az\/index.php?rest_route=\/wp\/v2\/users\/2"}],"replies":[{"embeddable":true,"href":"https:\/\/arantv.az\/index.php?rest_route=%2Fwp%2Fv2%2Fcomments&post=110278"}],"version-history":[{"count":0,"href":"https:\/\/arantv.az\/index.php?rest_route=\/wp\/v2\/posts\/110278\/revisions"}],"wp:featuredmedia":[{"embeddable":true,"href":"https:\/\/arantv.az\/index.php?rest_route=\/wp\/v2\/media\/110279"}],"wp:attachment":[{"href":"https:\/\/arantv.az\/index.php?rest_route=%2Fwp%2Fv2%2Fmedia&parent=110278"}],"wp:term":[{"taxonomy":"category","embeddable":true,"href":"https:\/\/arantv.az\/index.php?rest_route=%2Fwp%2Fv2%2Fcategories&post=110278"},{"taxonomy":"post_tag","embeddable":true,"href":"https:\/\/arantv.az\/index.php?rest_route=%2Fwp%2Fv2%2Ftags&post=110278"}],"curies":[{"name":"wp","href":"https:\/\/api.w.org\/{rel}","templated":true}]}}