{"id":110290,"date":"2019-12-21T12:59:05","date_gmt":"2019-12-21T09:59:05","guid":{"rendered":"http:\/\/arantv.az\/?p=110290"},"modified":"2019-12-21T12:59:05","modified_gmt":"2019-12-21T09:59:05","slug":"din-d%c9%99n-avtobusda-qizin-q%c9%99tl%c9%99-yetirilm%c9%99si-il%c9%99-bagli-m%c9%99lumatlara-munasib%c9%99t","status":"publish","type":"post","link":"https:\/\/arantv.az\/?p=110290","title":{"rendered":"D\u0130N-d\u0259n avtobusda q\u0131z\u0131n q\u0259tl\u0259 yetirilm\u0259si il\u0259 ba\u011fl\u0131 m\u0259lumatlara M\u00dcNAS\u0130B\u018fT"},"content":{"rendered":"<p>Daxili \u0130\u015fl\u0259r Nazirliyi (D\u0130N) sosial \u015f\u0259b\u0259k\u0259d\u0259 Bak\u0131da avtobusunda g\u0259nc q\u0131z\u0131n q\u0259tl\u0259 yetirilm\u0259si il\u0259 ba\u011fl\u0131 yay\u0131lan m\u0259lumatlara m\u00fcnasib\u0259t bildirib.<\/p>\n<p>D\u0130N-in M\u0259tbuat Xidm\u0259tind\u0259n veril\u0259n m\u0259lumata g\u00f6r\u0259, n\u0259inki Bin\u0259q\u0259di rayonunda, el\u0259c\u0259 d\u0259 paytaxt\u0131n dig\u0259r rayonlar\u0131nda bel\u0259 bir hadis\u0259 qeyd\u0259 al\u0131nmay\u0131b.<\/p>\n<div id=\"AdviadNativeVideo0\" class=\"AdviadNativeVideo\"><\/div>\n<p>\u201cXahi\u015f edirik, m\u0259lumat payla\u015fmazdan \u0259vv\u0259l D\u0130N-in M\u0259tbuat Xidm\u0259ti il\u0259 d\u0259qiql\u0259\u015fdirilsin\u201d, Nazirlikd\u0259n bildirilib.<\/p>\n<p>Qeyd ed\u0259k ki, bu g\u00fcn sosial \u015f\u0259b\u0259k\u0259d\u0259 paytaxt\u0131n Bin\u0259q\u0259di rayonu \u0259razisind\u0259 h\u0259r\u0259k\u0259td\u0259 olan mar\u015frut avtobusunda cavan o\u011flan\u0131n g\u0259nc q\u0131z\u0131 q\u0259tl\u0259 yetirm\u0259si bar\u0259d\u0259 m\u0259lumat yay\u0131l\u0131b.<\/p>\n","protected":false},"excerpt":{"rendered":"<p>Daxili \u0130\u015fl\u0259r Nazirliyi (D\u0130N) sosial \u015f\u0259b\u0259k\u0259d\u0259 Bak\u0131da avtobusunda g\u0259nc q\u0131z\u0131n q\u0259tl\u0259 yetirilm\u0259si il\u0259 ba\u011fl\u0131 yay\u0131lan m\u0259lumatlara m\u00fcnasib\u0259t bildirib. D\u0130N-in M\u0259tbuat Xidm\u0259tind\u0259n veril\u0259n m\u0259lumata g\u00f6r\u0259, n\u0259inki Bin\u0259q\u0259di rayonunda, el\u0259c\u0259 d\u0259 paytaxt\u0131n dig\u0259r rayonlar\u0131nda bel\u0259 bir hadis\u0259 qeyd\u0259 al\u0131nmay\u0131b. \u201cXahi\u015f edirik, m\u0259lumat payla\u015fmazdan \u0259vv\u0259l D\u0130N-in M\u0259tbuat Xidm\u0259ti il\u0259 d\u0259qiql\u0259\u015fdirilsin\u201d, Nazirlikd\u0259n bildirilib. Qeyd ed\u0259k ki, bu g\u00fcn sosial \u015f\u0259b\u0259k\u0259d\u0259 paytaxt\u0131n Bin\u0259q\u0259di rayonu \u0259razisind\u0259 h\u0259r\u0259k\u0259td\u0259 olan mar\u015frut avtobusunda cavan o\u011flan\u0131n g\u0259nc q\u0131z\u0131 q\u0259tl\u0259 yetirm\u0259si bar\u0259d\u0259 m\u0259lumat yay\u0131l\u0131b.<\/p>\n","protected":false},"author":2,"featured_media":110291,"comment_status":"closed","ping_status":"closed","sticky":false,"template":"","format":"standard","meta":{"om_disable_all_campaigns":false,"_monsterinsights_skip_tracking":false,"_monsterinsights_sitenote_active":false,"_monsterinsights_sitenote_note":"","_monsterinsights_sitenote_category":0},"categories":[1],"tags":[],"aioseo_notices":[],"gutentor_comment":0,"rttpg_featured_image_url":{"full":["https:\/\/arantv.az\/wp-content\/uploads\/2019\/12\/din_38948856.jpg",620,465,false],"landscape":["https:\/\/arantv.az\/wp-content\/uploads\/2019\/12\/din_38948856.jpg",620,465,false],"portraits":["https:\/\/arantv.az\/wp-content\/uploads\/2019\/12\/din_38948856.jpg",620,465,false],"thumbnail":["https:\/\/arantv.az\/wp-content\/uploads\/2019\/12\/din_38948856-150x150.jpg",150,150,true],"medium":["https:\/\/arantv.az\/wp-content\/uploads\/2019\/12\/din_38948856-300x225.jpg",300,225,true],"large":["https:\/\/arantv.az\/wp-content\/uploads\/2019\/12\/din_38948856.jpg",620,465,false],"1536x1536":["https:\/\/arantv.az\/wp-content\/uploads\/2019\/12\/din_38948856.jpg",620,465,false],"2048x2048":["https:\/\/arantv.az\/wp-content\/uploads\/2019\/12\/din_38948856.jpg",620,465,false],"post-thumbnail":["https:\/\/arantv.az\/wp-content\/uploads\/2019\/12\/din_38948856-240x172.jpg",240,172,true],"advps-thumb-one":["https:\/\/arantv.az\/wp-content\/uploads\/2019\/12\/din_38948856.jpg",620,465,false]},"rttpg_author":{"display_name":"V\u00fcsal Rafiqo\u011flu","author_link":"https:\/\/arantv.az\/?author=2"},"rttpg_comment":0,"rttpg_category":"<a href=\"https:\/\/arantv.az\/?cat=1\" rel=\"category\">C\u0259miyy\u0259t<\/a>","rttpg_excerpt":"Daxili \u0130\u015fl\u0259r Nazirliyi (D\u0130N) sosial \u015f\u0259b\u0259k\u0259d\u0259 Bak\u0131da avtobusunda g\u0259nc q\u0131z\u0131n q\u0259tl\u0259 yetirilm\u0259si il\u0259 ba\u011fl\u0131 yay\u0131lan m\u0259lumatlara m\u00fcnasib\u0259t bildirib. D\u0130N-in M\u0259tbuat Xidm\u0259tind\u0259n veril\u0259n m\u0259lumata g\u00f6r\u0259, n\u0259inki Bin\u0259q\u0259di rayonunda, el\u0259c\u0259 d\u0259 paytaxt\u0131n dig\u0259r rayonlar\u0131nda bel\u0259 bir hadis\u0259 qeyd\u0259 al\u0131nmay\u0131b. \u201cXahi\u015f edirik, m\u0259lumat payla\u015fmazdan \u0259vv\u0259l D\u0130N-in M\u0259tbuat Xidm\u0259ti il\u0259 d\u0259qiql\u0259\u015fdirilsin\u201d, Nazirlikd\u0259n bildirilib. Qeyd ed\u0259k ki, bu g\u00fcn sosial&hellip;","_links":{"self":[{"href":"https:\/\/arantv.az\/index.php?rest_route=\/wp\/v2\/posts\/110290"}],"collection":[{"href":"https:\/\/arantv.az\/index.php?rest_route=\/wp\/v2\/posts"}],"about":[{"href":"https:\/\/arantv.az\/index.php?rest_route=\/wp\/v2\/types\/post"}],"author":[{"embeddable":true,"href":"https:\/\/arantv.az\/index.php?rest_route=\/wp\/v2\/users\/2"}],"replies":[{"embeddable":true,"href":"https:\/\/arantv.az\/index.php?rest_route=%2Fwp%2Fv2%2Fcomments&post=110290"}],"version-history":[{"count":0,"href":"https:\/\/arantv.az\/index.php?rest_route=\/wp\/v2\/posts\/110290\/revisions"}],"wp:featuredmedia":[{"embeddable":true,"href":"https:\/\/arantv.az\/index.php?rest_route=\/wp\/v2\/media\/110291"}],"wp:attachment":[{"href":"https:\/\/arantv.az\/index.php?rest_route=%2Fwp%2Fv2%2Fmedia&parent=110290"}],"wp:term":[{"taxonomy":"category","embeddable":true,"href":"https:\/\/arantv.az\/index.php?rest_route=%2Fwp%2Fv2%2Fcategories&post=110290"},{"taxonomy":"post_tag","embeddable":true,"href":"https:\/\/arantv.az\/index.php?rest_route=%2Fwp%2Fv2%2Ftags&post=110290"}],"curies":[{"name":"wp","href":"https:\/\/api.w.org\/{rel}","templated":true}]}}