{"id":110306,"date":"2019-12-21T13:29:38","date_gmt":"2019-12-21T10:29:38","guid":{"rendered":"http:\/\/arantv.az\/?p=110306"},"modified":"2019-12-21T13:29:38","modified_gmt":"2019-12-21T10:29:38","slug":"moskvaya-ucan-t%c9%99yyar%c9%99-bakida-t%c9%99cili-enis-etdi","status":"publish","type":"post","link":"https:\/\/arantv.az\/?p=110306","title":{"rendered":"Moskvaya u\u00e7an t\u0259yyar\u0259 Bak\u0131da t\u0259cili eni\u015f etdi"},"content":{"rendered":"<p>&#8220;Azur Air&#8221; \u015firk\u0259tin\u0259 m\u0259xsus Qoa-Moskva mar\u015frutu \u00fczr\u0259 u\u00e7an t\u0259yyar\u0259 Heyd\u0259r \u018fliyev Beyn\u0259lxalq Aeroportunda t\u0259cili eni\u015f edib.<\/p>\n<p>Heyd\u0259r \u018fliyev Beyn\u0259lxalq Aeroportundan Oxu.Az-a veril\u0259n m\u0259lumata g\u00f6r\u0259, eni\u015f Bak\u0131 vaxt\u0131 il\u0259 11:05-d\u0259 u\u011furla yerin\u0259 yetirilib.<\/p>\n<p>B\u00fct\u00fcn s\u0259rni\u015finl\u0259r aeroportda yerl\u0259\u015fdirilib, onlara qida v\u0259 i\u00e7kil\u0259r t\u0259klif olunacaq.<\/p>\n<p>M\u0259lumatlara g\u00f6r\u0259, s\u0259rni\u015finl\u0259r \u00fc\u00e7\u00fcn \u015firk\u0259t t\u0259r\u0259find\u0259n ba\u015fqa t\u0259yyar\u0259 ayr\u0131l\u0131b.<\/p>\n","protected":false},"excerpt":{"rendered":"<p>&#8220;Azur Air&#8221; \u015firk\u0259tin\u0259 m\u0259xsus Qoa-Moskva mar\u015frutu \u00fczr\u0259 u\u00e7an t\u0259yyar\u0259 Heyd\u0259r \u018fliyev Beyn\u0259lxalq Aeroportunda t\u0259cili eni\u015f edib. Heyd\u0259r \u018fliyev Beyn\u0259lxalq Aeroportundan Oxu.Az-a veril\u0259n m\u0259lumata g\u00f6r\u0259, eni\u015f Bak\u0131 vaxt\u0131 il\u0259 11:05-d\u0259 u\u011furla yerin\u0259 yetirilib. B\u00fct\u00fcn s\u0259rni\u015finl\u0259r aeroportda yerl\u0259\u015fdirilib, onlara qida v\u0259 i\u00e7kil\u0259r t\u0259klif olunacaq. M\u0259lumatlara g\u00f6r\u0259, s\u0259rni\u015finl\u0259r \u00fc\u00e7\u00fcn \u015firk\u0259t t\u0259r\u0259find\u0259n ba\u015fqa t\u0259yyar\u0259 ayr\u0131l\u0131b.<\/p>\n","protected":false},"author":2,"featured_media":110307,"comment_status":"closed","ping_status":"closed","sticky":false,"template":"","format":"standard","meta":{"om_disable_all_campaigns":false,"_monsterinsights_skip_tracking":false,"_monsterinsights_sitenote_active":false,"_monsterinsights_sitenote_note":"","_monsterinsights_sitenote_category":0},"categories":[1],"tags":[],"aioseo_notices":[],"gutentor_comment":0,"rttpg_featured_image_url":{"full":["https:\/\/arantv.az\/wp-content\/uploads\/2019\/12\/c35ef2d2bcde396a30fb1aa6e4a5fda07366ad51.jpg",549,309,false],"landscape":["https:\/\/arantv.az\/wp-content\/uploads\/2019\/12\/c35ef2d2bcde396a30fb1aa6e4a5fda07366ad51.jpg",549,309,false],"portraits":["https:\/\/arantv.az\/wp-content\/uploads\/2019\/12\/c35ef2d2bcde396a30fb1aa6e4a5fda07366ad51.jpg",549,309,false],"thumbnail":["https:\/\/arantv.az\/wp-content\/uploads\/2019\/12\/c35ef2d2bcde396a30fb1aa6e4a5fda07366ad51-150x150.jpg",150,150,true],"medium":["https:\/\/arantv.az\/wp-content\/uploads\/2019\/12\/c35ef2d2bcde396a30fb1aa6e4a5fda07366ad51-300x169.jpg",300,169,true],"large":["https:\/\/arantv.az\/wp-content\/uploads\/2019\/12\/c35ef2d2bcde396a30fb1aa6e4a5fda07366ad51.jpg",549,309,false],"1536x1536":["https:\/\/arantv.az\/wp-content\/uploads\/2019\/12\/c35ef2d2bcde396a30fb1aa6e4a5fda07366ad51.jpg",549,309,false],"2048x2048":["https:\/\/arantv.az\/wp-content\/uploads\/2019\/12\/c35ef2d2bcde396a30fb1aa6e4a5fda07366ad51.jpg",549,309,false],"post-thumbnail":["https:\/\/arantv.az\/wp-content\/uploads\/2019\/12\/c35ef2d2bcde396a30fb1aa6e4a5fda07366ad51-240x172.jpg",240,172,true],"advps-thumb-one":["https:\/\/arantv.az\/wp-content\/uploads\/2019\/12\/c35ef2d2bcde396a30fb1aa6e4a5fda07366ad51.jpg",549,309,false]},"rttpg_author":{"display_name":"V\u00fcsal Rafiqo\u011flu","author_link":"https:\/\/arantv.az\/?author=2"},"rttpg_comment":0,"rttpg_category":"<a href=\"https:\/\/arantv.az\/?cat=1\" rel=\"category\">C\u0259miyy\u0259t<\/a>","rttpg_excerpt":"&#8220;Azur Air&#8221; \u015firk\u0259tin\u0259 m\u0259xsus Qoa-Moskva mar\u015frutu \u00fczr\u0259 u\u00e7an t\u0259yyar\u0259 Heyd\u0259r \u018fliyev Beyn\u0259lxalq Aeroportunda t\u0259cili eni\u015f edib. Heyd\u0259r \u018fliyev Beyn\u0259lxalq Aeroportundan Oxu.Az-a veril\u0259n m\u0259lumata g\u00f6r\u0259, eni\u015f Bak\u0131 vaxt\u0131 il\u0259 11:05-d\u0259 u\u011furla yerin\u0259 yetirilib. B\u00fct\u00fcn s\u0259rni\u015finl\u0259r aeroportda yerl\u0259\u015fdirilib, onlara qida v\u0259 i\u00e7kil\u0259r t\u0259klif olunacaq. M\u0259lumatlara g\u00f6r\u0259, s\u0259rni\u015finl\u0259r \u00fc\u00e7\u00fcn \u015firk\u0259t t\u0259r\u0259find\u0259n ba\u015fqa t\u0259yyar\u0259 ayr\u0131l\u0131b.","_links":{"self":[{"href":"https:\/\/arantv.az\/index.php?rest_route=\/wp\/v2\/posts\/110306"}],"collection":[{"href":"https:\/\/arantv.az\/index.php?rest_route=\/wp\/v2\/posts"}],"about":[{"href":"https:\/\/arantv.az\/index.php?rest_route=\/wp\/v2\/types\/post"}],"author":[{"embeddable":true,"href":"https:\/\/arantv.az\/index.php?rest_route=\/wp\/v2\/users\/2"}],"replies":[{"embeddable":true,"href":"https:\/\/arantv.az\/index.php?rest_route=%2Fwp%2Fv2%2Fcomments&post=110306"}],"version-history":[{"count":0,"href":"https:\/\/arantv.az\/index.php?rest_route=\/wp\/v2\/posts\/110306\/revisions"}],"wp:featuredmedia":[{"embeddable":true,"href":"https:\/\/arantv.az\/index.php?rest_route=\/wp\/v2\/media\/110307"}],"wp:attachment":[{"href":"https:\/\/arantv.az\/index.php?rest_route=%2Fwp%2Fv2%2Fmedia&parent=110306"}],"wp:term":[{"taxonomy":"category","embeddable":true,"href":"https:\/\/arantv.az\/index.php?rest_route=%2Fwp%2Fv2%2Fcategories&post=110306"},{"taxonomy":"post_tag","embeddable":true,"href":"https:\/\/arantv.az\/index.php?rest_route=%2Fwp%2Fv2%2Ftags&post=110306"}],"curies":[{"name":"wp","href":"https:\/\/api.w.org\/{rel}","templated":true}]}}