{"id":110310,"date":"2019-12-21T13:30:32","date_gmt":"2019-12-21T10:30:32","guid":{"rendered":"http:\/\/arantv.az\/?p=110310"},"modified":"2019-12-21T13:30:32","modified_gmt":"2019-12-21T10:30:32","slug":"2020-ci-ild%c9%99-%c9%99m%c9%99k-haqqi-v%c9%99-pensiyalar-artirilacaq-deputatdan-aciqlama","status":"publish","type":"post","link":"https:\/\/arantv.az\/?p=110310","title":{"rendered":"2020-ci ild\u0259 \u0259m\u0259k haqq\u0131 v\u0259 pensiyalar art\u0131r\u0131lacaq-Deputatdan A\u00c7IQLAMA"},"content":{"rendered":"<p>Az\u0259rbaycan\u0131n 2020-ci il d\u00f6vl\u0259t b\u00fcdc\u0259si layih\u0259sin\u0259 g\u00f6r\u0259, orta ayl\u0131q \u0259m\u0259k haqq\u0131 2019-cu ild\u0259ki g\u00f6st\u0259ricil\u0259rl\u0259 m\u00fcqayis\u0259d\u0259 15,5 faiz artmal\u0131d\u0131r. 2020-ci ild\u0259 \u0259m\u0259k haqqlar\u0131 v\u0259 pensiya art\u0131r\u0131lacaqm\u0131?<\/p>\n<p>Bununla ba\u011fl\u0131\u00a0Sonxeber.az-a dan\u0131\u015fan deputat Ayd\u0131n H\u00fcseynov bildirib ki, 2020-ci ilin b\u00fcdc\u0259si c\u0259nab prezident t\u0259r\u0259find\u0259n t\u0259sdiql\u0259nib: &#8220;B\u00fcdc\u0259miz sosial y\u00f6n\u00fcml\u00fcl\u00fcy\u00fcn\u00fc yen\u0259 qoruyub saxlay\u0131r. Sosial layih\u0259l\u0259rin h\u0259yata ke\u00e7irilm\u0259si \u00fc\u00e7\u00fcn 2.08 milyard manat v\u0259sait proqnozla\u015fd\u0131r\u0131l\u0131r. Bu da o dem\u0259kdir ki, 2020-ci ild\u0259 \u0259m\u0259k haqqlar\u0131, t\u0259qa\u00fcdl\u0259r v\u0259 pensiyalar art\u0131r\u0131lacaq. Eyni zamanda burada inflyasiya n\u0259z\u0259r\u0259 al\u0131n\u0131b. 4.6 faiz inflyasiya proqnozla\u015fd\u0131r\u0131l\u0131r. Bu inflyasiya da \u0259m\u0259k haqqlar\u0131n\u0131n kompensasiya olunmas\u0131n\u0131 t\u0259min ed\u0259c\u0259k. B\u00fct\u00f6vl\u00fckd\u0259 2020-ci ilin b\u00fcdc\u0259si sosial y\u00f6n\u00fcml\u00fcd\u00fcr. \u018fm\u0259k haqqlar\u0131n\u0131n art\u0131r\u0131lmas\u0131 v\u0259 sosial t\u0259dbirl\u0259rin ke\u00e7irilm\u0259si il\u0259 yana\u015f\u0131 investisiya x\u0259rcl\u0259ri d\u0259 burada \u00f6z \u0259ksini tap\u0131b. Y\u0259ni, 4.9 milyard investisiya x\u0259rcl\u0259ri burada proqnozla\u015fd\u0131r\u0131l\u0131b&#8221;.<\/p>\n","protected":false},"excerpt":{"rendered":"<p>Az\u0259rbaycan\u0131n 2020-ci il d\u00f6vl\u0259t b\u00fcdc\u0259si layih\u0259sin\u0259 g\u00f6r\u0259, orta ayl\u0131q \u0259m\u0259k haqq\u0131 2019-cu ild\u0259ki g\u00f6st\u0259ricil\u0259rl\u0259 m\u00fcqayis\u0259d\u0259 15,5 faiz artmal\u0131d\u0131r. 2020-ci ild\u0259 \u0259m\u0259k haqqlar\u0131 v\u0259 pensiya art\u0131r\u0131lacaqm\u0131? Bununla ba\u011fl\u0131\u00a0Sonxeber.az-a dan\u0131\u015fan deputat Ayd\u0131n H\u00fcseynov bildirib ki, 2020-ci ilin b\u00fcdc\u0259si c\u0259nab prezident t\u0259r\u0259find\u0259n t\u0259sdiql\u0259nib: &#8220;B\u00fcdc\u0259miz sosial y\u00f6n\u00fcml\u00fcl\u00fcy\u00fcn\u00fc yen\u0259 qoruyub saxlay\u0131r. Sosial layih\u0259l\u0259rin h\u0259yata ke\u00e7irilm\u0259si \u00fc\u00e7\u00fcn 2.08 milyard manat v\u0259sait proqnozla\u015fd\u0131r\u0131l\u0131r. Bu da o dem\u0259kdir ki, 2020-ci ild\u0259 \u0259m\u0259k haqqlar\u0131, t\u0259qa\u00fcdl\u0259r v\u0259 pensiyalar art\u0131r\u0131lacaq. Eyni zamanda burada inflyasiya n\u0259z\u0259r\u0259 al\u0131n\u0131b. 4.6 faiz inflyasiya proqnozla\u015fd\u0131r\u0131l\u0131r. Bu inflyasiya da \u0259m\u0259k haqqlar\u0131n\u0131n kompensasiya olunmas\u0131n\u0131 t\u0259min ed\u0259c\u0259k. B\u00fct\u00f6vl\u00fckd\u0259 2020-ci&hellip;<\/p>\n","protected":false},"author":2,"featured_media":110311,"comment_status":"closed","ping_status":"closed","sticky":false,"template":"","format":"standard","meta":{"om_disable_all_campaigns":false,"_monsterinsights_skip_tracking":false,"_monsterinsights_sitenote_active":false,"_monsterinsights_sitenote_note":"","_monsterinsights_sitenote_category":0},"categories":[1],"tags":[],"aioseo_notices":[],"gutentor_comment":0,"rttpg_featured_image_url":{"full":["https:\/\/arantv.az\/wp-content\/uploads\/2019\/12\/1576922404esas_2.jpg",549,310,false],"landscape":["https:\/\/arantv.az\/wp-content\/uploads\/2019\/12\/1576922404esas_2.jpg",549,310,false],"portraits":["https:\/\/arantv.az\/wp-content\/uploads\/2019\/12\/1576922404esas_2.jpg",549,310,false],"thumbnail":["https:\/\/arantv.az\/wp-content\/uploads\/2019\/12\/1576922404esas_2-150x150.jpg",150,150,true],"medium":["https:\/\/arantv.az\/wp-content\/uploads\/2019\/12\/1576922404esas_2-300x169.jpg",300,169,true],"large":["https:\/\/arantv.az\/wp-content\/uploads\/2019\/12\/1576922404esas_2.jpg",549,310,false],"1536x1536":["https:\/\/arantv.az\/wp-content\/uploads\/2019\/12\/1576922404esas_2.jpg",549,310,false],"2048x2048":["https:\/\/arantv.az\/wp-content\/uploads\/2019\/12\/1576922404esas_2.jpg",549,310,false],"post-thumbnail":["https:\/\/arantv.az\/wp-content\/uploads\/2019\/12\/1576922404esas_2-240x172.jpg",240,172,true],"advps-thumb-one":["https:\/\/arantv.az\/wp-content\/uploads\/2019\/12\/1576922404esas_2.jpg",549,310,false]},"rttpg_author":{"display_name":"V\u00fcsal Rafiqo\u011flu","author_link":"https:\/\/arantv.az\/?author=2"},"rttpg_comment":0,"rttpg_category":"<a href=\"https:\/\/arantv.az\/?cat=1\" rel=\"category\">C\u0259miyy\u0259t<\/a>","rttpg_excerpt":"Az\u0259rbaycan\u0131n 2020-ci il d\u00f6vl\u0259t b\u00fcdc\u0259si layih\u0259sin\u0259 g\u00f6r\u0259, orta ayl\u0131q \u0259m\u0259k haqq\u0131 2019-cu ild\u0259ki g\u00f6st\u0259ricil\u0259rl\u0259 m\u00fcqayis\u0259d\u0259 15,5 faiz artmal\u0131d\u0131r. 2020-ci ild\u0259 \u0259m\u0259k haqqlar\u0131 v\u0259 pensiya art\u0131r\u0131lacaqm\u0131? Bununla ba\u011fl\u0131\u00a0Sonxeber.az-a dan\u0131\u015fan deputat Ayd\u0131n H\u00fcseynov bildirib ki, 2020-ci ilin b\u00fcdc\u0259si c\u0259nab prezident t\u0259r\u0259find\u0259n t\u0259sdiql\u0259nib: &#8220;B\u00fcdc\u0259miz sosial y\u00f6n\u00fcml\u00fcl\u00fcy\u00fcn\u00fc yen\u0259 qoruyub saxlay\u0131r. Sosial layih\u0259l\u0259rin h\u0259yata ke\u00e7irilm\u0259si \u00fc\u00e7\u00fcn 2.08 milyard manat v\u0259sait&hellip;","_links":{"self":[{"href":"https:\/\/arantv.az\/index.php?rest_route=\/wp\/v2\/posts\/110310"}],"collection":[{"href":"https:\/\/arantv.az\/index.php?rest_route=\/wp\/v2\/posts"}],"about":[{"href":"https:\/\/arantv.az\/index.php?rest_route=\/wp\/v2\/types\/post"}],"author":[{"embeddable":true,"href":"https:\/\/arantv.az\/index.php?rest_route=\/wp\/v2\/users\/2"}],"replies":[{"embeddable":true,"href":"https:\/\/arantv.az\/index.php?rest_route=%2Fwp%2Fv2%2Fcomments&post=110310"}],"version-history":[{"count":0,"href":"https:\/\/arantv.az\/index.php?rest_route=\/wp\/v2\/posts\/110310\/revisions"}],"wp:featuredmedia":[{"embeddable":true,"href":"https:\/\/arantv.az\/index.php?rest_route=\/wp\/v2\/media\/110311"}],"wp:attachment":[{"href":"https:\/\/arantv.az\/index.php?rest_route=%2Fwp%2Fv2%2Fmedia&parent=110310"}],"wp:term":[{"taxonomy":"category","embeddable":true,"href":"https:\/\/arantv.az\/index.php?rest_route=%2Fwp%2Fv2%2Fcategories&post=110310"},{"taxonomy":"post_tag","embeddable":true,"href":"https:\/\/arantv.az\/index.php?rest_route=%2Fwp%2Fv2%2Ftags&post=110310"}],"curies":[{"name":"wp","href":"https:\/\/api.w.org\/{rel}","templated":true}]}}