{"id":110318,"date":"2019-12-21T13:52:59","date_gmt":"2019-12-21T10:52:59","guid":{"rendered":"http:\/\/arantv.az\/?p=110318"},"modified":"2019-12-21T13:52:59","modified_gmt":"2019-12-21T10:52:59","slug":"novb%c9%99d%c9%99nk%c9%99nar-parlament-seckil%c9%99rind%c9%99-istirak-ed%c9%99c%c9%99k-partiyalarin-sayi-19-a-catib","status":"publish","type":"post","link":"https:\/\/arantv.az\/?p=110318","title":{"rendered":"N\u00f6vb\u0259d\u0259nk\u0259nar parlament se\u00e7kil\u0259rind\u0259 i\u015ftirak ed\u0259c\u0259k partiyalar\u0131n say\u0131 19-a \u00e7at\u0131b"},"content":{"rendered":"<p><strong>Az\u0259rbaycanda fevral\u0131n 9-a t\u0259yin edilm\u015f n\u00f6vb\u0259d\u0259nk\u0259nar parlament se\u00e7kil\u0259rind\u0259 i\u015ftirak etm\u0259k \u00fc\u00e7\u00fcn m\u00fcraci\u0259t ed\u0259n siyasi partiyalar\u0131n say\u0131 19-a \u00e7at\u0131b.<\/strong><\/p>\n<p><strong>ARANTV.AZ<\/strong>\u00a0<a href=\"http:\/\/az.trend.az\/\" target=\"_blank\" rel=\"noopener\">Trend<\/a>-\u0259 istinad\u0259n bildirir ki, M\u0259rk\u0259zi Se\u00e7ki Komissiyas\u0131n\u0131n (MSK) bu g\u00fcn ke\u00e7iril\u0259n iclas\u0131nda daha d\u00f6rd partiyan\u0131n &#8211; Demokratik \u0130slahatlar Partiyas\u0131, Az\u0259rbaycan Liberal Demokrat Partiyas\u0131, Az\u0259rbaycan Demokratik Maarif\u00e7ilik Partiyas\u0131n\u0131n v\u0259 M\u00fcasir M\u00fcsavat Partiyas\u0131n\u0131n s\u0259lahiyy\u0259tli n\u00fcmay\u0259nd\u0259l\u0259ri qeyd\u0259 al\u0131n\u0131b.<\/p>\n<p>Qeyd ed\u0259k ki, bundan \u0259vv\u0259l 15 siyasi partiyan\u0131n &#8211; Yeni Az\u0259rbaycan Partiyas\u0131n\u0131n, \u00dcmid Partiyas\u0131n\u0131n, V\u0259t\u0259nda\u015f H\u0259mr\u0259yliyi Partiyas\u0131n\u0131n, B\u00f6y\u00fck Qurulu\u015f Partiyas\u0131, B\u00fct\u00f6v Az\u0259rbaycan Xalq C\u0259bh\u0259si Partiyas\u0131, Milli Dir\u00e7\u0259li\u015f H\u0259r\u0259kat\u0131 Partiyas\u0131, Az\u0259rbaycan Milli \u0130stiqlal Partiyas\u0131, Az\u0259rbaycan Demokrat Partiyas\u0131, B\u00f6y\u00fck Az\u0259rbaycan Partiyas\u0131n\u0131n, Vahid Az\u0259rbaycan Partiyas\u0131n\u0131n, &#8220;Ana V\u0259t\u0259n&#8221; Partiyas\u0131n\u0131n, Az\u0259rbaycan T\u0259kam\u00fcl Partiyas\u0131n\u0131n, M\u00fcsavat Partiyas\u0131n\u0131n, Az\u0259rbaycan Sosial Rifah Partiyas\u0131n\u0131n v\u0259 V\u0259hd\u0259t Partiyas\u0131n\u0131n s\u0259lahiyy\u0259tli n\u00fcmay\u0259nd\u0259l\u0259ri qeyd\u0259 al\u0131nm\u0131\u015fd\u0131.<\/p>\n","protected":false},"excerpt":{"rendered":"<p>Az\u0259rbaycanda fevral\u0131n 9-a t\u0259yin edilm\u015f n\u00f6vb\u0259d\u0259nk\u0259nar parlament se\u00e7kil\u0259rind\u0259 i\u015ftirak etm\u0259k \u00fc\u00e7\u00fcn m\u00fcraci\u0259t ed\u0259n siyasi partiyalar\u0131n say\u0131 19-a \u00e7at\u0131b. ARANTV.AZ\u00a0Trend-\u0259 istinad\u0259n bildirir ki, M\u0259rk\u0259zi Se\u00e7ki Komissiyas\u0131n\u0131n (MSK) bu g\u00fcn ke\u00e7iril\u0259n iclas\u0131nda daha d\u00f6rd partiyan\u0131n &#8211; Demokratik \u0130slahatlar Partiyas\u0131, Az\u0259rbaycan Liberal Demokrat Partiyas\u0131, Az\u0259rbaycan Demokratik Maarif\u00e7ilik Partiyas\u0131n\u0131n v\u0259 M\u00fcasir M\u00fcsavat Partiyas\u0131n\u0131n s\u0259lahiyy\u0259tli n\u00fcmay\u0259nd\u0259l\u0259ri qeyd\u0259 al\u0131n\u0131b. Qeyd ed\u0259k ki, bundan \u0259vv\u0259l 15 siyasi partiyan\u0131n &#8211; Yeni Az\u0259rbaycan Partiyas\u0131n\u0131n, \u00dcmid Partiyas\u0131n\u0131n, V\u0259t\u0259nda\u015f H\u0259mr\u0259yliyi Partiyas\u0131n\u0131n, B\u00f6y\u00fck Qurulu\u015f Partiyas\u0131, B\u00fct\u00f6v Az\u0259rbaycan Xalq C\u0259bh\u0259si Partiyas\u0131, Milli Dir\u00e7\u0259li\u015f H\u0259r\u0259kat\u0131 Partiyas\u0131, Az\u0259rbaycan Milli \u0130stiqlal Partiyas\u0131, Az\u0259rbaycan Demokrat Partiyas\u0131, B\u00f6y\u00fck&hellip;<\/p>\n","protected":false},"author":2,"featured_media":110319,"comment_status":"closed","ping_status":"closed","sticky":false,"template":"","format":"standard","meta":{"om_disable_all_campaigns":false,"_monsterinsights_skip_tracking":false,"_monsterinsights_sitenote_active":false,"_monsterinsights_sitenote_note":"","_monsterinsights_sitenote_category":0},"categories":[19],"tags":[],"aioseo_notices":[],"gutentor_comment":0,"rttpg_featured_image_url":{"full":["https:\/\/arantv.az\/wp-content\/uploads\/2019\/12\/msk_bina-1.jpg",482,361,false],"landscape":["https:\/\/arantv.az\/wp-content\/uploads\/2019\/12\/msk_bina-1.jpg",482,361,false],"portraits":["https:\/\/arantv.az\/wp-content\/uploads\/2019\/12\/msk_bina-1.jpg",482,361,false],"thumbnail":["https:\/\/arantv.az\/wp-content\/uploads\/2019\/12\/msk_bina-1-150x150.jpg",150,150,true],"medium":["https:\/\/arantv.az\/wp-content\/uploads\/2019\/12\/msk_bina-1-300x225.jpg",300,225,true],"large":["https:\/\/arantv.az\/wp-content\/uploads\/2019\/12\/msk_bina-1.jpg",482,361,false],"1536x1536":["https:\/\/arantv.az\/wp-content\/uploads\/2019\/12\/msk_bina-1.jpg",482,361,false],"2048x2048":["https:\/\/arantv.az\/wp-content\/uploads\/2019\/12\/msk_bina-1.jpg",482,361,false],"post-thumbnail":["https:\/\/arantv.az\/wp-content\/uploads\/2019\/12\/msk_bina-1-240x172.jpg",240,172,true],"advps-thumb-one":["https:\/\/arantv.az\/wp-content\/uploads\/2019\/12\/msk_bina-1.jpg",482,361,false]},"rttpg_author":{"display_name":"V\u00fcsal Rafiqo\u011flu","author_link":"https:\/\/arantv.az\/?author=2"},"rttpg_comment":0,"rttpg_category":"<a href=\"https:\/\/arantv.az\/?cat=19\" rel=\"category\">G\u00fcnd\u0259m<\/a>","rttpg_excerpt":"Az\u0259rbaycanda fevral\u0131n 9-a t\u0259yin edilm\u015f n\u00f6vb\u0259d\u0259nk\u0259nar parlament se\u00e7kil\u0259rind\u0259 i\u015ftirak etm\u0259k \u00fc\u00e7\u00fcn m\u00fcraci\u0259t ed\u0259n siyasi partiyalar\u0131n say\u0131 19-a \u00e7at\u0131b. ARANTV.AZ\u00a0Trend-\u0259 istinad\u0259n bildirir ki, M\u0259rk\u0259zi Se\u00e7ki Komissiyas\u0131n\u0131n (MSK) bu g\u00fcn ke\u00e7iril\u0259n iclas\u0131nda daha d\u00f6rd partiyan\u0131n &#8211; Demokratik \u0130slahatlar Partiyas\u0131, Az\u0259rbaycan Liberal Demokrat Partiyas\u0131, Az\u0259rbaycan Demokratik Maarif\u00e7ilik Partiyas\u0131n\u0131n v\u0259 M\u00fcasir M\u00fcsavat Partiyas\u0131n\u0131n s\u0259lahiyy\u0259tli n\u00fcmay\u0259nd\u0259l\u0259ri qeyd\u0259 al\u0131n\u0131b. Qeyd ed\u0259k&hellip;","_links":{"self":[{"href":"https:\/\/arantv.az\/index.php?rest_route=\/wp\/v2\/posts\/110318"}],"collection":[{"href":"https:\/\/arantv.az\/index.php?rest_route=\/wp\/v2\/posts"}],"about":[{"href":"https:\/\/arantv.az\/index.php?rest_route=\/wp\/v2\/types\/post"}],"author":[{"embeddable":true,"href":"https:\/\/arantv.az\/index.php?rest_route=\/wp\/v2\/users\/2"}],"replies":[{"embeddable":true,"href":"https:\/\/arantv.az\/index.php?rest_route=%2Fwp%2Fv2%2Fcomments&post=110318"}],"version-history":[{"count":0,"href":"https:\/\/arantv.az\/index.php?rest_route=\/wp\/v2\/posts\/110318\/revisions"}],"wp:featuredmedia":[{"embeddable":true,"href":"https:\/\/arantv.az\/index.php?rest_route=\/wp\/v2\/media\/110319"}],"wp:attachment":[{"href":"https:\/\/arantv.az\/index.php?rest_route=%2Fwp%2Fv2%2Fmedia&parent=110318"}],"wp:term":[{"taxonomy":"category","embeddable":true,"href":"https:\/\/arantv.az\/index.php?rest_route=%2Fwp%2Fv2%2Fcategories&post=110318"},{"taxonomy":"post_tag","embeddable":true,"href":"https:\/\/arantv.az\/index.php?rest_route=%2Fwp%2Fv2%2Ftags&post=110318"}],"curies":[{"name":"wp","href":"https:\/\/api.w.org\/{rel}","templated":true}]}}