{"id":110386,"date":"2019-12-23T09:01:28","date_gmt":"2019-12-23T06:01:28","guid":{"rendered":"http:\/\/arantv.az\/?p=110386"},"modified":"2019-12-23T09:01:28","modified_gmt":"2019-12-23T06:01:28","slug":"s%c9%99ki-zaqatala-bolg%c9%99sind%c9%99-yerl%c9%99s%c9%99n-butun-m%c9%99nt%c9%99q%c9%99l%c9%99rd%c9%99-s%c9%99s-verm%c9%99si-ucun-h%c9%99r-cur-s%c9%99rait-yaradilib","status":"publish","type":"post","link":"https:\/\/arantv.az\/?p=110386","title":{"rendered":"\u015e\u0259ki-Zaqatala b\u00f6lg\u0259sind\u0259 yerl\u0259\u015f\u0259n b\u00fct\u00fcn m\u0259nt\u0259q\u0259l\u0259rd\u0259 s\u0259s verm\u0259si \u00fc\u00e7\u00fcn h\u0259r c\u00fcr \u015f\u0259rait yarad\u0131l\u0131b"},"content":{"rendered":"<p>Dekabr\u0131n 23-d\u0259 respublikam\u0131z\u0131n h\u0259r yerind\u0259 oldu\u011fu kimi, \u015e\u0259ki-Zaqatala b\u00f6lg\u0259si rayonlar\u0131nda da b\u0259l\u0259diyy\u0259 se\u00e7kil\u0259rin\u0259 start verilib.<\/p>\n<p><strong>ARANTV.AZ<\/strong>\u00a0\u00a0<a href=\"http:\/\/az.trend.az\/\" target=\"_blank\" rel=\"noopener\">Trend<\/a>-\u0259 istinad\u0259n bildirir ki, s\u0259h\u0259r saat 8.00-dan etibar\u0259n b\u00f6lg\u0259y\u0259 daxil olan Balak\u0259n, Zaqatala, Qax, \u015e\u0259ki, O\u011fuz v\u0259 Q\u0259b\u0259l\u0259 rayonlar\u0131nda f\u0259aliyy\u0259t g\u00f6st\u0259r\u0259n 9 se\u00e7ki dair\u0259sinin 418 se\u00e7ki m\u0259nt\u0259q\u0259si qap\u0131lar\u0131n\u0131 se\u00e7icil\u0259rin \u00fcz\u00fcn\u0259 a\u00e7\u0131b. Dair\u0259 se\u00e7ki komissiyalar\u0131ndan veril\u0259n m\u0259lumata g\u00f6r\u0259, bu se\u00e7ki dair\u0259l\u0259ri \u00fczr\u0259 adlar\u0131 se\u00e7ici siyah\u0131lar\u0131na daxil edil\u0259n se\u00e7icil\u0259rin \u00fcmumi say\u0131 386 min 992 n\u0259f\u0259rdir. Onlardan 7 min 45 n\u0259f\u0259ri se\u00e7kid\u0259 ilk d\u0259f\u0259 i\u015ftirak edir.<\/p>\n<p>Se\u00e7kil\u0259rd\u0259 bu rayonlar \u00fczr\u0259 145 b\u0259l\u0259diyy\u0259y\u0259 1391 n\u0259f\u0259r \u00fczv se\u00e7il\u0259c\u0259k. M\u00fcbariz\u0259 aparan namiz\u0259dl\u0259rin \u00fcmumi say\u0131 is\u0259 4715 n\u0259f\u0259rdir. B\u0259l\u0259diyy\u0259 \u00fczvl\u00fcy\u00fcn\u0259 namiz\u0259dl\u0259rin 1502 n\u0259f\u0259ri YAP v\u0259 dig\u0259r siyasi partiyalar\u0131 t\u0259msil edirl\u0259r. 3213 n\u0259f\u0259rin namiz\u0259dliyi is\u0259 \u00f6z t\u0259\u015f\u0259bb\u00fcsl\u0259ri il\u0259 ir\u0259li s\u00fcr\u00fcl\u00fcb.<\/p>\n<p>V\u0259t\u0259nda\u015flar\u0131n s\u0259rb\u0259st \u015f\u0259kild\u0259 s\u0259s verm\u0259si \u00fc\u00e7\u00fcn b\u00fct\u00fcn se\u00e7ki m\u0259nt\u0259q\u0259l\u0259rind\u0259 laz\u0131mi \u015f\u0259rait yarad\u0131l\u0131b, m\u0259nt\u0259q\u0259l\u0259r z\u0259ruri avadanl\u0131q v\u0259 texniki vasit\u0259l\u0259rl\u0259, h\u0259m\u00e7inin etibarl\u0131 rabit\u0259 sistemi v\u0259 elektrik generatorlar\u0131 il\u0259 t\u0259chiz olunub. Bu dair\u0259l\u0259r \u00fczr\u0259 se\u00e7kil\u0259rin gedi\u015fini m\u00fcxt\u0259lif siyasi partiyalar\u0131 v\u0259 ictimai birlikl\u0259ri t\u0259msil ed\u0259n 4 min 419 n\u0259f\u0259r yerli m\u00fc\u015fahid\u0259\u00e7i izl\u0259yir.<\/p>\n<p>112 sayl\u0131 Qax se\u00e7ki dair\u0259sinin rayon M\u0259d\u0259niyy\u0259t M\u0259rk\u0259zind\u0259 yerl\u0259\u015f\u0259n 4 sayl\u0131 se\u00e7ki m\u0259nt\u0259q\u0259sind\u0259 s\u0259sverm\u0259 prosesi ba\u015flay\u0131b. S\u0259sverm\u0259 se\u00e7icil\u0259rin f\u0259all\u0131\u011f\u0131 \u015f\u0259raitind\u0259 ba\u015flan\u0131b. Se\u00e7ki komissiyas\u0131n\u0131n s\u0259dri Musa Musayevin bildirdiyin\u0259 g\u00f6r\u0259, m\u0259nt\u0259q\u0259d\u0259 1064 se\u00e7ici qeyd\u0259 al\u0131n\u0131b. Onlardan 27 n\u0259f\u0259ri se\u00e7kil\u0259rd\u0259 ilk d\u0259f\u0259 i\u015ftirak edir.<\/p>\n<p>\u0130lk olaraq Qax \u015f\u0259h\u0259r sakini, 80 ya\u015fl\u0131 a\u011fsaqqal Mais \u015eabanov se\u00e7ki b\u00fclletenini g\u00f6t\u00fcr\u00fcb, se\u00e7imini ed\u0259r\u0259k b\u00fclleteni se\u00e7ki qutusuna at\u0131b. Se\u00e7kid\u0259 i\u015ftirak etm\u0259kd\u0259n q\u00fcrur hissi ke\u00e7irdiyini vur\u011fulayan a\u011fsaqqal se\u00e7ici AZ\u018fRTAC-\u0131n b\u00f6lg\u0259 m\u00fcxbirin\u0259 m\u00fcsahib\u0259sind\u0259 deyib: &#8220;\u018fvv\u0259lki se\u00e7kil\u0259rd\u0259 oldu\u011fu kimi, bu se\u00e7kiy\u0259 d\u0259 b\u00f6y\u00fck h\u0259v\u0259sl\u0259 g\u0259ldim. Se\u00e7ki m\u0259nt\u0259q\u0259sind\u0259 m\u0259ni \u00e7ox yax\u015f\u0131 qar\u015f\u0131lad\u0131lar, t\u0259limatland\u0131rd\u0131lar. Se\u00e7ki b\u00fclletenind\u0259 olan namiz\u0259dl\u0259rin adlar\u0131n\u0131 diqq\u0259tl\u0259 oxudum. Tan\u0131d\u0131qlar\u0131m da var idi, tan\u0131mad\u0131qlar\u0131m da. \u018fn layiqli namiz\u0259dl\u0259r\u0259, \u015f\u0259h\u0259rimizin, ya\u015fad\u0131\u011f\u0131m m\u0259h\u0259ll\u0259nin inki\u015faf\u0131n\u0131 t\u0259min ed\u0259 bil\u0259c\u0259k insanlara s\u0259s verdim&#8221;.<\/p>\n<p>Dig\u0259r se\u00e7icil\u0259r d\u0259 m\u0259nt\u0259q\u0259d\u0259 yarad\u0131lan \u015f\u0259raitd\u0259n raz\u0131 qald\u0131qlar\u0131n\u0131 qeyd edibl\u0259r.<\/p>\n<p>Qeyd ed\u0259k ki, bu g\u00fcn Az\u0259rbaycanda b\u0259l\u0259diyy\u0259 se\u00e7kil\u0259ri ke\u00e7irilir.<\/p>\n<p>M\u0259rk\u0259zi Se\u00e7ki Komissiyas\u0131n\u0131n (MSK) s\u0259dri M\u0259zahir P\u0259nahov saat 08:00-dan etibar\u0259n se\u00e7ki m\u0259nt\u0259q\u0259l\u0259rinin se\u00e7icil\u0259rin s\u0259s verm\u0259si \u00fc\u00e7\u00fcn a\u00e7\u0131q elan edildiyini bildirib.<\/p>\n<p>Bu il b\u0259l\u0259diyy\u0259 se\u00e7kil\u0259rind\u0259 1606 b\u0259l\u0259diyy\u0259 \u00fczr\u0259 15 156 b\u0259l\u0259diyy\u0259 \u00fczv\u00fc se\u00e7ilm\u0259lidir. \u00dcmumilikd\u0259 se\u00e7kil\u0259rd\u0259 41 462 namiz\u0259d i\u015ftirak edir. Se\u00e7kil\u0259rd\u0259 i\u015ftirak ed\u0259n partiyalar\u0131n say\u0131 13-d\u00fcr. Namiz\u0259dl\u0259rin 3-d\u0259 1-i 13 siyasi partiyan\u0131n n\u00fcmay\u0259nd\u0259l\u0259ri, 3-d\u0259 2-si is\u0259 namiz\u0259dlikl\u0259rini \u00f6zl\u0259ri ir\u0259li s\u00fcr\u0259n v\u0259t\u0259nda\u015flard\u0131r.<\/p>\n<p>B\u0259l\u0259diyy\u0259 se\u00e7kil\u0259rini 17 beyn\u0259lxalq, 52 636 yerli m\u00fc\u015fahid\u0259\u00e7i m\u00fc\u015fahid\u0259 ed\u0259c\u0259k.<\/p>\n<p>Se\u00e7kil\u0259rl\u0259 \u0259laq\u0259dar olaraq dekabr\u0131n 23-\u00fc qeyri-i\u015f g\u00fcn\u00fc elan olunub.<\/p>\n","protected":false},"excerpt":{"rendered":"<p>Dekabr\u0131n 23-d\u0259 respublikam\u0131z\u0131n h\u0259r yerind\u0259 oldu\u011fu kimi, \u015e\u0259ki-Zaqatala b\u00f6lg\u0259si rayonlar\u0131nda da b\u0259l\u0259diyy\u0259 se\u00e7kil\u0259rin\u0259 start verilib. ARANTV.AZ\u00a0\u00a0Trend-\u0259 istinad\u0259n bildirir ki, s\u0259h\u0259r saat 8.00-dan etibar\u0259n b\u00f6lg\u0259y\u0259 daxil olan Balak\u0259n, Zaqatala, Qax, \u015e\u0259ki, O\u011fuz v\u0259 Q\u0259b\u0259l\u0259 rayonlar\u0131nda f\u0259aliyy\u0259t g\u00f6st\u0259r\u0259n 9 se\u00e7ki dair\u0259sinin 418 se\u00e7ki m\u0259nt\u0259q\u0259si qap\u0131lar\u0131n\u0131 se\u00e7icil\u0259rin \u00fcz\u00fcn\u0259 a\u00e7\u0131b. Dair\u0259 se\u00e7ki komissiyalar\u0131ndan veril\u0259n m\u0259lumata g\u00f6r\u0259, bu se\u00e7ki dair\u0259l\u0259ri \u00fczr\u0259 adlar\u0131 se\u00e7ici siyah\u0131lar\u0131na daxil edil\u0259n se\u00e7icil\u0259rin \u00fcmumi say\u0131 386 min 992 n\u0259f\u0259rdir. Onlardan 7 min 45 n\u0259f\u0259ri se\u00e7kid\u0259 ilk d\u0259f\u0259 i\u015ftirak edir. Se\u00e7kil\u0259rd\u0259 bu rayonlar \u00fczr\u0259 145 b\u0259l\u0259diyy\u0259y\u0259 1391 n\u0259f\u0259r \u00fczv se\u00e7il\u0259c\u0259k. M\u00fcbariz\u0259 aparan&hellip;<\/p>\n","protected":false},"author":2,"featured_media":110387,"comment_status":"closed","ping_status":"closed","sticky":false,"template":"","format":"standard","meta":{"om_disable_all_campaigns":false,"_monsterinsights_skip_tracking":false,"_monsterinsights_sitenote_active":false,"_monsterinsights_sitenote_note":"","_monsterinsights_sitenote_category":0},"categories":[4],"tags":[],"aioseo_notices":[],"gutentor_comment":0,"rttpg_featured_image_url":{"full":["https:\/\/arantv.az\/wp-content\/uploads\/2019\/12\/812557.jpg",900,600,false],"landscape":["https:\/\/arantv.az\/wp-content\/uploads\/2019\/12\/812557.jpg",900,600,false],"portraits":["https:\/\/arantv.az\/wp-content\/uploads\/2019\/12\/812557.jpg",900,600,false],"thumbnail":["https:\/\/arantv.az\/wp-content\/uploads\/2019\/12\/812557-150x150.jpg",150,150,true],"medium":["https:\/\/arantv.az\/wp-content\/uploads\/2019\/12\/812557-300x200.jpg",300,200,true],"large":["https:\/\/arantv.az\/wp-content\/uploads\/2019\/12\/812557.jpg",640,427,false],"1536x1536":["https:\/\/arantv.az\/wp-content\/uploads\/2019\/12\/812557.jpg",900,600,false],"2048x2048":["https:\/\/arantv.az\/wp-content\/uploads\/2019\/12\/812557.jpg",900,600,false],"post-thumbnail":["https:\/\/arantv.az\/wp-content\/uploads\/2019\/12\/812557-240x172.jpg",240,172,true],"advps-thumb-one":["https:\/\/arantv.az\/wp-content\/uploads\/2019\/12\/812557.jpg",900,600,false]},"rttpg_author":{"display_name":"V\u00fcsal Rafiqo\u011flu","author_link":"https:\/\/arantv.az\/?author=2"},"rttpg_comment":0,"rttpg_category":"<a href=\"https:\/\/arantv.az\/?cat=4\" rel=\"category\">Siyas\u0259t<\/a>","rttpg_excerpt":"Dekabr\u0131n 23-d\u0259 respublikam\u0131z\u0131n h\u0259r yerind\u0259 oldu\u011fu kimi, \u015e\u0259ki-Zaqatala b\u00f6lg\u0259si rayonlar\u0131nda da b\u0259l\u0259diyy\u0259 se\u00e7kil\u0259rin\u0259 start verilib. ARANTV.AZ\u00a0\u00a0Trend-\u0259 istinad\u0259n bildirir ki, s\u0259h\u0259r saat 8.00-dan etibar\u0259n b\u00f6lg\u0259y\u0259 daxil olan Balak\u0259n, Zaqatala, Qax, \u015e\u0259ki, O\u011fuz v\u0259 Q\u0259b\u0259l\u0259 rayonlar\u0131nda f\u0259aliyy\u0259t g\u00f6st\u0259r\u0259n 9 se\u00e7ki dair\u0259sinin 418 se\u00e7ki m\u0259nt\u0259q\u0259si qap\u0131lar\u0131n\u0131 se\u00e7icil\u0259rin \u00fcz\u00fcn\u0259 a\u00e7\u0131b. Dair\u0259 se\u00e7ki komissiyalar\u0131ndan veril\u0259n m\u0259lumata g\u00f6r\u0259, bu se\u00e7ki dair\u0259l\u0259ri&hellip;","_links":{"self":[{"href":"https:\/\/arantv.az\/index.php?rest_route=\/wp\/v2\/posts\/110386"}],"collection":[{"href":"https:\/\/arantv.az\/index.php?rest_route=\/wp\/v2\/posts"}],"about":[{"href":"https:\/\/arantv.az\/index.php?rest_route=\/wp\/v2\/types\/post"}],"author":[{"embeddable":true,"href":"https:\/\/arantv.az\/index.php?rest_route=\/wp\/v2\/users\/2"}],"replies":[{"embeddable":true,"href":"https:\/\/arantv.az\/index.php?rest_route=%2Fwp%2Fv2%2Fcomments&post=110386"}],"version-history":[{"count":0,"href":"https:\/\/arantv.az\/index.php?rest_route=\/wp\/v2\/posts\/110386\/revisions"}],"wp:featuredmedia":[{"embeddable":true,"href":"https:\/\/arantv.az\/index.php?rest_route=\/wp\/v2\/media\/110387"}],"wp:attachment":[{"href":"https:\/\/arantv.az\/index.php?rest_route=%2Fwp%2Fv2%2Fmedia&parent=110386"}],"wp:term":[{"taxonomy":"category","embeddable":true,"href":"https:\/\/arantv.az\/index.php?rest_route=%2Fwp%2Fv2%2Fcategories&post=110386"},{"taxonomy":"post_tag","embeddable":true,"href":"https:\/\/arantv.az\/index.php?rest_route=%2Fwp%2Fv2%2Ftags&post=110386"}],"curies":[{"name":"wp","href":"https:\/\/api.w.org\/{rel}","templated":true}]}}