{"id":110481,"date":"2019-12-23T10:22:50","date_gmt":"2019-12-23T07:22:50","guid":{"rendered":"http:\/\/arantv.az\/?p=110481"},"modified":"2019-12-23T10:22:50","modified_gmt":"2019-12-23T07:22:50","slug":"usaqlarimizi-yavas-yavas-%c9%99limizd%c9%99n-alan-s%c9%99b%c9%99b","status":"publish","type":"post","link":"https:\/\/arantv.az\/?p=110481","title":{"rendered":"U\u015faqlar\u0131m\u0131z\u0131 yava\u015f-yava\u015f \u0259limizd\u0259n alan s\u0259b\u0259b"},"content":{"rendered":"<p>Kolorado Universitetinin aliml\u0259ri atmosferd\u0259ki karbon qaz\u0131n\u0131n insanlar\u0131n intellektl\u0259rin\u0259 m\u0259nfi t\u0259sir g\u00f6st\u0259r\u0259 bil\u0259c\u0259yini s\u00fcbut edibl\u0259r.<\/p>\n<p>Bu bar\u0259d\u0259 Phys.org-da d\u0259rc olunan press-relizd\u0259 bildirilir.<\/p>\n<p>T\u0259dqiqat\u00e7\u0131lar artan karbon dioksid s\u0259viyy\u0259sinin sinifd\u0259 u\u015faqlar\u0131n t\u0259hsilin\u0259 nec\u0259 t\u0259sir etdiyini ara\u015fd\u0131r\u0131blar. \u018fvv\u0259lki t\u0259cr\u00fcb\u0259l\u0259r g\u00f6st\u0259rirdi ki, qaz\u0131n y\u00fcks\u0259k konsentrasiyas\u0131, h\u0259qiq\u0259t\u0259n, zehni qabiliyy\u0259tl\u0259r\u0259 t\u0259sir g\u00f6st\u0259rir, lakin ota\u011f\u0131 havaland\u0131rmaqla problem asanl\u0131qla h\u0259ll edil\u0259 bil\u0259r.<\/p>\n<p>Ancaq\u00a0t\u0259rkibind\u0259 \u00e7ox miqdarda karbon qaz\u0131 olan t\u0259miz havan\u0131n t\u0259siri m\u0259lum deyildi.<\/p>\n<p>M\u00fct\u0259x\u0259ssisl\u0259r iki ssenarini n\u0259z\u0259rd\u0259n ke\u00e7iribl\u0259r. Birincid\u0259\u00a0b\u0259\u015f\u0259riyy\u0259t atmosfer\u0259 at\u0131lan istixana qaz\u0131n\u0131n miqdar\u0131n\u0131 azald\u0131r, ikincid\u0259\u00a0tullant\u0131lar d\u0259yi\u015fm\u0259z olaraq qal\u0131r. M\u0259lum olub ki, h\u0259r bir halda u\u015faqlar\u0131n zehni qabiliyy\u0259ti azal\u0131r. Aliml\u0259rin proqnozlar\u0131na g\u00f6r\u0259, 2100-c\u00fc\u00a0il\u0259 q\u0259d\u0259r intellektin azalmas\u0131 \u0259n yax\u015f\u0131 halda 25 faiz, \u0259n pis halda is\u0259 50 faiz olacaq.<\/p>\n<p>Qeyd ed\u0259k ki, intellekt s\u0259viyy\u0259sinin azalmas\u0131 insan\u0131n s\u0259rb\u0259st h\u0259r\u0259k\u0259tin\u0259, d\u00fc\u015f\u00fcnm\u0259sin\u0259, i\u015f qabiliyy\u0259tin\u0259 b\u00f6y\u00fck \u00f6l\u00e7\u00fcd\u0259 t\u0259sir g\u00f6st\u0259rir. Y\u0259ni\u00a0g\u0259l\u0259c\u0259k n\u0259sild\u0259 do\u011fulacaq u\u015faqlar\u00a0dolay\u0131s\u0131 il\u0259 yuxar\u0131da sadalananlarla \u00fczl\u0259\u015fm\u0259k n\u0259cburiyy\u0259tind\u0259 qalacaqlar.<\/p>\n","protected":false},"excerpt":{"rendered":"<p>Kolorado Universitetinin aliml\u0259ri atmosferd\u0259ki karbon qaz\u0131n\u0131n insanlar\u0131n intellektl\u0259rin\u0259 m\u0259nfi t\u0259sir g\u00f6st\u0259r\u0259 bil\u0259c\u0259yini s\u00fcbut edibl\u0259r. Bu bar\u0259d\u0259 Phys.org-da d\u0259rc olunan press-relizd\u0259 bildirilir. T\u0259dqiqat\u00e7\u0131lar artan karbon dioksid s\u0259viyy\u0259sinin sinifd\u0259 u\u015faqlar\u0131n t\u0259hsilin\u0259 nec\u0259 t\u0259sir etdiyini ara\u015fd\u0131r\u0131blar. \u018fvv\u0259lki t\u0259cr\u00fcb\u0259l\u0259r g\u00f6st\u0259rirdi ki, qaz\u0131n y\u00fcks\u0259k konsentrasiyas\u0131, h\u0259qiq\u0259t\u0259n, zehni qabiliyy\u0259tl\u0259r\u0259 t\u0259sir g\u00f6st\u0259rir, lakin ota\u011f\u0131 havaland\u0131rmaqla problem asanl\u0131qla h\u0259ll edil\u0259 bil\u0259r. Ancaq\u00a0t\u0259rkibind\u0259 \u00e7ox miqdarda karbon qaz\u0131 olan t\u0259miz havan\u0131n t\u0259siri m\u0259lum deyildi. M\u00fct\u0259x\u0259ssisl\u0259r iki ssenarini n\u0259z\u0259rd\u0259n ke\u00e7iribl\u0259r. Birincid\u0259\u00a0b\u0259\u015f\u0259riyy\u0259t atmosfer\u0259 at\u0131lan istixana qaz\u0131n\u0131n miqdar\u0131n\u0131 azald\u0131r, ikincid\u0259\u00a0tullant\u0131lar d\u0259yi\u015fm\u0259z olaraq qal\u0131r. M\u0259lum olub ki, h\u0259r bir halda u\u015faqlar\u0131n zehni qabiliyy\u0259ti azal\u0131r.&hellip;<\/p>\n","protected":false},"author":2,"featured_media":110482,"comment_status":"closed","ping_status":"closed","sticky":false,"template":"","format":"standard","meta":{"om_disable_all_campaigns":false,"_monsterinsights_skip_tracking":false,"_monsterinsights_sitenote_active":false,"_monsterinsights_sitenote_note":"","_monsterinsights_sitenote_category":0},"categories":[24],"tags":[],"aioseo_notices":[],"gutentor_comment":0,"rttpg_featured_image_url":{"full":["https:\/\/arantv.az\/wp-content\/uploads\/2019\/12\/838_gettyimages-477668499.jpg",620,414,false],"landscape":["https:\/\/arantv.az\/wp-content\/uploads\/2019\/12\/838_gettyimages-477668499.jpg",620,414,false],"portraits":["https:\/\/arantv.az\/wp-content\/uploads\/2019\/12\/838_gettyimages-477668499.jpg",620,414,false],"thumbnail":["https:\/\/arantv.az\/wp-content\/uploads\/2019\/12\/838_gettyimages-477668499-150x150.jpg",150,150,true],"medium":["https:\/\/arantv.az\/wp-content\/uploads\/2019\/12\/838_gettyimages-477668499-300x200.jpg",300,200,true],"large":["https:\/\/arantv.az\/wp-content\/uploads\/2019\/12\/838_gettyimages-477668499.jpg",620,414,false],"1536x1536":["https:\/\/arantv.az\/wp-content\/uploads\/2019\/12\/838_gettyimages-477668499.jpg",620,414,false],"2048x2048":["https:\/\/arantv.az\/wp-content\/uploads\/2019\/12\/838_gettyimages-477668499.jpg",620,414,false],"post-thumbnail":["https:\/\/arantv.az\/wp-content\/uploads\/2019\/12\/838_gettyimages-477668499-240x172.jpg",240,172,true],"advps-thumb-one":["https:\/\/arantv.az\/wp-content\/uploads\/2019\/12\/838_gettyimages-477668499.jpg",620,414,false]},"rttpg_author":{"display_name":"V\u00fcsal Rafiqo\u011flu","author_link":"https:\/\/arantv.az\/?author=2"},"rttpg_comment":0,"rttpg_category":"<a href=\"https:\/\/arantv.az\/?cat=24\" rel=\"category\">Maraql\u0131<\/a>","rttpg_excerpt":"Kolorado Universitetinin aliml\u0259ri atmosferd\u0259ki karbon qaz\u0131n\u0131n insanlar\u0131n intellektl\u0259rin\u0259 m\u0259nfi t\u0259sir g\u00f6st\u0259r\u0259 bil\u0259c\u0259yini s\u00fcbut edibl\u0259r. Bu bar\u0259d\u0259 Phys.org-da d\u0259rc olunan press-relizd\u0259 bildirilir. T\u0259dqiqat\u00e7\u0131lar artan karbon dioksid s\u0259viyy\u0259sinin sinifd\u0259 u\u015faqlar\u0131n t\u0259hsilin\u0259 nec\u0259 t\u0259sir etdiyini ara\u015fd\u0131r\u0131blar. \u018fvv\u0259lki t\u0259cr\u00fcb\u0259l\u0259r g\u00f6st\u0259rirdi ki, qaz\u0131n y\u00fcks\u0259k konsentrasiyas\u0131, h\u0259qiq\u0259t\u0259n, zehni qabiliyy\u0259tl\u0259r\u0259 t\u0259sir g\u00f6st\u0259rir, lakin ota\u011f\u0131 havaland\u0131rmaqla problem asanl\u0131qla h\u0259ll edil\u0259 bil\u0259r. Ancaq\u00a0t\u0259rkibind\u0259 \u00e7ox&hellip;","_links":{"self":[{"href":"https:\/\/arantv.az\/index.php?rest_route=\/wp\/v2\/posts\/110481"}],"collection":[{"href":"https:\/\/arantv.az\/index.php?rest_route=\/wp\/v2\/posts"}],"about":[{"href":"https:\/\/arantv.az\/index.php?rest_route=\/wp\/v2\/types\/post"}],"author":[{"embeddable":true,"href":"https:\/\/arantv.az\/index.php?rest_route=\/wp\/v2\/users\/2"}],"replies":[{"embeddable":true,"href":"https:\/\/arantv.az\/index.php?rest_route=%2Fwp%2Fv2%2Fcomments&post=110481"}],"version-history":[{"count":0,"href":"https:\/\/arantv.az\/index.php?rest_route=\/wp\/v2\/posts\/110481\/revisions"}],"wp:featuredmedia":[{"embeddable":true,"href":"https:\/\/arantv.az\/index.php?rest_route=\/wp\/v2\/media\/110482"}],"wp:attachment":[{"href":"https:\/\/arantv.az\/index.php?rest_route=%2Fwp%2Fv2%2Fmedia&parent=110481"}],"wp:term":[{"taxonomy":"category","embeddable":true,"href":"https:\/\/arantv.az\/index.php?rest_route=%2Fwp%2Fv2%2Fcategories&post=110481"},{"taxonomy":"post_tag","embeddable":true,"href":"https:\/\/arantv.az\/index.php?rest_route=%2Fwp%2Fv2%2Ftags&post=110481"}],"curies":[{"name":"wp","href":"https:\/\/api.w.org\/{rel}","templated":true}]}}